{"id":278572,"date":"2025-07-19T21:43:10","date_gmt":"2025-07-19T21:43:10","guid":{"rendered":"https:\/\/www.europesays.com\/de\/278572\/"},"modified":"2025-07-19T21:43:10","modified_gmt":"2025-07-19T21:43:10","slug":"das-aendert-sich-im-hotel-zeller-in-koenigsbrunn","status":"publish","type":"post","link":"https:\/\/www.europesays.com\/de\/278572\/","title":{"rendered":"Das \u00e4ndert sich im Hotel Zeller in K\u00f6nigsbrunn"},"content":{"rendered":"<p class=\"mb-6 text-xs md:text-m lg:text-l font-serif group-[.font-sans]:font-sans \">\n    Alteingesessen w\u00e4re eine Untertreibung. Das Hotel Zeller ist in <a href=\"https:\/\/www.augsburger-allgemeine.de\/schwabmuenchen\/ort\/koenigsbrunn\" target=\"_self\" class=\"underline \" rel=\"nofollow noopener\">K\u00f6nigsbrunn<\/a> eine Institution. Schon 1919 begr\u00fc\u00dfte Josefa Oswald, Vorfahrin der heutigen Betreiber, hier G\u00e4ste. Ein halbes Jahrhundert sp\u00e4ter wurde aus dem Gasthaus \u201eZum Goldenen Hirschen\u201c das Hotel Zeller. Jetzt soll es als Zeller&#8217;s Quartier mit dem vor Kurzem er\u00f6ffneten Restaurant Cervus in neuem Glanz erstrahlen. Wie l\u00e4uft es im Endspurt des Umbaus?\n  <\/p>\n<ul data-module-id=\"DragDropModule\" class=\"flex flex-wrap justify-start group-[.no-bookmarks]:hidden\">\n<li class=\"mb-3 mr-3\">\n    Marco Keitel<\/p>\n<p>      Icon Haken im Kreis gesetzt<\/p>\n<p>      Icon Plus im Kreis<\/p>\n<\/li>\n<li class=\"mb-3 mr-3\">\n    K\u00f6nigsbrunn<\/p>\n<p>      Icon Haken im Kreis gesetzt<\/p>\n<p>      Icon Plus im Kreis<\/p>\n<\/li>\n<li class=\"mb-3 mr-3\">\n    Restaurant<\/p>\n<p>      Icon Haken im Kreis gesetzt<\/p>\n<p>      Icon Plus im Kreis<\/p>\n<\/li>\n<\/ul>\n","protected":false},"excerpt":{"rendered":"Alteingesessen w\u00e4re eine Untertreibung. Das Hotel Zeller ist in K\u00f6nigsbrunn eine Institution. Schon 1919 begr\u00fc\u00dfte Josefa Oswald, Vorfahrin&hellip;\n","protected":false},"author":2,"featured_media":278573,"comment_status":"","ping_status":"","sticky":false,"template":"","format":"standard","meta":{"footnotes":""},"categories":[1846],"tags":[680,772,3364,29,548,663,3934,30,13,14,15,12],"class_list":{"0":"post-278572","1":"post","2":"type-post","3":"status-publish","4":"format-standard","5":"has-post-thumbnail","7":"category-augsburg","8":"tag-augsburg","9":"tag-bayern","10":"tag-de","11":"tag-deutschland","12":"tag-eu","13":"tag-europa","14":"tag-europe","15":"tag-germany","16":"tag-headlines","17":"tag-nachrichten","18":"tag-news","19":"tag-schlagzeilen"},"share_on_mastodon":{"url":"https:\/\/pubeurope.com\/@de\/114882085136980803","error":""},"_links":{"self":[{"href":"https:\/\/www.europesays.com\/de\/wp-json\/wp\/v2\/posts\/278572","targetHints":{"allow":["GET"]}}],"collection":[{"href":"https:\/\/www.europesays.com\/de\/wp-json\/wp\/v2\/posts"}],"about":[{"href":"https:\/\/www.europesays.com\/de\/wp-json\/wp\/v2\/types\/post"}],"author":[{"embeddable":true,"href":"https:\/\/www.europesays.com\/de\/wp-json\/wp\/v2\/users\/2"}],"replies":[{"embeddable":true,"href":"https:\/\/www.europesays.com\/de\/wp-json\/wp\/v2\/comments?post=278572"}],"version-history":[{"count":0,"href":"https:\/\/www.europesays.com\/de\/wp-json\/wp\/v2\/posts\/278572\/revisions"}],"wp:featuredmedia":[{"embeddable":true,"href":"https:\/\/www.europesays.com\/de\/wp-json\/wp\/v2\/media\/278573"}],"wp:attachment":[{"href":"https:\/\/www.europesays.com\/de\/wp-json\/wp\/v2\/media?parent=278572"}],"wp:term":[{"taxonomy":"category","embeddable":true,"href":"https:\/\/www.europesays.com\/de\/wp-json\/wp\/v2\/categories?post=278572"},{"taxonomy":"post_tag","embeddable":true,"href":"https:\/\/www.europesays.com\/de\/wp-json\/wp\/v2\/tags?post=278572"}],"curies":[{"name":"wp","href":"https:\/\/api.w.org\/{rel}","templated":true}]}}