{"id":278598,"date":"2025-07-19T21:58:14","date_gmt":"2025-07-19T21:58:14","guid":{"rendered":"https:\/\/www.europesays.com\/de\/278598\/"},"modified":"2025-07-19T21:58:14","modified_gmt":"2025-07-19T21:58:14","slug":"massive-attack-kuendigt-netzwerk-gegen-israels-gaza-kurs-an","status":"publish","type":"post","link":"https:\/\/www.europesays.com\/de\/278598\/","title":{"rendered":"Massive Attack k\u00fcndigt Netzwerk gegen Israels Gaza-Kurs an"},"content":{"rendered":"<p class=\"mb-6 text-xs md:text-m lg:text-l font-serif group-[.font-sans]:font-sans \">\n    Die propal\u00e4stinensischen Bands und Musiker Massive Attack, Brian Eno, Fontaines D.C. und Kneecap haben die Gr\u00fcndung eines Netzwerks zum gemeinsamen Protest gegen Israel angek\u00fcndigt. Ein Ziel ist der Ank\u00fcndigung bei Instagram zufolge auch, anderen K\u00fcnstler gegen \u00abaggressive, schikan\u00f6se Kampagnen\u00bb wegen der politischen Einstellung zu unterst\u00fctzen.\n  <\/p>\n<p class=\"mb-6 text-xs md:text-m lg:text-l font-serif group-[.font-sans]:font-sans \">\n    Die Musiker wiederholten zudem ihren Vorwurf, Israel betreibe einen \u00abGenozid\u00bb im Gaza-Krieg. Die israelische Regierung hat \u00e4hnliche Vorw\u00fcrfe stets strikt zur\u00fcckgewiesen.\n  <\/p>\n<p class=\"mb-6 text-xs md:text-m lg:text-l font-serif group-[.font-sans]:font-sans \">\n    Hintergrund der Ank\u00fcndigung sind mehrere Protestaktionen der Musiker in den vergangenen Wochen und Monaten insbesondere in Gro\u00dfbritannien. Ein Rapper des irischen Hip-Hop-Trios Kneecap muss sich deshalb vor Gericht verantworten, er ist wegen einer terroristischen Straftat angeklagt, weil er bei einem Konzert in London eine Hisbollah-Flagge gezeigt haben soll.\n  <\/p>\n<p>            Auftritte in Deutschland abgesagt<\/p>\n<p class=\"mb-6 text-xs md:text-m lg:text-l font-serif group-[.font-sans]:font-sans \">\n    Auch die Band Bob Vylan steht im Zentrum polizeilicher Ermittlungen, weil ein Mitglied auf der B\u00fchne des Glastonbury-Festivals gerufen hatte: \u00abDeath, death to the IDF\u00bb (Tod den israelischen Streitkr\u00e4ften). In Deutschland wurden deshalb die Auftritte des britischen Duos als Vorband einer anderen Gruppe abgesagt.\n  <\/p>\n<p class=\"mb-6 text-xs md:text-m lg:text-l font-serif group-[.font-sans]:font-sans \">\n    Die britischen und irischen Musiker des neuen Netzwerks bekr\u00e4ftigten in der Ank\u00fcndigung ihre Forderung nach einer sofortigen Waffenruhe im Gaza-Krieg sowie der Einstellung der Unterst\u00fctzung Israels durch die britische Regierung. \u00abEs ist nie zu sp\u00e4t, der Bewegung beizutreten\u00bb, hei\u00dft es in der Stellungnahme.\n  <\/p>\n<ul data-module-id=\"DragDropModule\" class=\"flex flex-wrap justify-start group-[.no-bookmarks]:hidden\">\n<li class=\"mb-3 mr-3\">\n    Netzwerk<\/p>\n<p>      Icon Haken im Kreis gesetzt<\/p>\n<p>      Icon Plus im Kreis<\/p>\n<\/li>\n<li class=\"mb-3 mr-3\">\n    Instagram<\/p>\n<p>      Icon Haken im Kreis gesetzt<\/p>\n<p>      Icon Plus im Kreis<\/p>\n<\/li>\n<li class=\"mb-3 mr-3\">\n    Deutschland<\/p>\n<p>      Icon Haken im Kreis gesetzt<\/p>\n<p>      Icon Plus im Kreis<\/p>\n<\/li>\n<\/ul>\n","protected":false},"excerpt":{"rendered":"Die propal\u00e4stinensischen Bands und Musiker Massive Attack, Brian Eno, Fontaines D.C. und Kneecap haben die Gr\u00fcndung eines Netzwerks&hellip;\n","protected":false},"author":2,"featured_media":278599,"comment_status":"","ping_status":"","sticky":false,"template":"","format":"standard","meta":{"footnotes":""},"categories":[3976],"tags":[331,332,13,14,15,12,3992,3993,3994,3995,3996,3997],"class_list":{"0":"post-278598","1":"post","2":"type-post","3":"status-publish","4":"format-standard","5":"has-post-thumbnail","7":"category-vereinigtes-koenigreich","8":"tag-aktuelle-nachrichten","9":"tag-aktuelle-news","10":"tag-headlines","11":"tag-nachrichten","12":"tag-news","13":"tag-schlagzeilen","14":"tag-uk","15":"tag-united-kingdom","16":"tag-united-kingdom-of-great-britain-and-northern-ireland","17":"tag-vereinigtes-koenigreich","18":"tag-vereinigtes-koenigreich-grossbritannien-und-nordirland","19":"tag-vereinigtes-koenigreich-von-grossbritannien-und-nordirland"},"share_on_mastodon":{"url":"https:\/\/pubeurope.com\/@de\/114882145596849149","error":""},"_links":{"self":[{"href":"https:\/\/www.europesays.com\/de\/wp-json\/wp\/v2\/posts\/278598","targetHints":{"allow":["GET"]}}],"collection":[{"href":"https:\/\/www.europesays.com\/de\/wp-json\/wp\/v2\/posts"}],"about":[{"href":"https:\/\/www.europesays.com\/de\/wp-json\/wp\/v2\/types\/post"}],"author":[{"embeddable":true,"href":"https:\/\/www.europesays.com\/de\/wp-json\/wp\/v2\/users\/2"}],"replies":[{"embeddable":true,"href":"https:\/\/www.europesays.com\/de\/wp-json\/wp\/v2\/comments?post=278598"}],"version-history":[{"count":0,"href":"https:\/\/www.europesays.com\/de\/wp-json\/wp\/v2\/posts\/278598\/revisions"}],"wp:featuredmedia":[{"embeddable":true,"href":"https:\/\/www.europesays.com\/de\/wp-json\/wp\/v2\/media\/278599"}],"wp:attachment":[{"href":"https:\/\/www.europesays.com\/de\/wp-json\/wp\/v2\/media?parent=278598"}],"wp:term":[{"taxonomy":"category","embeddable":true,"href":"https:\/\/www.europesays.com\/de\/wp-json\/wp\/v2\/categories?post=278598"},{"taxonomy":"post_tag","embeddable":true,"href":"https:\/\/www.europesays.com\/de\/wp-json\/wp\/v2\/tags?post=278598"}],"curies":[{"name":"wp","href":"https:\/\/api.w.org\/{rel}","templated":true}]}}