{"id":278678,"date":"2025-07-19T22:46:59","date_gmt":"2025-07-19T22:46:59","guid":{"rendered":"https:\/\/www.europesays.com\/de\/278678\/"},"modified":"2025-07-19T22:46:59","modified_gmt":"2025-07-19T22:46:59","slug":"was-wir-lesen-was-wir-schauen-122","status":"publish","type":"post","link":"https:\/\/www.europesays.com\/de\/278678\/","title":{"rendered":"Was wir lesen, was wir schauen (122)"},"content":{"rendered":"<p>20.07.25 &#8211; <strong>Siegfried Lenz\u2019 Erz\u00e4hlband &#8222;So z\u00e4rtlich war Suleyken&#8220; erschien 1955 und ist eine der poetischsten und gleichzeitig verschmitztesten Arbeiten des Autors. Die Erz\u00e4hlungen lesen sich mit gro\u00dfer Leichtigkeit und haben doch einen melancholischen Unterstrom. &#8222;Suleyken&#8220; kommt freundlich daher, und beinahe k\u00f6nnte man dabei \u00fcbersehen, wie ernst es dem Text ist.<\/strong><br \/>&#13;\n<\/p>\n<p><strong><a class=\"fancybox\" data-fancybox=\"galerie\" data-caption=\"\u00a9 Fischer Verlag - Cover \u201eSo z\u00e4rtlich war Suleyken\u201c \" rel=\"on_group nofollow noopener\" title=\"\u00a9 Fischer Verlag - Cover \u201eSo z\u00e4rtlich war Suleyken\u201c \" href=\"https:\/\/oshessen-news.b-cdn.net\/images\/25\/07\/xl\/11779189-11779189-02-cover-suleyken-16x9.jpg\" target=\"_blank\"><img decoding=\"async\" class=\"img220 imgh159 imgbdr\" src=\"https:\/\/www.europesays.com\/de\/wp-content\/uploads\/2025\/07\/11779189-11779189-02-cover-suleyken-16x9.jpg\"\/><\/a><\/p>\n<p class=\"img-text\">Cover \u201eSo z\u00e4rtlich war Suleyken\u201c  \u00a9 Fischer Verlag<\/p>\n<p>Ein ostpreu\u00dfisches Idyll \u2013 auf den zweiten Blick<\/p>\n<p><\/strong><br \/>\nIn den lose miteinander verbundenen Erz\u00e4hlungen entwirft Lenz das fiktive Dorf Suleyken in Masuren, das \u2013 so hei\u00dft es \u2013 &#8222;nicht auf der Landkarte zu finden&#8220; sei, aber dennoch &#8222;ganz bestimmt existiert&#8220;. In dieser poetischen Konstruktion begegnen wir einer Reihe verschrobener, warmherziger und gelegentlich ziemlich skurriler Dorfbewohner. Lenz\u2018 Ton ist liebe- und humorvoll, manchmal lakonisch, und immer menschenfreundlich. Die Geschichten erinnern an Anekdoten, sie werden von einem Ich-Erz\u00e4hler erz\u00e4hlt, der sich an seine Besuche in Suleyken erinnert. Wer nun aber glaubt, man habe hier folkloristisch-r\u00fchrselige Kost analog eines \u00c4quivalents zum Musikantenstadl vor sich, verkennt die Tiefenschicht des Buches. Denn Lenz unternimmt hier den Versuch, in der Form einer heiteren Heimatidylle das literarisch zu bewahren, was l\u00e4ngst untergegangen ist. Sp\u00e4testens mit dem Zweiten Weltkrieg und der Vertreibung und Flucht der deutschen Bev\u00f6lkerung aus Ostpreu\u00dfen war damit Schluss. Die Figuren, Orte und Situationen sind erfunden, aber die Wehmut, mit der sie beschrieben werden, ist echt.<br \/>\n<strong><a class=\"fancybox\" data-fancybox=\"galerie\" data-caption=\" Wikipedia \/ Bundesarchiv, B 145 Bild-F030757-0015 \/ Schaack, Lothar \/ CC-BY-SA 3.0, CC BY-SA 3.0 de - Siegfried Lenz (1969)\" rel=\"on_group nofollow noopener\" title=\" Wikipedia \/ Bundesarchiv, B 145 Bild-F030757-0015 \/ Schaack, Lothar \/ CC-BY-SA 3.0, CC BY-SA 3.0 de - Siegfried Lenz (1969)\" href=\"https:\/\/oshessen-news.b-cdn.net\/images\/25\/07\/xl\/11779189-11779189-03-bundesarchiv-b-145-bild-f030757-0015-siegfried-lenz-16x9.jpg\" target=\"_blank\"><img decoding=\"async\" class=\"img220 imgh159 imgbdr\" src=\"https:\/\/www.europesays.com\/de\/wp-content\/uploads\/2025\/07\/11779189-11779189-03-bundesarchiv-b-145-bild-f030757-0015-siegfried-lenz-16x9.jpg\"\/><\/a><\/p>\n<p class=\"img-text\">Siegfried Lenz (1969)  Wikipedia \/ Bundesarchiv, B 145 Bild-F030757-0015 \/ Schaack, Lothar \/ CC-BY-SA 3.0, CC BY-SA 3.0 de<\/p>\n<p><a class=\"fancybox\" data-fancybox=\"galerie\" data-caption=\"\u00a9 Wikipedia \/ I. Schorle, CC BY-SA 3.0 - Am Niederseee (Ruciane-Nida) \" rel=\"on_group nofollow noopener\" title=\"\u00a9 Wikipedia \/ I. Schorle, CC BY-SA 3.0 - Am Niederseee (Ruciane-Nida) \" href=\"https:\/\/oshessen-news.b-cdn.net\/images\/25\/07\/xl\/11779189-04-ruciane-nida.jpg\" target=\"_blank\"><img decoding=\"async\" class=\"img220 imgh159 imgbdr\" src=\"https:\/\/www.europesays.com\/de\/wp-content\/uploads\/2025\/07\/11779189-04-ruciane-nida.jpg\"\/><\/a><\/p>\n<p class=\"img-text\">Am Niederseee (Ruciane-Nida)  \u00a9 Wikipedia \/ I. Schorle, CC BY-SA 3.0<\/p>\n<p><a class=\"fancybox\" data-fancybox=\"galerie\" data-caption=\" \u00a9 Wikipedia \/ Semu, CC BY-SA 4.0 - Masurische Seenplatte, hier der Goldaper See (Goldopiwo) \" rel=\"on_group nofollow noopener\" title=\" \u00a9 Wikipedia \/ Semu, CC BY-SA 4.0 - Masurische Seenplatte, hier der Goldaper See (Goldopiwo) \" href=\"https:\/\/oshessen-news.b-cdn.net\/images\/25\/07\/xl\/11779189-05-go-dapiwo1.jpg\" target=\"_blank\"><img decoding=\"async\" class=\"img220 imgh159 imgbdr\" src=\"https:\/\/www.europesays.com\/de\/wp-content\/uploads\/2025\/07\/11779189-05-go-dapiwo1.jpg\"\/><\/a><\/p>\n<p class=\"img-text\">Masurische Seenplatte, hier der Goldaper See (Goldopiwo)   \u00a9 Wikipedia \/ Semu, CC BY-SA 4.0<\/p>\n<p>Bedeutung im Werk von Lenz<\/p>\n<p><\/strong><br \/>\nLenz hat eigentlich sein ganzes Leben \u00fcber Schuld, Erinnerung, Identit\u00e4t und Heimat geschrieben \u2013 alles Themen, die sich in seinem Fr\u00fchwerk &#8222;So z\u00e4rtlich war Suleyken&#8220; in leiser, ironischer Form bereits ank\u00fcndigen. Man kann das Buch als Gegenpol lesen zu seinen sp\u00e4teren, politischeren Werken wie &#8222;Deutschstunde&#8220; (1968) oder &#8222;Heimatmuseum&#8220; (1978), in denen er dieselbe Thematik verhandelt, wenn auch mit gr\u00f6\u00dferer Dringlichkeit und Komplexit\u00e4t. &#8222;Suleyken&#8220; ist aber mehr als ein naiver Vorl\u00e4ufer. Ich sehe diese Erz\u00e4hlungen als subtiles erz\u00e4hlerisches Fundament seiner sp\u00e4teren Werke. Schon hier nutzt Lenz Sprache als Speicher kultureller Identit\u00e4t, und changiert zwischen Komik und Ernst, ohne je ins Banale zu kippen. Das verbindet &#8222;Suleyken&#8220; mit Lena Goreliks &#8222;Wer wir sind&#8220; (siehe unten): Ich bin, wie ich spreche \u2013 ich spreche, wie ich mich darstellen m\u00f6chte, meine Sprache bestimmt mein Sein. In meiner Sprache bewahre ich mich, meine Erinnerungen, meine Lebensgeschichte. <\/p>\n<p>Die zeitgen\u00f6ssische Rezeption war wohlwollend und zur\u00fcckhaltend, mir scheint, so recht wusste man mit diesem Werk nichts anzufangen. Das gilt auch f\u00fcr \u201aLiteraturpapst\u2018 Marcel Reich-Ranicki, der Lenz grunds\u00e4tzlich sch\u00e4tzte, die Suleyken-Geschichten aber &#8222;heiter und poetisch, aber nicht sehr tiefgr\u00fcndig&#8220; nannte \u2013 ein Urteil, das auch er heute so sicher nicht mehr f\u00e4llen w\u00fcrde. Hellmuth Karasek dagegen hob die &#8222;subversive Kraft des Humors&#8220; hervor, und schrieb 1981: &#8222;Lenz hat mit Suleyken einen Ort erschaffen, an dem die Vergangenheit nicht verkl\u00e4rt, sondern durch Erz\u00e4hlen gerettet wird.&#8220;<br \/>&#13;\n<\/p>\n<p><strong><a class=\"fancybox\" data-fancybox=\"galerie\" data-caption=\"\u00a9 Wikipedia \/ Leinadz2009, CC BY-SA 4.0 - \u00dcbergang zum L\u00f6tzener See (Niegocin) \" rel=\"on_group nofollow noopener\" title=\"\u00a9 Wikipedia \/ Leinadz2009, CC BY-SA 4.0 - \u00dcbergang zum L\u00f6tzener See (Niegocin) \" href=\"https:\/\/oshessen-news.b-cdn.net\/images\/25\/07\/xl\/11779189-06-jezioro-boczne-oraz-niegocin.jpg\" target=\"_blank\"><img decoding=\"async\" class=\"img220 imgh159 imgbdr\" src=\"https:\/\/www.europesays.com\/de\/wp-content\/uploads\/2025\/07\/11779189-06-jezioro-boczne-oraz-niegocin.jpg\"\/><\/a><\/p>\n<p class=\"img-text\">\u00dcbergang zum L\u00f6tzener See (Niegocin)  \u00a9 Wikipedia \/ Leinadz2009, CC BY-SA 4.0<\/p>\n<p><a class=\"fancybox\" data-fancybox=\"galerie\" data-caption=\"\u00a9 Wikipedia \/ Yapo, CC BY 1.0 - Der noch existierende Urwald von Bialowieza \" rel=\"on_group nofollow noopener\" title=\"\u00a9 Wikipedia \/ Yapo, CC BY 1.0 - Der noch existierende Urwald von Bialowieza \" href=\"https:\/\/oshessen-news.b-cdn.net\/images\/25\/07\/xl\/11779189-07-bialowieza.jpg\" target=\"_blank\"><img decoding=\"async\" class=\"img220 imgh159 imgbdr\" src=\"https:\/\/www.europesays.com\/de\/wp-content\/uploads\/2025\/07\/11779189-07-bialowieza.jpg\"\/><\/a><\/p>\n<p class=\"img-text\">Der noch existierende Urwald von Bialowieza  \u00a9 Wikipedia \/ Yapo, CC BY 1.0<\/p>\n<p><a class=\"fancybox\" data-fancybox=\"galerie\" data-caption=\"\u00a9 Wikipedia \/ Matthias Bethke, CC BY-SA 4.0 - Die Wallfahrtskirche Heilige Linde (\u015awi\u0119ta Lipka) \" rel=\"on_group nofollow noopener\" title=\"\u00a9 Wikipedia \/ Matthias Bethke, CC BY-SA 4.0 - Die Wallfahrtskirche Heilige Linde (\u015awi\u0119ta Lipka) \" href=\"https:\/\/oshessen-news.b-cdn.net\/images\/25\/07\/xl\/11779189-08-wallfahrtskirche-s-wie-ta-lipka-heiligelinde-.jpg\" target=\"_blank\"><img decoding=\"async\" class=\"img220 imgh159 imgbdr\" src=\"https:\/\/www.europesays.com\/de\/wp-content\/uploads\/2025\/07\/11779189-08-wallfahrtskirche-s-wie-ta-lipka-heiligelinde-.jpg\"\/><\/a><\/p>\n<p class=\"img-text\">Die Wallfahrtskirche Heilige Linde (\u015awi\u0119ta Lipka)  \u00a9 Wikipedia \/ Matthias Bethke, CC BY-SA 4.0<\/p>\n<p>Ein Meisterwerk der deutschen Nachkriegsliteratur<\/p>\n<p><\/strong><br \/>\nHeute wird &#8222;So z\u00e4rtlich war Suleyken&#8220; oft als Beispiel f\u00fcr die literarische Verarbeitung von Heimatverlust in der Nachkriegsliteratur gelesen. Das Buch nimmt in diesem Genre einen besonderen Platz ein: Lenz setzt ein sprachliches Mahnmal f\u00fcr eine untergegangene Welt \u2013 aber eben nicht klagend, sondern erz\u00e4hlend. In der deutschen Nachkriegsliteratur ist und bleibt das Buch ein Solit\u00e4r. Es ist nicht Teil der intellektuellen Abrechnung der Gruppe 47, es geh\u00f6rt nicht zur Tr\u00fcmmerliteratur der sp\u00e4ten 1940er Jahre. Deren Autoren wie Heinrich B\u00f6ll, Wolfgang Borchert oder Ingeborg Bachmann arbeiteten mit einer in der Regel kargen und ungesch\u00f6nten Sprache, in ihren Werken geht es um Gesellschaftskritik, Krieg, Schuld und Zerst\u00f6rung,<\/p>\n<p>Lenz w\u00e4hlt die heitere Maske. Er liefert weder Ankl\u00e4nge an die unselige Blut- und Bodenromantik, es gibt hier auch keine revisionistische Heimatt\u00fcmelei. Lenz erinnert ohne Anklage, er bewahrt ohne Verkl\u00e4rung. Hinter der komischen \u00dcberzeichnung und liebensw\u00fcrdigen Exzentrik der Suleyken-Bewohner steht die Erfahrung von Entwurzelung und Heimatverlust. Der Humor und auch die bewussten \u00dcbertreibungen verhindern das Abrutschen in nostalgische Sentimentalit\u00e4t, sind nat\u00fcrlich aber auch Mittel der Verarbeitung. Als Leser:in schmunzelt man mit Hamilkar Schass, Adolf Abromeit, Tante Arafa, Karl Kuckuck oder Katharina Knack \u2013 aber man macht sich nicht \u00fcber sie oder ihre Eigenheiten lustig. Man f\u00fchlt sich ihnen nahe.<br \/>&#13;\n<\/p>\n<p><strong><a class=\"fancybox\" data-fancybox=\"galerie\" data-caption=\"\u00a9 Wikipedia \/ G\u00fcnter R\u00e4der, CC BY-SA 3.0 - In der Rominter Heide \" rel=\"on_group nofollow noopener\" title=\"\u00a9 Wikipedia \/ G\u00fcnter R\u00e4der, CC BY-SA 3.0 - In der Rominter Heide \" href=\"https:\/\/oshessen-news.b-cdn.net\/images\/25\/07\/xl\/11779189-09-warnen-215.jpg\" target=\"_blank\"><img decoding=\"async\" class=\"img220 imgh159 imgbdr\" src=\"https:\/\/www.europesays.com\/de\/wp-content\/uploads\/2025\/07\/11779189-09-warnen-215.jpg\"\/><\/a><\/p>\n<p class=\"img-text\">In der Rominter Heide  \u00a9 Wikipedia \/ G\u00fcnter R\u00e4der, CC BY-SA 3.0<\/p>\n<p><a class=\"fancybox\" data-fancybox=\"galerie\" data-caption=\"\u00a9 Wikipedia \/ Adam Jones, Kelowna, BC, Canada 01, CC BY-SA 2.0 - Ruine von Hitlers Bunker in der Wolfsschanze \" rel=\"on_group nofollow noopener\" title=\"\u00a9 Wikipedia \/ Adam Jones, Kelowna, BC, Canada 01, CC BY-SA 2.0 - Ruine von Hitlers Bunker in der Wolfsschanze \" href=\"https:\/\/oshessen-news.b-cdn.net\/images\/25\/07\/xl\/11779189-10-hitler-s-bunker-wolfsschanze-wolf-s-lair-hitler-s-eastern-headquarters-gierloz-masuria-poland-01-28059735955-.jpg\" target=\"_blank\"><img decoding=\"async\" class=\"img220 imgh159 imgbdr\" src=\"https:\/\/www.europesays.com\/de\/wp-content\/uploads\/2025\/07\/11779189-10-hitler-s-bunker-wolfsschanze-wolf-s-lair-hitler-s-eastern-headquarters-gierloz-masuria-p.jpeg\"\/><\/a><\/p>\n<p class=\"img-text\">Ruine von Hitlers Bunker in der Wolfsschanze  \u00a9 Wikipedia \/ Adam Jones, Kelowna, BC, Canada 01, CC BY-SA 2.0<\/p>\n<p><a class=\"fancybox\" data-fancybox=\"galerie\" data-caption=\"\u00a9 Wikipedia \/Brunswyk, CC BY-SA 3.0 de - Gedenktafel f\u00fcr das Attentat vom 20. Juni 1944 auf der Wolfsschanze \" rel=\"on_group nofollow noopener\" title=\"\u00a9 Wikipedia \/Brunswyk, CC BY-SA 3.0 de - Gedenktafel f\u00fcr das Attentat vom 20. Juni 1944 auf der Wolfsschanze \" href=\"https:\/\/oshessen-news.b-cdn.net\/images\/25\/07\/xl\/11779189-11-wolfsschanze-gedenktafel-stauffenberg-attentat-2011-1-.jpg\" target=\"_blank\"><img decoding=\"async\" class=\"img220 imgh159 imgbdr\" src=\"https:\/\/www.europesays.com\/de\/wp-content\/uploads\/2025\/07\/11779189-11-wolfsschanze-gedenktafel-stauffenberg-attentat-2011-1-.jpg\"\/><\/a><\/p>\n<p class=\"img-text\">Gedenktafel f\u00fcr das Attentat vom 20. Juni 1944 auf der Wolfsschanze  \u00a9 Wikipedia \/Brunswyk, CC BY-SA 3.0 de<\/p>\n<p>Es war einmal \u2013 Masuren<\/p>\n<p><\/strong><br \/>\nLenz sagte \u00fcber seine Heimat, sie habe sozusagen im R\u00fccken der Geschichte gelegen: &#8222;Sie hat keine ber\u00fchmten Physiker hervorgebracht, keine Rollschuhmeister oder Pr\u00e4sidenten; was hier vielleicht gefunden wurde, war das unscheinbare Gold der menschlichen Gesellschaft: Holzarbeiter und Bauern, Fischer, Deputatarbeiter, kleine Handwerker und Besenbinder&#8220; (aus: &#8222;Diskrete Auskunft \u00fcber Masuren&#8220; \u2013 dem Nachwort zu den Erz\u00e4hlungen). Dieses Masuren, gelegen &#8222;im S\u00fcden Ostpreu\u00dfens, zwischen Torfmooren und sandiger \u00d6de, zwischen verborgenen Seen und Kiefernw\u00e4ldern (\u2026) war eine Mischung aus pruzzischen Elementen und polnischen, aus brandenburgischen, salzburgischen und russischen&#8220;, so Lenz weiter. Die Menschen dort &#8222;besa\u00dfen eine Seele, zu deren Eigenarten blitzhafte Schl\u00e4ue und schwerf\u00e4llige T\u00fccke, tapsige Z\u00e4rtlichkeit und eine r\u00fchrende Geduld&#8220; geh\u00f6rten. Sch\u00f6ner und genauer kann man dieses wunderbare Buch nicht beschreiben. <\/p>\n<p>&#8222;So z\u00e4rtlich war Suleyken&#8220; ist ein stilles und begl\u00fcckendes Meisterwerk, in dem sich der damals noch keine 30 Jahre alte Lenz als meisterhafter Erz\u00e4hler zeigt. Die Geschichten kann man durchaus als Manifest der Z\u00e4rtlichkeit in rauen Zeiten lesen. Noch dazu spielen sie in einer Gegend, die durch den &#8222;Reichsj\u00e4germeister&#8220; G\u00f6ring und seine Jagden auf wei\u00dfe Hirsche \u00fcbelst in Verruf geriet. Ein kleiner Tipp zum Schluss: Lesen Sie sich die Geschichten laut vor, denn die lautmalerische und klangliche Sch\u00f6nheit von Lenz\u2018 Sprache er\u00f6ffnet sich erst dann so ganz. (Jutta Hamberger) +++<\/p>\n<p>            <strong>Was wir lesen, was wir schaun<\/strong> &#8211; weitere Artikel<\/p>\n<p>                <a target=\"_blank\" style=\"text-decoration: none;\" href=\"https:\/\/osthessen-news.de\/n11778596\/lena-gorelik-wer-wir-sind-liebeserklarung-zwischen-sprachen-und-landern.html\" title=\"Lena Gorelik, Wer wir sind - Liebeserkl\u00e4rung zwischen Sprachen und L\u00e4ndern\" rel=\"nofollow noopener\"><\/p>\n<p>                                                    <img decoding=\"async\" src=\"https:\/\/www.europesays.com\/de\/wp-content\/uploads\/2025\/07\/1752965175_605_11778596-01-header-img-1651.jpeg\" alt=\"\" width=\"160\"\/><\/p>\n<p>\n                        FULDA &#8211; 06.07.2025\n                    <\/p>\n<p>                    Was wir lesen, was wir schauen (121)<br \/>\n                    Lena Gorelik, Wer wir sind &#8211; Liebeserkl\u00e4rung zwischen Sprachen und L\u00e4ndern<br \/>\n                <\/a><\/p>\n<p>                <a target=\"_blank\" style=\"text-decoration: none;\" href=\"https:\/\/osthessen-news.de\/n11777777\/thomas-mann-der-zauberberg-verneigung-vor-dem-zauberer.html\" title=\"Thomas Mann, Der Zauberberg - Verneigung vor dem Zauberer\" rel=\"nofollow noopener\"><\/p>\n<p>                                                    <img decoding=\"async\" src=\"https:\/\/www.europesays.com\/de\/wp-content\/uploads\/2025\/07\/1752965176_134_11777777-01-header-davos-im-schnee-wiki.jpg\" alt=\"\" width=\"160\"\/><\/p>\n<p>\n                        FULDA &#8211; 22.06.2025\n                    <\/p>\n<p>                    Was wir lesen, was wir schauen (120)<br \/>\n                    Thomas Mann, Der Zauberberg &#8211; Verneigung vor dem Zauberer<br \/>\n                <\/a><\/p>\n<p>                <a target=\"_blank\" style=\"text-decoration: none;\" href=\"https:\/\/osthessen-news.de\/n11776648\/anne-frank-tagebuch-ich-will-nicht-umsonst-gelebt-haben.html\" title=\"Anne Frank, Tagebuch - Ich will nicht umsonst gelebt haben\" rel=\"nofollow noopener\"><\/p>\n<p>                                                    <img decoding=\"async\" src=\"https:\/\/www.europesays.com\/de\/wp-content\/uploads\/2025\/07\/1752965177_412_11776648-01-prinsengracht-amsterdam-5367020-pixa.jpg\" alt=\"\" width=\"160\"\/><\/p>\n<p>\n                        FULDA &#8211; 08.06.2025\n                    <\/p>\n<p>                    Was wir lesen, was wir schauen (119)<br \/>\n                    Anne Frank, Tagebuch &#8211; Ich will nicht umsonst gelebt haben<br \/>\n                <\/a><\/p>\n<p>                <a target=\"_blank\" style=\"text-decoration: none;\" href=\"https:\/\/osthessen-news.de\/n11777294\/theodor-storm-der-schimmelreiter-vom-starrsinn-und-heldentum-an-der-kueste.html\" title=\"Theodor Storm, Der Schimmelreiter - Vom Starrsinn und Heldentum an der K\u00fcste\" rel=\"nofollow noopener\"><\/p>\n<p>                                                    <img decoding=\"async\" src=\"https:\/\/www.europesays.com\/de\/wp-content\/uploads\/2025\/07\/1752965177_417_11777294-01-header-basler-kopp-schimmelreiter-1.jpg\" alt=\"\" width=\"160\"\/><\/p>\n<p>\n                        FULDA &#8211; 25.05.2025\n                    <\/p>\n<p>                    Was wir lesen, was wir schauen (118)<br \/>\n                    Theodor Storm, Der Schimmelreiter &#8211; Vom Starrsinn und Heldentum an der K\u00fcste<br \/>\n                <\/a><\/p>\n<p>                <a target=\"_blank\" style=\"text-decoration: none;\" href=\"https:\/\/osthessen-news.de\/n11775905\/thomas-keneally-schindlers-liste-vom-lebemann-zum-lebensretter.html\" title=\"Thomas Keneally, Schindlers Liste - Vom Lebemann zum Lebensretter\" rel=\"nofollow noopener\"><\/p>\n<p>                                                    <img decoding=\"async\" src=\"https:\/\/www.europesays.com\/de\/wp-content\/uploads\/2025\/07\/1752965178_383_11775905-01-header-oskar-schindler-enamel-factory-in-krako-w.jpg\" alt=\"\" width=\"160\"\/><\/p>\n<p>\n                        FULDA &#8211; 11.05.2025\n                    <\/p>\n<p>                    Was wir lesen, was wir schauen (117)<br \/>\n                    Thomas Keneally, Schindlers Liste &#8211; Vom Lebemann zum Lebensretter<br \/>\n                <\/a><\/p>\n<p>                <a target=\"_blank\" style=\"text-decoration: none;\" href=\"https:\/\/osthessen-news.de\/n11775380\/treasure-ein-film-von-julia-von-heinz-familie-ist-ein-fremdes-land.html\" title=\"Treasure \u2013 ein Film von Julia von Heinz - Familie ist ein fremdes Land\" rel=\"nofollow noopener\"><\/p>\n<p>                                                    <img decoding=\"async\" src=\"https:\/\/www.europesays.com\/de\/wp-content\/uploads\/2025\/07\/1752965178_875_11775380-01-zaun-img-4672.jpg\" alt=\"\" width=\"160\"\/><\/p>\n<p>\n                        FULDA &#8211; 27.04.2025\n                    <\/p>\n<p>                    Was wir lesen, was wir schauen (116)<br \/>\n                    Treasure \u2013 ein Film von Julia von Heinz &#8211; Familie ist ein fremdes Land<br \/>\n                <\/a><\/p>\n<p>                <a target=\"_blank\" style=\"text-decoration: none;\" href=\"https:\/\/osthessen-news.de\/n11774799\/die-drei-und-das-geheimnis-der-7-palmen-hommage-an-thomas-mann.html\" title=\"Die drei ??? und das Geheimnis der 7 Palmen - Hommage an Thomas Mann\" rel=\"nofollow noopener\"><\/p>\n<p>                                                    <img decoding=\"async\" src=\"https:\/\/www.europesays.com\/de\/wp-content\/uploads\/2025\/07\/1752965179_996_11774799-01-header-00729-thomas-mann-house-ml.jpg\" alt=\"\" width=\"160\"\/><\/p>\n<p>\n                        FULDA &#8211; 13.04.2025\n                    <\/p>\n<p>                    Was wir lesen, was wir schauen (115)<br \/>\n                    Die drei ??? und das Geheimnis der 7 Palmen &#8211; Hommage an Thomas Mann<br \/>\n                <\/a><\/p>\n<p>                <a target=\"_blank\" style=\"text-decoration: none;\" href=\"https:\/\/osthessen-news.de\/n11774142\/jede-geschichte-hat-ihre-herkunft.html\" title=\"Jede Geschichte hat ihre Herkunft\" rel=\"nofollow noopener\"><\/p>\n<p>                                                    <img decoding=\"async\" src=\"https:\/\/www.europesays.com\/de\/wp-content\/uploads\/2025\/07\/1752965179_616_11774142-00-header-5-16x9.jpg\" alt=\"\" width=\"160\"\/><\/p>\n<p>\n                        FULDA &#8211; 30.03.2025\n                    <\/p>\n<p>                    Was wir lesen, was wir schauen (114)<br \/>\n                    Jede Geschichte hat ihre Herkunft<br \/>\n                <\/a><\/p>\n<p>                <a target=\"_blank\" style=\"text-decoration: none;\" href=\"https:\/\/osthessen-news.de\/n11772404\/heinrich-mann-professor-unrat-aufstieg-und-fall-eines-tyrannen.html\" title=\"Heinrich Mann, Professor Unrat - Aufstieg und Fall eines Tyrannen\" rel=\"nofollow noopener\"><\/p>\n<p>                                                    <img decoding=\"async\" src=\"https:\/\/www.europesays.com\/de\/wp-content\/uploads\/2025\/07\/1752965180_711_11772404-00-blue-angel-dietrich-chorines.jpg\" alt=\"\" width=\"160\"\/><\/p>\n<p>\n                        FULDA &#8211; 23.02.2025\n                    <\/p>\n<p>                    Was wir lesen, was wir schauen (113)<br \/>\n                    Heinrich Mann, Professor Unrat &#8211; Aufstieg und Fall eines Tyrannen<br \/>\n                <\/a><\/p>\n<p>                <a target=\"_blank\" style=\"text-decoration: none;\" href=\"https:\/\/osthessen-news.de\/n11771924\/victor-klemperer-lti-die-sprache-bringt-es-an-den-tag.html\" title=\"Victor Klemperer, LTI - Die Sprache bringt es an den Tag\" rel=\"nofollow noopener\"><\/p>\n<p>                                                    <img decoding=\"async\" src=\"https:\/\/www.europesays.com\/de\/wp-content\/uploads\/2025\/07\/1752965180_713_11771924-00-bundesarchiv-bild-102-14468-berlin-ns-boykott-gegen-ju-dische-gescha-fte.jpg\" alt=\"\" width=\"160\"\/><\/p>\n<p>\n                        FULDA &#8211; 09.02.2025\n                    <\/p>\n<p>                    Was wir lesen, was wir schauen (112)<br \/>\n                    Victor Klemperer, LTI &#8211; Die Sprache bringt es an den Tag<br \/>\n                <\/a><\/p>\n<p>                <a target=\"_blank\" style=\"text-decoration: none;\" href=\"https:\/\/osthessen-news.de\/n11770947\/giuseppe-tomasi-di-lampedusa-der-leopard-historie-fuer-demokraten.html\" title=\"Giuseppe Tomasi di Lampedusa, Der Leopard - Historie f\u00fcr Demokraten\" rel=\"nofollow noopener\"><\/p>\n<p>                                                    <img decoding=\"async\" src=\"https:\/\/www.europesays.com\/de\/wp-content\/uploads\/2025\/07\/1752965181_294_11770947-01-header-villa-boscogrande.jpg\" alt=\"\" width=\"160\"\/><\/p>\n<p>\n                        FULDA &#8211; 19.01.2025\n                    <\/p>\n<p>                    Was wir lesen, was wir schauen (111)<br \/>\n                    Giuseppe Tomasi di Lampedusa, Der Leopard &#8211; Historie f\u00fcr Demokraten<br \/>\n                <\/a><\/p>\n<p>                <a target=\"_blank\" style=\"text-decoration: none;\" href=\"https:\/\/osthessen-news.de\/n11770371\/ken-follett-die-nadel-spione-wie-wir.html\" title=\"Ken Follett, Die Nadel - Spione wie wir\" rel=\"nofollow noopener\"><\/p>\n<p>                                                    <img decoding=\"async\" src=\"https:\/\/www.europesays.com\/de\/wp-content\/uploads\/2025\/07\/1752965182_683_11770371-01-header-2048px-2003-05-sylt-sundown-with-upcoming-storm.jpg\" alt=\"\" width=\"160\"\/><\/p>\n<p>\n                        FULDA &#8211; 05.01.2025\n                    <\/p>\n<p>                    Was wir lesen, was wir schauen (110)<br \/>\n                    Ken Follett, Die Nadel &#8211; Spione wie wir<br \/>\n                <\/a><\/p>\n<p>                <a target=\"_blank\" style=\"text-decoration: none;\" href=\"https:\/\/osthessen-news.de\/n11769327\/colleen-mccullough-die-dornenvoegel-fuer-das-beste-muss-man-opfer-bringen.html\" title=\"Colleen McCullough, Die Dornenv\u00f6gel - F\u00fcr das Beste muss man Opfer bringen\" rel=\"nofollow noopener\"><\/p>\n<p>                                                    <img decoding=\"async\" src=\"https:\/\/www.europesays.com\/de\/wp-content\/uploads\/2025\/07\/1752965182_25_11769327-01-header-1990-outback-ich-liebe-es-panoramio.jpg\" alt=\"\" width=\"160\"\/><\/p>\n<p>\n                        FULDA &#8211; 22.12.2024\n                    <\/p>\n<p>                    Was wir lesen, was wir schauen (109)<br \/>\n                    Colleen McCullough, Die Dornenv\u00f6gel &#8211; F\u00fcr das Beste muss man Opfer bringen<br \/>\n                <\/a><\/p>\n<p>                <a target=\"_blank\" style=\"text-decoration: none;\" href=\"https:\/\/osthessen-news.de\/n11769315\/barbara-robinson-hilfe-die-herdmanns-kommen-he-euch-ist-ein-kind-geboren.html\" title=\"Barbara Robinson, Hilfe die Herdmanns kommen - He, euch ist ein Kind geboren\" rel=\"nofollow noopener\"><\/p>\n<p>                                                    <img decoding=\"async\" src=\"https:\/\/www.europesays.com\/de\/wp-content\/uploads\/2025\/07\/1752965183_934_11769315-01a-header-img-0197.jpeg\" alt=\"\" width=\"160\"\/><\/p>\n<p>\n                        FULDA &#8211; 08.12.2024\n                    <\/p>\n<p>                    Was wir lesen, was wir schauen (108)<br \/>\n                    Barbara Robinson, Hilfe die Herdmanns kommen &#8211; He, euch ist ein Kind geboren<br \/>\n                <\/a><\/p>\n<p>                <a target=\"_blank\" style=\"text-decoration: none;\" href=\"https:\/\/osthessen-news.de\/n11768833\/eric-malpass-morgens-um-sieben-ist-die-welt-noch-in-ordnung.html\" title=\"Eric Malpass, Morgens um sieben ist die Welt noch in Ordnung\" rel=\"nofollow noopener\"><\/p>\n<p>                                                    <img decoding=\"async\" src=\"https:\/\/www.europesays.com\/de\/wp-content\/uploads\/2025\/07\/1752965183_11_11768833-01-header-tree-7567768.jpg\" alt=\"\" width=\"160\"\/><\/p>\n<p>\n                        FULDA &#8211; 24.11.2024\n                    <\/p>\n<p>                    Was wir lesen, was wir schauen (107)<br \/>\n                    Eric Malpass, Morgens um sieben ist die Welt noch in Ordnung<br \/>\n                <\/a><\/p>\n<p>                <a target=\"_blank\" style=\"text-decoration: none;\" href=\"https:\/\/osthessen-news.de\/n11768139\/ich-werde-nie-zurueckkommen-ruth-maier-es-wartet-doch-so-viel-auf-mich.html\" title=\"\" ich=\"\" werde=\"\" nie=\"\" zur=\"\" ruth=\"\" maier=\"\" es=\"\" wartet=\"\" doch=\"\" so=\"\" viel=\"\" auf=\"\" mich=\"\" m rel=\"nofollow noopener\"><\/p>\n<p>                                                    <img decoding=\"async\" src=\"https:\/\/www.europesays.com\/de\/wp-content\/uploads\/2025\/07\/1752965184_320_11768139-01-header-ruth-maiers-plass-oslo-wiki-petra-pazl.jpg\" alt=\"\" width=\"160\"\/><\/p>\n<p>\n                        FULDA &#8211; 10.11.2024\n                    <\/p>\n<p>                    Was wir lesen, was wir schauen (106)<br \/>\n                    &#8222;Ich werde nie zur\u00fcckkommen&#8220; &#8211; Ruth Maier, Es wartet doch so viel auf mich<br \/>\n                <\/a><\/p>\n<p>                <a target=\"_blank\" style=\"text-decoration: none;\" href=\"https:\/\/osthessen-news.de\/n11767904\/guenter-grass-das-treffen-in-telgte-gestern-wird-sein-was-morgen-gewesen-ist.html\" title=\"G\u00fcnter Grass, Das Treffen in Telgte -  Gestern wird sein, was morgen gewesen ist\" rel=\"nofollow noopener\"><\/p>\n<p>                                                    <img decoding=\"async\" src=\"https:\/\/www.europesays.com\/de\/wp-content\/uploads\/2025\/07\/1752965184_793_11767904-01-matthias-laurenz-gra-ff.-topographie-des-17.-jahrhunderts-.jpg\" alt=\"\" width=\"160\"\/><\/p>\n<p>\n                        FULDA &#8211; 03.11.2024\n                    <\/p>\n<p>                    Was wir lesen, was wir schauen (105)<br \/>\n                    G\u00fcnter Grass, Das Treffen in Telgte &#8211;  Gestern wird sein, was morgen gewesen ist<br \/>\n                <\/a><\/p>\n<p>                <a target=\"_blank\" style=\"text-decoration: none;\" href=\"https:\/\/osthessen-news.de\/n11767092\/anne-applebaum-verlockung-des-autoritaren-jenseits-von-richtig-und-falsch.html\" title=\"Anne Applebaum: Verlockung des Autorit\u00e4ren - Jenseits von richtig und falsch\" rel=\"nofollow noopener\"><\/p>\n<p>                                                    <img decoding=\"async\" src=\"https:\/\/www.europesays.com\/de\/wp-content\/uploads\/2025\/07\/1752965185_210_11767092-00-header-2021-storming-of-the-united-states-capitol-space-force-50820533308-.jpg\" alt=\"\" width=\"160\"\/><\/p>\n<p>\n                        FULDA &#8211; 20.10.2024\n                    <\/p>\n<p>                    Was wir lesen, was wir schauen (104)<br \/>\n                    Anne Applebaum: Verlockung des Autorit\u00e4ren &#8211; Jenseits von richtig und falsch<br \/>\n                <\/a><\/p>\n<p>                <a target=\"_blank\" style=\"text-decoration: none;\" href=\"https:\/\/osthessen-news.de\/n11766848\/nina-burleigh-donald-trump-und-seine-frauen-ehefrauen-als-accessoires.html\" title=\"Nina Burleigh, Donald Trump und seine Frauen - Ehefrauen als Accessoires\" rel=\"nofollow noopener\"><\/p>\n<p>                                                    <img decoding=\"async\" src=\"https:\/\/www.europesays.com\/de\/wp-content\/uploads\/2025\/07\/1752965186_606_11766848-01-header-president-trump-and-first-lady-melania-trump-s-visit-to-the-united-kingdom-480078.jpeg\" alt=\"\" width=\"160\"\/><\/p>\n<p>\n                        FULDA &#8211; 06.10.2024\n                    <\/p>\n<p>                    Was wir lesen, was wir schauen (103)<br \/>\n                    Nina Burleigh, Donald Trump und seine Frauen &#8211; Ehefrauen als Accessoires<br \/>\n                <\/a><\/p>\n<p>                <a target=\"_blank\" style=\"text-decoration: none;\" href=\"https:\/\/osthessen-news.de\/n11766189\/marion-zimmer-bradley-die-nebel-von-avalon-eine-welt-voll-zauber-und-magie.html\" title=\"Marion Zimmer-Bradley, Die Nebel von Avalon - Eine Welt voll Zauber und Magie\" rel=\"nofollow noopener\"><\/p>\n<p>                                                    <img decoding=\"async\" src=\"https:\/\/www.europesays.com\/de\/wp-content\/uploads\/2025\/07\/1752965186_560_11766189-00-header-king-3879305.jpg\" alt=\"\" width=\"160\"\/><\/p>\n<p>\n                        FULDA &#8211; 22.09.2024\n                    <\/p>\n<p>                    Was wir lesen, was wir schauen (102)<br \/>\n                    Marion Zimmer-Bradley, Die Nebel von Avalon &#8211; Eine Welt voll Zauber und Magie<br \/>\n                <\/a><\/p>\n<p>                <a target=\"_blank\" style=\"text-decoration: none;\" href=\"https:\/\/osthessen-news.de\/n11765421\/edna-o-brien-country-girls-die-furchtlose-erzahlerin-der-wahrheit.html\" title=\"Edna O\u2019Brien, Country Girls - Die furchtlose Erz\u00e4hlerin der Wahrheit\" rel=\"nofollow noopener\"><\/p>\n<p>                                                    <img decoding=\"async\" src=\"https:\/\/www.europesays.com\/de\/wp-content\/uploads\/2025\/07\/1752965187_270_11765421-00-header-county-clare-inis-cealtra-monastery-20090729100030.jpg\" alt=\"\" width=\"160\"\/><\/p>\n<p>\n                        FULDA &#8211; 08.09.2024\n                    <\/p>\n<p>                    Was wir lesen, was wir schauen (101)<br \/>\n                    Edna O\u2019Brien, Country Girls &#8211; Die furchtlose Erz\u00e4hlerin der Wahrheit<br \/>\n                <\/a><\/p>\n<p>                <a target=\"_blank\" style=\"text-decoration: none;\" href=\"https:\/\/osthessen-news.de\/n11764758\/ephraim-kishon-drehen-sie-sich-um-frau-lot-der-mann-mit-den-drei-karrieren.html\" title=\"Ephraim Kishon, Drehen Sie sich um, Frau Lot - Der Mann mit den drei Karrieren\" rel=\"nofollow noopener\"><\/p>\n<p>                                                    <img decoding=\"async\" src=\"https:\/\/www.europesays.com\/de\/wp-content\/uploads\/2025\/07\/1752965187_352_11764758-00-header-jerusalem-1712855-1920.jpg\" alt=\"\" width=\"160\"\/><\/p>\n<p>\n                        FULDA &#8211; 25.08.2024\n                    <\/p>\n<p>                    Was wir lesen, was wir schauen (100)<br \/>\n                    Ephraim Kishon, Drehen Sie sich um, Frau Lot &#8211; Der Mann mit den drei Karrieren<br \/>\n                <\/a><\/p>\n<p>                <a target=\"_blank\" style=\"text-decoration: none;\" href=\"https:\/\/osthessen-news.de\/n11763829\/betty-smith-ein-baum-wachst-in-brooklyn-ein-mutmacherbuch.html\" title=\"Betty Smith, Ein Baum w\u00e4chst in Brooklyn - Ein Mutmacherbuch\" rel=\"nofollow noopener\"><\/p>\n<p>                                                    <img decoding=\"async\" src=\"https:\/\/www.europesays.com\/de\/wp-content\/uploads\/2025\/07\/1752965188_90_11763829-01-williamsburgbk.jpg\" alt=\"\" width=\"160\"\/><\/p>\n<p>\n                        FULDA &#8211; 11.08.2024\n                    <\/p>\n<p>                    Was wir lesen, was wir schauen (99)<br \/>\n                    Betty Smith, Ein Baum w\u00e4chst in Brooklyn &#8211; Ein Mutmacherbuch<br \/>\n                <\/a><\/p>\n<p>                <a target=\"_blank\" style=\"text-decoration: none;\" href=\"https:\/\/osthessen-news.de\/n11763715\/make-hummus-not-war-ben-david-oz-jalil-dabit-kanaan-das-kochbuch.html\" title=\"\" make=\"\" hummus=\"\" not=\"\" war=\"\" ben=\"\" david=\"\" oz=\"\" jalil=\"\" dabit=\"\" kanaan=\"\" das=\"\" kochbuch=\"\" rel=\"nofollow noopener\"><\/p>\n<p>                                                    <img decoding=\"async\" src=\"https:\/\/www.europesays.com\/de\/wp-content\/uploads\/2025\/07\/1752965191_89_11752891-01-haeder-portraet-hummus-9189-kopie.jpg\" alt=\"\" width=\"160\"\/><\/p>\n<p>\n                        FULDA &#8211; 28.07.2024\n                    <\/p>\n<p>                    Was wir lesen, was wir schauen (98)<br \/>\n                    &#8222;Make Hummus, not War!&#8220;  &#8211; Ben David Oz &amp; Jalil Dabit, Kanaan \u2013 das Kochbuch<br \/>\n                <\/a><\/p>\n<p>                <a target=\"_blank\" style=\"text-decoration: none;\" href=\"https:\/\/osthessen-news.de\/n11762916\/ross-macdonald-schwarzgeld-vom-richtigen-und-falschen-handeln.html\" title=\"Ross Macdonald, Schwarzgeld - Vom richtigen und falschen Handeln\" rel=\"nofollow noopener\"><\/p>\n<p>                                                    <img decoding=\"async\" src=\"https:\/\/www.europesays.com\/de\/wp-content\/uploads\/2025\/07\/1752965191_162_11762916-00-los-angeles-skyline-at-night.jpg\" alt=\"\" width=\"160\"\/><\/p>\n<p>\n                        FULDA &#8211; 14.07.2024\n                    <\/p>\n<p>                    Was wir lesen, was wir schauen (97)<br \/>\n                    Ross Macdonald, Schwarzgeld &#8211; Vom richtigen und falschen Handeln<br \/>\n                <\/a><\/p>\n<p>                <a target=\"_blank\" style=\"text-decoration: none;\" href=\"https:\/\/osthessen-news.de\/n11762438\/ronald-reng-1974-deutschland-spielt-gegen-deutschland.html\" title=\"Ronald Reng, 1974 - Deutschland spielt gegen Deutschland\" rel=\"nofollow noopener\"><\/p>\n<p>                                                    <img decoding=\"async\" src=\"https:\/\/www.europesays.com\/de\/wp-content\/uploads\/2025\/07\/1752965192_824_11762438-00-header-wm74-bus-seite.jpg\" alt=\"\" width=\"160\"\/><\/p>\n<p>\n                        FULDA &#8211; 30.06.2024\n                    <\/p>\n<p>                    Was wir lesen, was wir schauen (96)<br \/>\n                    Ronald Reng, 1974 &#8211; Deutschland spielt gegen Deutschland<br \/>\n                <\/a><\/p>\n<p>                <a target=\"_blank\" style=\"text-decoration: none;\" href=\"https:\/\/osthessen-news.de\/n11761872\/m-atwood-report-der-magd-ich-schreibe-buecher-damit-sie-nicht-wahr-werden.html\" title=\"M. Atwood, Report der Magd -\" ich=\"\" schreibe=\"\" b=\"\" damit=\"\" sie=\"\" nicht=\"\" wahr=\"\" werden=\"\" rel=\"nofollow noopener\"><\/p>\n<p>                                                    <img decoding=\"async\" src=\"https:\/\/www.europesays.com\/de\/wp-content\/uploads\/2025\/07\/1752965193_783_11761872-erkl-rung-der-menschenrechte.jpg\" alt=\"\" width=\"160\"\/><\/p>\n<p>\n                        FULDA &#8211; 16.06.2024\n                    <\/p>\n<p>                    Was wir lesen, was wir schauen (95)<br \/>\n                    M. Atwood, Report der Magd -&#8222;Ich schreibe B\u00fccher, damit sie nicht wahr werden&#8220;<br \/>\n                <\/a><\/p>\n<p>                <a target=\"_blank\" style=\"text-decoration: none;\" href=\"https:\/\/osthessen-news.de\/n11761101\/zuhause-zwischen-berlin-und-tel-aviv-mirna-funk-von-juden-lernen.html\" title=\"Zuhause zwischen Berlin und Tel Aviv - Mirna Funk, Von Juden lernen\" rel=\"nofollow noopener\"><\/p>\n<p>                                                    <img decoding=\"async\" src=\"https:\/\/www.europesays.com\/de\/wp-content\/uploads\/2025\/07\/1752965194_234_11761101-01a-header-dsc-1916-martin-engel.jpg\" alt=\"\" width=\"160\"\/><\/p>\n<p>\n                        FULDA &#8211; 02.06.2024\n                    <\/p>\n<p>                    Was wir lesen, was wir schauen (94)<br \/>\n                    Zuhause zwischen Berlin und Tel Aviv &#8211; Mirna Funk, Von Juden lernen<br \/>\n                <\/a><\/p>\n<p>                <a target=\"_blank\" style=\"text-decoration: none;\" href=\"https:\/\/osthessen-news.de\/n11760466\/thomas-mann-die-buddenbrooks-lebet-wohl-im-pracht-gen-hause.html\" title=\"Thomas Mann, Die Buddenbrooks - Lebet wohl im pr\u00e4cht\u2019gen Hause\" rel=\"nofollow noopener\"><\/p>\n<p>                                                    <img decoding=\"async\" src=\"https:\/\/www.europesays.com\/de\/wp-content\/uploads\/2025\/07\/1752965194_592_11760466-01-header-1901-thomas-mann-buddenbrooks.jpg\" alt=\"\" width=\"160\"\/><\/p>\n<p>\n                        FULDA &#8211; 19.05.2024\n                    <\/p>\n<p>                    Was wir lesen, was wir schauen (93)<br \/>\n                    Thomas Mann, Die Buddenbrooks &#8211; Lebet wohl im pr\u00e4cht\u2019gen Hause<br \/>\n                <\/a><\/p>\n<p>                <a target=\"_blank\" style=\"text-decoration: none;\" href=\"https:\/\/osthessen-news.de\/n11759910\/marianne-brentzel-mir-kann-doch-nichts-geschehen-nesthakchen-im-kz.html\" title=\"Marianne Brentzel, Mir kann doch nichts geschehen - Nesth\u00e4kchen im KZ\" rel=\"nofollow noopener\"><\/p>\n<p>                                                    <img decoding=\"async\" src=\"https:\/\/www.europesays.com\/de\/wp-content\/uploads\/2025\/07\/1752965195_16_11759910-01-berlin-weissensee-jewish-cemetery-graves.jpg\" alt=\"\" width=\"160\"\/><\/p>\n<p>\n                        FULDA &#8211; 05.05.2024\n                    <\/p>\n<p>                    Was wir lesen, was wir schauen (92)<br \/>\n                    Marianne Brentzel, Mir kann doch nichts geschehen &#8211; Nesth\u00e4kchen im KZ<br \/>\n                <\/a><\/p>\n<p>                <a target=\"_blank\" style=\"text-decoration: none;\" href=\"https:\/\/osthessen-news.de\/n11759116\/cord-jefferson-american-fiction-heucheln-sie-ruhig-weiter.html\" title=\"Cord Jefferson, American Fiction - Heucheln Sie ruhig weiter\" rel=\"nofollow noopener\"><\/p>\n<p>                                                    <img decoding=\"async\" src=\"https:\/\/www.europesays.com\/de\/wp-content\/uploads\/2025\/07\/1752965196_385_11759116-01-header-hollywood-sign-1598473-1920.jpg\" alt=\"\" width=\"160\"\/><\/p>\n<p>\n                        FULDA &#8211; 21.04.2024\n                    <\/p>\n<p>                    Was wir lesen, was wir schauen (91)<br \/>\n                    Cord Jefferson, American Fiction &#8211; Heucheln Sie ruhig weiter<br \/>\n                <\/a><\/p>\n<p>                <a target=\"_blank\" style=\"text-decoration: none;\" href=\"https:\/\/osthessen-news.de\/n11758664\/kristine-von-soden-ob-die-moewen-manchmal-an-mich-denken.html\" title=\"Kristine von Soden, Ob die M\u00f6wen manchmal an mich denken?\" rel=\"nofollow noopener\"><\/p>\n<p>                                                    <img decoding=\"async\" src=\"https:\/\/www.europesays.com\/de\/wp-content\/uploads\/2025\/07\/1752965197_475_11758664-01a-header-img-4868.jpg\" alt=\"\" width=\"160\"\/><\/p>\n<p>\n                        FULDA &#8211; 07.04.2024\n                    <\/p>\n<p>                    Was wir lesen, was wir schauen (90)<br \/>\n                    Kristine von Soden, Ob die M\u00f6wen manchmal an mich denken?<br \/>\n                <\/a><\/p>\n<p>                <a target=\"_blank\" style=\"text-decoration: none;\" href=\"https:\/\/osthessen-news.de\/n11758091\/johannes-mario-simmel-und-jimmy-ging-zum-regenbogen-zerstoerte-traume.html\" title=\"Johannes Mario Simmel, Und Jimmy ging zum Regenbogen - zerst\u00f6rte Tr\u00e4ume\" rel=\"nofollow noopener\"><\/p>\n<p>                                                    <img decoding=\"async\" src=\"https:\/\/www.europesays.com\/de\/wp-content\/uploads\/2025\/07\/1752965197_996_11758091-00-header-viennas-central-cemetery-3651243-1920.jpg\" alt=\"\" width=\"160\"\/><\/p>\n<p>\n                        FULDA &#8211; 24.03.2024\n                    <\/p>\n<p>                    Was wir lesen, was wir schauen (89)<br \/>\n                    Johannes Mario Simmel, Und Jimmy ging zum Regenbogen &#8211; zerst\u00f6rte Tr\u00e4ume<br \/>\n                <\/a><\/p>\n<p>                <a target=\"_blank\" style=\"text-decoration: none;\" href=\"https:\/\/osthessen-news.de\/n11757500\/kerstin-wolff-tomate-fahrrad-guillotine-kurze-frauengeschichte-in-30-bildern.html\" title=\"Kerstin Wolff: Tomate, Fahrrad, Guillotine - kurze Frauengeschichte in 30 Bildern\" rel=\"nofollow noopener\"><\/p>\n<p>                                                    <img decoding=\"async\" src=\"https:\/\/www.europesays.com\/de\/wp-content\/uploads\/2025\/07\/1752965197_272_11757500-01-header-2023-07-03-fussball-frauen-deutsche-nationalmannschaft-media-day-1dx-6519-by-step.jpeg\" alt=\"\" width=\"160\"\/><\/p>\n<p>\n                        FULDA &#8211; 10.03.2024\n                    <\/p>\n<p>                    Was wir lesen, was wir schauen (88)<br \/>\n                    Kerstin Wolff: Tomate, Fahrrad, Guillotine &#8211; kurze Frauengeschichte in 30 Bildern<br \/>\n                <\/a><\/p>\n<p>                <a target=\"_blank\" style=\"text-decoration: none;\" href=\"https:\/\/osthessen-news.de\/n11757174\/erich-kastner-emil-und-die-detektive-zeit-fuer-kluge-kinder.html\" title=\"Erich K\u00e4stner, Emil und die Detektive - Zeit f\u00fcr kluge Kinder\" rel=\"nofollow noopener\"><\/p>\n<p>                                                    <img decoding=\"async\" src=\"https:\/\/www.europesays.com\/de\/wp-content\/uploads\/2025\/07\/1752965198_99_11757174-01a-paul-paeschke-potsdamer-platz-c1929.jpg\" alt=\"\" width=\"160\"\/><\/p>\n<p>\n                        FULDA &#8211; 03.03.2024\n                    <\/p>\n<p>                    Was wir lesen, was wir schauen (87)<br \/>\n                    Erich K\u00e4stner, Emil und die Detektive &#8211; Zeit f\u00fcr kluge Kinder<br \/>\n                <\/a><\/p>\n<p>                <a target=\"_blank\" style=\"text-decoration: none;\" href=\"https:\/\/osthessen-news.de\/n11756368\/volker-kutscher-olympia-deutschland-auf-dem-weg-in-die-finsternis.html\" title=\"Volker Kutscher, Olympia - Deutschland auf dem Weg in die Finsternis\" rel=\"nofollow noopener\"><\/p>\n<p>                                                    <img decoding=\"async\" src=\"https:\/\/www.europesays.com\/de\/wp-content\/uploads\/2025\/07\/1752965198_44_11756368-01-header-haus-der-nationen-2012-2.jpg\" alt=\"\" width=\"160\"\/><\/p>\n<p>\n                        FULDA &#8211; 11.02.2024\n                    <\/p>\n<p>                    Was wir lesen, was wir schauen (86)<br \/>\n                    Volker Kutscher, Olympia &#8211; Deutschland auf dem Weg in die Finsternis<br \/>\n                <\/a><\/p>\n<p>                <a target=\"_blank\" style=\"text-decoration: none;\" href=\"https:\/\/osthessen-news.de\/n11755559\/wieslaw-kielar-anus-mundi-fuenf-jahre-in-auschwitz-ich-will-leben.html\" title=\"Wieslaw Kielar, Anus Mundi - F\u00fcnf Jahre in Auschwitz - \" ich=\"\" will=\"\" leben=\"\" rel=\"nofollow noopener\"><\/p>\n<p>                                                    <img decoding=\"async\" src=\"https:\/\/www.europesays.com\/de\/wp-content\/uploads\/2025\/07\/1752965199_589_11755559-01-header-auschwitz-7628766.jpg\" alt=\"\" width=\"160\"\/><\/p>\n<p>\n                        FULDA &#8211; 28.01.2024\n                    <\/p>\n<p>                    Was wir lesen, was wir schauen (85)<br \/>\n                    Wieslaw Kielar, Anus Mundi &#8211; F\u00fcnf Jahre in Auschwitz &#8211; &#8222;Ich will leben&#8220;<br \/>\n                <\/a><\/p>\n<p>                <a target=\"_blank\" style=\"text-decoration: none;\" href=\"https:\/\/osthessen-news.de\/n11755033\/dorothy-l-sayers-starkes-gift-alles-hieb-und-stichfest.html\" title=\"Dorothy L. Sayers, Starkes Gift - Alles hieb- und stichfest?\" rel=\"nofollow noopener\"><\/p>\n<p>                                                    <img decoding=\"async\" src=\"https:\/\/www.europesays.com\/de\/wp-content\/uploads\/2025\/07\/1752965199_512_11755033-01-header-statue-justitia.jpg\" alt=\"\" width=\"160\"\/><\/p>\n<p>\n                        FULDA &#8211; 14.01.2024\n                    <\/p>\n<p>                    Was wir lesen, was wir schauen (84)<br \/>\n                    Dorothy L. Sayers, Starkes Gift &#8211; Alles hieb- und stichfest?<br \/>\n                <\/a><\/p>\n<p>                <a target=\"_blank\" style=\"text-decoration: none;\" href=\"https:\/\/osthessen-news.de\/n11754477\/auf-ein-gutes-neues-jahr-mit-horizonterweiternder-lektuere.html\" title=\"Auf ein gutes neues Jahr mit horizonterweiternder Lekt\u00fcre\" rel=\"nofollow noopener\"><\/p>\n<p>                                                    <img decoding=\"async\" src=\"https:\/\/www.europesays.com\/de\/wp-content\/uploads\/2025\/07\/1752965200_65_11754477-00-header-usedom-img-4845.jpg\" alt=\"\" width=\"160\"\/><\/p>\n<p>\n                        FULDA &#8211; 31.12.2023\n                    <\/p>\n<p>                    Was wir lesen, was wir schauen (83)<br \/>\n                    Auf ein gutes neues Jahr mit horizonterweiternder Lekt\u00fcre<br \/>\n                <\/a><\/p>\n<p>                <a target=\"_blank\" style=\"text-decoration: none;\" href=\"https:\/\/osthessen-news.de\/n11754251\/ein-gabentisch-fuer-sie-mit-lohnenden-buechern-cds-und-filmen.html\" title=\"Ein Gabentisch f\u00fcr Sie mit lohnenden B\u00fcchern, CDs und Filmen\" rel=\"nofollow noopener\"><\/p>\n<p>                                                    <img decoding=\"async\" src=\"https:\/\/www.europesays.com\/de\/wp-content\/uploads\/2025\/07\/1752965200_587_11754251-01-header-gifts-3835455-1920.jpg\" alt=\"\" width=\"160\"\/><\/p>\n<p>\n                        FULDA &#8211; 19.12.2023\n                    <\/p>\n<p>                    Was wir lesen, was wir schauen (82)<br \/>\n                    Ein Gabentisch f\u00fcr Sie mit lohnenden B\u00fcchern, CDs und Filmen<br \/>\n                <\/a><\/p>\n<p>                <a target=\"_blank\" style=\"text-decoration: none;\" href=\"https:\/\/osthessen-news.de\/n11753446\/nicholas-blake-das-geheimnis-von-dower-house-ratselhaft-und-very-british.html\" title=\"Nicholas Blake, Das Geheimnis von Dower House - r\u00e4tselhaft und very british\" rel=\"nofollow noopener\"><\/p>\n<p>                                                    <img decoding=\"async\" src=\"https:\/\/www.europesays.com\/de\/wp-content\/uploads\/2025\/07\/1752965201_585_11753446-01-header-hotel-896569-1920.jpg\" alt=\"\" width=\"160\"\/><\/p>\n<p>\n                        FULDA &#8211; 03.12.2023\n                    <\/p>\n<p>                    Was wir lesen, was wir schauen (81)<br \/>\n                    Nicholas Blake, Das Geheimnis von Dower House &#8211; r\u00e4tselhaft und very british<br \/>\n                <\/a><\/p>\n<p>                <a target=\"_blank\" style=\"text-decoration: none;\" href=\"https:\/\/osthessen-news.de\/n11752891\/make-hummus-not-war-ben-david-oz-jalil-dabit-kanaan-das-kochbuch.html\" title=\"\" make=\"\" hummus=\"\" not=\"\" war=\"\" ben=\"\" david=\"\" oz=\"\" jalil=\"\" dabit=\"\" kanaan=\"\" das=\"\" kochbuch=\"\" rel=\"nofollow noopener\"><\/p>\n<p>                                                    <img decoding=\"async\" src=\"https:\/\/www.europesays.com\/de\/wp-content\/uploads\/2025\/07\/1752965191_89_11752891-01-haeder-portraet-hummus-9189-kopie.jpg\" alt=\"\" width=\"160\"\/><\/p>\n<p>\n                        FULDA &#8211; 19.11.2023\n                    <\/p>\n<p>                    Was wir lesen, was wir schauen (80)<br \/>\n                    &#8222;Make Hummus, not War!&#8220; Ben David Oz &amp; Jalil Dabit, Kanaan \u2013 das Kochbuch<br \/>\n                <\/a><\/p>\n<p>                <a target=\"_blank\" style=\"text-decoration: none;\" href=\"https:\/\/osthessen-news.de\/n11752227\/martin-doerry-lillis-tochter-mein-beschadigtes-leben.html\" title=\"Martin Doerry, Lillis Tochter - Mein besch\u00e4digtes Leben\" rel=\"nofollow noopener\"><\/p>\n<p>                                                    <img decoding=\"async\" src=\"https:\/\/www.europesays.com\/de\/wp-content\/uploads\/2025\/07\/1752965201_659_11752227-a23-414-04894-doerrylillistochter-scan.jpg\" alt=\"\" width=\"160\"\/><\/p>\n<p>\n                        FULDA &#8211; 05.11.2023\n                    <\/p>\n<p>                    Was wir lesen, was wir schauen (79)<br \/>\n                    Martin Doerry, Lillis Tochter &#8211; Mein besch\u00e4digtes Leben<br \/>\n                <\/a><\/p>\n<p>                <a target=\"_blank\" style=\"text-decoration: none;\" href=\"https:\/\/osthessen-news.de\/n11750138\/lionel-feuchtwanger-erfolg-grosse-reiche-vergehen-ein-gutes-buch-bleibt.html\" title=\"Lionel Feuchtwanger, Erfolg - Gro\u00dfe Reiche vergehen, ein gutes Buch bleibt\" rel=\"nofollow noopener\"><\/p>\n<p>                                                    <img decoding=\"async\" src=\"https:\/\/www.europesays.com\/de\/wp-content\/uploads\/2025\/07\/1752965202_998_11750138-00-header-oktoberfest-2723441-1920.jpg\" alt=\"\" width=\"160\"\/><\/p>\n<p>\n                        REGION &#8211; 17.09.2023\n                    <\/p>\n<p>                    Was wir lesen, was wir schauen (76)<br \/>\n                    Lionel Feuchtwanger, Erfolg &#8211; Gro\u00dfe Reiche vergehen, ein gutes Buch bleibt<br \/>\n                <\/a><\/p>\n<p>                <a target=\"_blank\" style=\"text-decoration: none;\" href=\"https:\/\/osthessen-news.de\/n11749574\/virginia-woolf-ein-zimmer-fuer-sich-allein-haltet-fest-an-euch-und-euren-zielen.html\" title=\"Virginia Woolf, Ein Zimmer f\u00fcr sich allein - Haltet fest an euch und euren Zielen\" rel=\"nofollow noopener\"><\/p>\n<p>                                                    <img decoding=\"async\" src=\"https:\/\/www.europesays.com\/de\/wp-content\/uploads\/2025\/07\/1752965202_728_11749574-schablone-bilder-on-kn-ew2.png\" alt=\"\" width=\"160\"\/><\/p>\n<p>\n                        REGION &#8211; 03.09.2023\n                    <\/p>\n<p>                    Was wir lesen, was wir schauen (75)<br \/>\n                    Virginia Woolf, Ein Zimmer f\u00fcr sich allein &#8211; Haltet fest an euch und euren Zielen<br \/>\n                <\/a><\/p>\n<p>                <a target=\"_blank\" style=\"text-decoration: none;\" href=\"https:\/\/osthessen-news.de\/n11749094\/loren-d-estleman-kill-zone-mein-beruf-ist-das-toeten.html\" title=\"Loren D. Estleman, Kill Zone - \" mein=\"\" beruf=\"\" ist=\"\" das=\"\" t=\"\" rel=\"nofollow noopener\"><\/p>\n<p>                                                    <img decoding=\"async\" src=\"https:\/\/www.europesays.com\/de\/wp-content\/uploads\/2025\/07\/1752965203_315_11749094-01-header-detroit-406894.jpg\" alt=\"\" width=\"160\"\/><\/p>\n<p>\n                        REGION &#8211; 20.08.2023\n                    <\/p>\n<p>                    Was wir lesen, was wir schauen (74)<br \/>\n                    Loren D. Estleman, Kill Zone &#8211; &#8222;Mein Beruf ist das T\u00f6ten&#8220;<br \/>\n                <\/a><\/p>\n<p>                <a target=\"_blank\" style=\"text-decoration: none;\" href=\"https:\/\/osthessen-news.de\/n11748608\/the-collected-words-of-jim-morrison-no-one-here-get-s-out-alive.html\" title=\"The Collected Words of Jim Morrison -  No one here get\u2019s out alive\" rel=\"nofollow noopener\"><\/p>\n<p>                                                    <img decoding=\"async\" src=\"https:\/\/www.europesays.com\/de\/wp-content\/uploads\/2025\/07\/1752965203_2_11748608-02-cover.jpg\" alt=\"\" width=\"160\"\/><\/p>\n<p>\n                        REGION &#8211; 06.08.2023\n                    <\/p>\n<p>                    Was wir lesen, was wir schauen (73)<br \/>\n                    The Collected Words of Jim Morrison &#8211;  No one here get\u2019s out alive<br \/>\n                <\/a><\/p>\n<p>                <a target=\"_blank\" style=\"text-decoration: none;\" href=\"https:\/\/osthessen-news.de\/n11747861\/elizabeth-george-auf-ehre-und-gewissen-nicht-gold-sondern-grauen.html\" title=\"Elizabeth George, Auf Ehre und Gewissen - Nicht Gold, sondern Grauen\" rel=\"nofollow noopener\"><\/p>\n<p>                                                    <img decoding=\"async\" src=\"https:\/\/www.europesays.com\/de\/wp-content\/uploads\/2025\/07\/1752965204_790_11747861-etona.jpg\" alt=\"\" width=\"160\"\/><\/p>\n<p>\n                        REGION &#8211; 23.07.2023\n                    <\/p>\n<p>                    Was wir lesen, was wir schauen (72)<br \/>\n                    Elizabeth George, Auf Ehre und Gewissen &#8211; Nicht Gold, sondern Grauen<br \/>\n                <\/a><\/p>\n<p>                <a target=\"_blank\" style=\"text-decoration: none;\" href=\"https:\/\/osthessen-news.de\/n11747231\/stefan-kruecken-das-muss-das-boot-abkoennen-das-meer-der-grosse-sortierer.html\" title=\"Stefan Kruecken, Das muss das Boot abk\u00f6nnen - Das Meer, der gro\u00dfe Sortierer\" rel=\"nofollow noopener\"><\/p>\n<p>                                                    <img decoding=\"async\" src=\"https:\/\/www.europesays.com\/de\/wp-content\/uploads\/2025\/07\/1752965204_112_11747231-01-joseph-mallord-william-turner-bell-rock-lighthouse-google-art-project.jpg\" alt=\"\" width=\"160\"\/><\/p>\n<p>\n                        REGION &#8211; 09.07.2023\n                    <\/p>\n<p>                    Was wir lesen, was wir schauen (71)<br \/>\n                    Stefan Kruecken, Das muss das Boot abk\u00f6nnen &#8211; Das Meer, der gro\u00dfe Sortierer<br \/>\n                <\/a><\/p>\n<p>                <a target=\"_blank\" style=\"text-decoration: none;\" href=\"https:\/\/osthessen-news.de\/n11746534\/selma-lagerloef-nils-holgerssons-wunderbare-reise-mit-den-wildgansen.html\" title=\"Selma Lagerl\u00f6f, Nils Holgerssons wunderbare Reise mit den Wildg\u00e4nsen\" rel=\"nofollow noopener\"><\/p>\n<p>                                                    <img decoding=\"async\" src=\"https:\/\/www.europesays.com\/de\/wp-content\/uploads\/2025\/07\/1752965205_983_11746534-01-header-va-rmland-2549976-pixabay-.jpg\" alt=\"\" width=\"160\"\/><\/p>\n<p>\n                        REGION &#8211; 25.06.2023\n                    <\/p>\n<p>                    Was wir lesen, was wir schauen (70)<br \/>\n                    Selma Lagerl\u00f6f, Nils Holgerssons wunderbare Reise mit den Wildg\u00e4nsen<br \/>\n                <\/a><\/p>\n<p>                <a target=\"_blank\" style=\"text-decoration: none;\" href=\"https:\/\/osthessen-news.de\/n11746107\/gwen-bristow-kalifornische-sinfonie-go-west-der-liebe-wegen.html\" title=\"Gwen Bristow, Kalifornische Sinfonie: Go West - der Liebe wegen\" rel=\"nofollow noopener\"><\/p>\n<p>                                                    <img decoding=\"async\" src=\"https:\/\/www.europesays.com\/de\/wp-content\/uploads\/2025\/07\/1752965206_55_11746107-01-header-yosemite-1738280-1920.jpg\" alt=\"\" width=\"160\"\/><\/p>\n<p>\n                        REGION &#8211; 11.06.2023\n                    <\/p>\n<p>                    Was wir lesen, was wir schauen (69)<br \/>\n                    Gwen Bristow, Kalifornische Sinfonie: Go West &#8211; der Liebe wegen<br \/>\n                <\/a><\/p>\n<p>                <a target=\"_blank\" style=\"text-decoration: none;\" href=\"https:\/\/osthessen-news.de\/n11744708\/jessamine-chan-institut-fuer-gute-muetter-ihre-tochter-ist-jetzt-bei-uns.html\" title=\"Jessamine Chan, Institut f\u00fcr gute M\u00fctter - \" ihre=\"\" tochter=\"\" ist=\"\" jetzt=\"\" bei=\"\" uns=\"\" rel=\"nofollow noopener\"><\/p>\n<p>                                                    <img decoding=\"async\" src=\"https:\/\/www.europesays.com\/de\/wp-content\/uploads\/2025\/07\/1752965206_465_11744708-00-header-artificial-intelligence-2167835-1920.jpg\" alt=\"\" width=\"160\"\/><\/p>\n<p>\n                        REGION &#8211; 14.05.2023\n                    <\/p>\n<p>                    Was wir lesen, was wir schauen (68)<br \/>\n                    Jessamine Chan, Institut f\u00fcr gute M\u00fctter &#8211; &#8222;Ihre Tochter ist jetzt bei uns&#8220;<br \/>\n                <\/a><\/p>\n<p>                <a target=\"_blank\" style=\"text-decoration: none;\" href=\"https:\/\/osthessen-news.de\/n11743711\/dashiell-hammett-der-malteser-falke-die-revolution-des-kriminalromans.html\" title=\"Dashiell Hammett, Der Malteser Falke - Die Revolution des Kriminalromans\" rel=\"nofollow noopener\"><\/p>\n<p>                                                    <img decoding=\"async\" src=\"https:\/\/www.europesays.com\/de\/wp-content\/uploads\/2025\/07\/1752965207_805_11743711-01-la-at-dawn.jpg\" alt=\"\" width=\"160\"\/><\/p>\n<p>\n                        REGION &#8211; 16.04.2023\n                    <\/p>\n<p>                    Was wir lesen, was wir schauen (67)<br \/>\n                    Dashiell Hammett, Der Malteser Falke &#8211; Die Revolution des Kriminalromans<br \/>\n                <\/a><\/p>\n<p>                <a target=\"_blank\" style=\"text-decoration: none;\" href=\"https:\/\/osthessen-news.de\/n11743216\/marie-antoinette-die-verkannte-koenigin.html\" title=\"Marie Antoinette \u2013 die verkannte K\u00f6nigin\" rel=\"nofollow noopener\"><\/p>\n<p>                                                    <img decoding=\"async\" src=\"https:\/\/www.europesays.com\/de\/wp-content\/uploads\/2025\/07\/1752965208_219_11743216-01b-vue-ae-rienne-du-domaine-de-versailles-par-toucanwings-creative-commons-by-sa-3.0-073.j.jpeg\" alt=\"\" width=\"160\"\/><\/p>\n<p>\n                        REGION &#8211; 02.04.2023\n                    <\/p>\n<p>                    Was wir lesen, was wir schauen (66)<br \/>\n                    Marie Antoinette \u2013 die verkannte K\u00f6nigin<br \/>\n                <\/a><\/p>\n<p>                <a target=\"_blank\" style=\"text-decoration: none;\" href=\"https:\/\/osthessen-news.de\/n11742566\/vicki-baum-menschen-im-hotel-hier-ist-immer-was-los.html\" title=\"Vicki Baum, Menschen im Hotel - Hier ist immer was los\" rel=\"nofollow noopener\"><\/p>\n<p>                                                    <img decoding=\"async\" src=\"https:\/\/www.europesays.com\/de\/wp-content\/uploads\/2025\/07\/1752965208_231_11742566-01-1620px-ho-tel-ritz-wiki.jpg\" alt=\"\" width=\"160\"\/><\/p>\n<p>\n                        REGION &#8211; 19.03.2023\n                    <\/p>\n<p>                    Was wir lesen, was wir schauen (65)<br \/>\n                    Vicki Baum, Menschen im Hotel &#8211; Hier ist immer was los<br \/>\n                <\/a><\/p>\n<p>                <a target=\"_blank\" style=\"text-decoration: none;\" href=\"https:\/\/osthessen-news.de\/n11742509\/erich-maria-remarque-im-westen-nichts-neues-das-grauen-der-welt.html\" title=\"Erich Maria Remarque, Im Westen nichts Neues - Das Grauen der Welt\" rel=\"nofollow noopener\"><\/p>\n<p>                                                    <img decoding=\"async\" src=\"https:\/\/www.europesays.com\/de\/wp-content\/uploads\/2025\/07\/1752965208_552_11720539-01-hans-baluschek-die-vernichtung.jpg\" alt=\"\" width=\"160\"\/><\/p>\n<p>\n                        REGION &#8211; 14.03.2023\n                    <\/p>\n<p>                    Sensationell: vier Oscars f\u00fcr deutschen Film<br \/>\n                    Erich Maria Remarque, Im Westen nichts Neues &#8211; Das Grauen der Welt<br \/>\n                <\/a><\/p>\n<p>                <a target=\"_blank\" style=\"text-decoration: none;\" href=\"https:\/\/osthessen-news.de\/n11742023\/lee-child-die-hyanen-jack-reacher-bd-24-ein-amerikanischer-held.html\" title=\"Lee Child, Die Hy\u00e4nen (Jack Reacher Bd. 24) - Ein amerikanischer Held\" rel=\"nofollow noopener\"><\/p>\n<p>                                                    <img decoding=\"async\" src=\"https:\/\/www.europesays.com\/de\/wp-content\/uploads\/2025\/07\/1752965209_584_11742023-01-road-2107479.jpg\" alt=\"\" width=\"160\"\/><\/p>\n<p>\n                        REGION &#8211; 05.03.2023\n                    <\/p>\n<p>                    Was wir lesen, was wir schauen (64)<br \/>\n                    Lee Child, Die Hy\u00e4nen (Jack Reacher Bd. 24) &#8211; Ein amerikanischer Held<br \/>\n                <\/a><\/p>\n<p>                <a target=\"_blank\" style=\"text-decoration: none;\" href=\"https:\/\/osthessen-news.de\/n11741152\/serhij-zhadan-himmel-ueber-charkiv-der-chronist-des-krieges.html\" title=\"Serhij Zhadan, Himmel \u00fcber Charkiv - Der Chronist des Krieges\" rel=\"nofollow noopener\"><\/p>\n<p>                                                    <img decoding=\"async\" src=\"https:\/\/www.europesays.com\/de\/wp-content\/uploads\/2025\/07\/1752965211_702_1676370165-11741152-cc-43125-01-004-zhadan-abb033-1-.jpg\" alt=\"\" width=\"160\"\/><\/p>\n<p>\n                        REGION &#8211; 24.02.2023\n                    <\/p>\n<p>                    Was wir lesen, was wir schauen (63)<br \/>\n                    Serhij Zhadan, Himmel \u00fcber Charkiv &#8211; Der Chronist des Krieges<br \/>\n                <\/a><\/p>\n<p>                <a target=\"_blank\" style=\"text-decoration: none;\" href=\"https:\/\/osthessen-news.de\/n11738914\/prince-harry-spare-reserve-der-klagende-prinz.html\" title=\"Prince Harry, Spare \u2013 Reserve - Der klagende Prinz\" rel=\"nofollow noopener\"><\/p>\n<p>                                                    <img decoding=\"async\" src=\"https:\/\/www.europesays.com\/de\/wp-content\/uploads\/2025\/07\/1752965212_215_11738914-01-buckingham-pexels-rome-o-1560102.jpg\" alt=\"\" width=\"160\"\/><\/p>\n<p>\n                        REGION &#8211; 05.02.2023\n                    <\/p>\n<p>                    Was wir lesen, was wir schauen (62)<br \/>\n                    Prince Harry, Spare \u2013 Reserve &#8211; Der klagende Prinz<br \/>\n                <\/a><\/p>\n<p>                <a target=\"_blank\" style=\"text-decoration: none;\" href=\"https:\/\/osthessen-news.de\/n11735474\/reiner-engelmann-der-fotograf-von-auschwitz-uns-der-geschichte-stellen.html\" title=\"Reiner Engelmann, Der Fotograf von Auschwitz - \" uns=\"\" der=\"\" geschichte=\"\" stellen=\"\" rel=\"nofollow noopener\"><\/p>\n<p>                                                    <img decoding=\"async\" src=\"https:\/\/www.europesays.com\/de\/wp-content\/uploads\/2025\/07\/1752965212_947_11735474-auschwitz-16x9.jpg\" alt=\"\" width=\"160\"\/><\/p>\n<p>\n                        REGION &#8211; 22.01.2023\n                    <\/p>\n<p>                    Was wir lesen, was wir schauen (61)<br \/>\n                    Reiner Engelmann, Der Fotograf von Auschwitz &#8211; &#8222;Uns der Geschichte stellen&#8220;<br \/>\n                <\/a><\/p>\n<p>                <a target=\"_blank\" style=\"text-decoration: none;\" href=\"https:\/\/osthessen-news.de\/n11732133\/agatha-christie-und-dann-gab-s-keines-mehr-der-schoene-schein-truegt.html\" title=\"Agatha Christie, Und dann gab\u2019s keines mehr - Der sch\u00f6ne Schein tr\u00fcgt\" rel=\"nofollow noopener\"><\/p>\n<p>                                                    <img decoding=\"async\" src=\"https:\/\/www.europesays.com\/de\/wp-content\/uploads\/2025\/07\/1752965213_682_11732133-00-devon-rainbow-1909.jpg\" alt=\"\" width=\"160\"\/><\/p>\n<p>\n                        REGION &#8211; 08.01.2023\n                    <\/p>\n<p>                    Was wir lesen, was wir schauen (60)<br \/>\n                    Agatha Christie, Und dann gab\u2019s keines mehr &#8211; Der sch\u00f6ne Schein tr\u00fcgt<br \/>\n                <\/a><\/p>\n<p>                <a target=\"_blank\" style=\"text-decoration: none;\" href=\"https:\/\/osthessen-news.de\/n11728195\/buecher-und-filme-fuer-zwischen-den-jahren-weihnachtszeit-schmoekerzeit.html\" title=\"B\u00fccher und Filme f\u00fcr \" zwischen=\"\" den=\"\" jahren=\"\" weihnachtszeit=\"\" schm=\"\" rel=\"nofollow noopener\"><\/p>\n<p>                                                    <img decoding=\"async\" src=\"https:\/\/www.europesays.com\/de\/wp-content\/uploads\/2025\/07\/1752965213_587_11728195-01a-wish-list-7628672.jpg\" alt=\"\" width=\"160\"\/><\/p>\n<p>\n                        REGION &#8211; 18.12.2022\n                    <\/p>\n<p>                    Was wir lesen, was wir schauen (59)<br \/>\n                    B\u00fccher und Filme f\u00fcr &#8222;zwischen den Jahren&#8220; &#8211; Weihnachtszeit &#8211; Schm\u00f6kerzeit!<br \/>\n                <\/a><\/p>\n<p>                <a target=\"_blank\" style=\"text-decoration: none;\" href=\"https:\/\/osthessen-news.de\/n11724873\/ach-sie-lieben-kunst-hannah-rothschild-die-launenhaftigkeit-der-liebe.html\" title=\"Ach, Sie lieben Kunst? - Hannah Rothschild, Die Launenhaftigkeit der Liebe\" rel=\"nofollow noopener\"><\/p>\n<p>                                                    <img decoding=\"async\" src=\"https:\/\/www.europesays.com\/de\/wp-content\/uploads\/2025\/07\/1752965214_748_11724873-01-antoine-watteau-pleasures-of-love-google-art-project.jpg\" alt=\"\" width=\"160\"\/><\/p>\n<p>\n                        REGION &#8211; 04.12.2022\n                    <\/p>\n<p>                    Was wir lesen, was wir schauen (58)<br \/>\n                    Ach, Sie lieben Kunst? &#8211; Hannah Rothschild, Die Launenhaftigkeit der Liebe<br \/>\n                <\/a><\/p>\n<p>                <a target=\"_blank\" style=\"text-decoration: none;\" href=\"https:\/\/osthessen-news.de\/n11720539\/erich-maria-remarque-im-westen-nichts-neues-das-grauen-der-welt.html\" title=\"Erich Maria Remarque, Im Westen nichts Neues - Das Grauen der Welt\" rel=\"nofollow noopener\"><\/p>\n<p>                                                    <img decoding=\"async\" src=\"https:\/\/www.europesays.com\/de\/wp-content\/uploads\/2025\/07\/1752965208_552_11720539-01-hans-baluschek-die-vernichtung.jpg\" alt=\"\" width=\"160\"\/><\/p>\n<p>\n                        REGION &#8211; 20.11.2022\n                    <\/p>\n<p>                    Was wir lesen, was wir schauen (57)<br \/>\n                    Erich Maria Remarque, Im Westen nichts Neues &#8211; Das Grauen der Welt<br \/>\n                <\/a><\/p>\n<p>                <a target=\"_blank\" style=\"text-decoration: none;\" href=\"https:\/\/osthessen-news.de\/n11719615\/maggie-haberman-tauschung-aufstieg-trumps-und-untergang-amerikas.html\" title=\"Maggie Haberman, T\u00e4uschung - Aufstieg Trumps und Untergang Amerikas\" rel=\"nofollow noopener\"><\/p>\n<p>                                                    <img decoding=\"async\" src=\"https:\/\/www.europesays.com\/de\/wp-content\/uploads\/2025\/07\/1752965214_42_11719615-01-trump-2023722-1920-pixabay.jpg\" alt=\"\" width=\"160\"\/><\/p>\n<p>\n                        REGION &#8211; 06.11.2022\n                    <\/p>\n<p>                    Was wir lesen, was wir schauen (56)<br \/>\n                    Maggie Haberman, T\u00e4uschung &#8211; Aufstieg Trumps und Untergang Amerikas<br \/>\n                <\/a><\/p>\n<p>                <a target=\"_blank\" style=\"text-decoration: none;\" href=\"https:\/\/osthessen-news.de\/n11715755\/emelie-schepp-nebelkind-manche-wunden-heilen-nie.html\" title=\"Emelie Schepp, Nebelkind - Manche Wunden heilen nie\" rel=\"nofollow noopener\"><\/p>\n<p>                                                    <img decoding=\"async\" src=\"https:\/\/www.europesays.com\/de\/wp-content\/uploads\/2025\/07\/1752965215_834_11715755-04-das-sog.-strykj-rnet.jpg\" alt=\"\" width=\"160\"\/><\/p>\n<p>\n                        REGION &#8211; 23.10.2022\n                    <\/p>\n<p>                    Was wir lesen, was wir schauen (55)<br \/>\n                    Emelie Schepp, Nebelkind &#8211; Manche Wunden heilen nie<br \/>\n                <\/a><\/p>\n<p>                <a target=\"_blank\" style=\"text-decoration: none;\" href=\"https:\/\/osthessen-news.de\/n11712850\/john-sweeney-der-killer-im-kreml-der-zar-der-korruption.html\" title=\"John Sweeney, Der Killer im Kreml - Der Zar der Korruption\" rel=\"nofollow noopener\"><\/p>\n<p>                                                    <img decoding=\"async\" src=\"https:\/\/www.europesays.com\/de\/wp-content\/uploads\/2025\/07\/1752965215_748_11712850-a-header-destruction-7139520-1920.jpg\" alt=\"\" width=\"160\"\/><\/p>\n<p>\n                        REGION &#8211; 09.10.2022\n                    <\/p>\n<p>                    Was wir lesen, was wir schauen (54)<br \/>\n                    John Sweeney, Der Killer im Kreml &#8211; Der Zar der Korruption<br \/>\n                <\/a><\/p>\n<p>                <a target=\"_blank\" style=\"text-decoration: none;\" href=\"https:\/\/osthessen-news.de\/n11709823\/alan-bennett-die-souverane-leserin-lesen-gegen-die-leere-des-lebens.html\" title=\"Alan Bennett, Die souver\u00e4ne Leserin - Lesen gegen die Leere des Lebens\" rel=\"nofollow noopener\"><\/p>\n<p>                                                    <img decoding=\"async\" src=\"https:\/\/www.europesays.com\/de\/wp-content\/uploads\/2025\/07\/1752965216_859_11709823-01-royals-2012-wikipedia.jpg\" alt=\"\" width=\"160\"\/><\/p>\n<p>\n                        REGION &#8211; 25.09.2022\n                    <\/p>\n<p>                    Was wir lesen, was wir schauen (53)<br \/>\n                    Alan Bennett, Die souver\u00e4ne Leserin &#8211; Lesen gegen die Leere des Lebens<br \/>\n                <\/a><\/p>\n<p>                <a target=\"_blank\" style=\"text-decoration: none;\" href=\"https:\/\/osthessen-news.de\/n11709849\/anja-mazuhn-meine-wilden-inseln-die-weite-des-himmels-und-der-see.html\" title=\"Anja Mazuhn, Meine wilden Inseln - Die Weite des Himmels und der See\" rel=\"nofollow noopener\"><\/p>\n<p>                                                    <img decoding=\"async\" src=\"https:\/\/www.europesays.com\/de\/wp-content\/uploads\/2025\/07\/1752965216_786_11709849-00-torshavn-thorshavn-4469757.jpg\" alt=\"\" width=\"160\"\/><\/p>\n<p>\n                        REGION &#8211; 24.07.2022\n                    <\/p>\n<p>                    Was wir lesen, was wir schauen (52)<br \/>\n                    Anja Mazuhn, Meine wilden Inseln &#8211; Die Weite des Himmels und der See<br \/>\n                <\/a><\/p>\n<p>                <a target=\"_blank\" style=\"text-decoration: none;\" href=\"https:\/\/osthessen-news.de\/n11712862\/aiga-rasch-im-schatten-des-ruhms-die-mutter-der-drei-fragezeichen.html\" title=\"Aiga Rasch, Im Schatten des Ruhms -  Die Mutter der drei Fragezeichen\" rel=\"nofollow noopener\"><\/p>\n<p>                                                    <img decoding=\"async\" src=\"https:\/\/www.europesays.com\/de\/wp-content\/uploads\/2025\/07\/1752965218_43_11712862-13-cover-rache-tiger.jpg\" alt=\"\" width=\"160\"\/><\/p>\n<p>\n                        REGION &#8211; 10.07.2022\n                    <\/p>\n<p>                    Was wir lesen, was wir schauen (51)<br \/>\n                    Aiga Rasch, Im Schatten des Ruhms &#8211;  Die Mutter der drei Fragezeichen<br \/>\n                <\/a><\/p>\n<p>                <a target=\"_blank\" style=\"text-decoration: none;\" href=\"https:\/\/osthessen-news.de\/n11711691\/theodor-fontane-der-stechlin-ein-neues-zeitalter-bricht-an.html\" title=\"Theodor Fontane, Der Stechlin - Ein neues Zeitalter bricht an\" rel=\"nofollow noopener\"><\/p>\n<p>                                                    <img decoding=\"async\" src=\"https:\/\/www.europesays.com\/de\/wp-content\/uploads\/2025\/07\/1752965218_639_11711691-17-stechlinsee-p1080036.jpg\" alt=\"\" width=\"160\"\/><\/p>\n<p>\n                        REGION &#8211; 26.06.2022\n                    <\/p>\n<p>                    Was wir lesen, was wir schauen (50)<br \/>\n                    Theodor Fontane, Der Stechlin &#8211; Ein neues Zeitalter bricht an<br \/>\n                <\/a><\/p>\n<p>                <a target=\"_blank\" style=\"text-decoration: none;\" href=\"https:\/\/osthessen-news.de\/n11715722\/lupita-nyong-o-sulwe-feiere-das-leuchten-in-dir.html\" title=\"Lupita Nyong\u2018o: Sulwe - Feiere das Leuchten in Dir\" rel=\"nofollow noopener\"><\/p>\n<p>                                                    <img decoding=\"async\" src=\"https:\/\/www.europesays.com\/de\/wp-content\/uploads\/2025\/07\/1752965219_318_11715722-07-lupita-nyong-o-sulwe-innenseiten-set-4a.jpg\" alt=\"\" width=\"160\"\/><\/p>\n<p>\n                        REGION &#8211; 12.06.2022\n                    <\/p>\n<p>                    Was wir lesen, was wir schauen (49)<br \/>\n                    Lupita Nyong\u2018o: Sulwe &#8211; Feiere das Leuchten in Dir<br \/>\n                <\/a><\/p>\n<p>                <a target=\"_blank\" style=\"text-decoration: none;\" href=\"https:\/\/osthessen-news.de\/n11716043\/emily-ratajkowski-my-body-schoen-und-feministisch.html\" title=\"Emily Ratajkowski, My Body -  Sch\u00f6n und feministisch\" rel=\"nofollow noopener\"><\/p>\n<p>                                                    <img decoding=\"async\" src=\"https:\/\/www.europesays.com\/de\/wp-content\/uploads\/2025\/07\/1752965219_604_11716043-01-e.-ratajkowski-instagram-emrata-16x9.jpg\" alt=\"\" width=\"160\"\/><\/p>\n<p>\n                        REGION &#8211; 29.05.2022\n                    <\/p>\n<p>                    Was wir lesen, was wir schauen (48)<br \/>\n                    Emily Ratajkowski, My Body &#8211;  Sch\u00f6n und feministisch<br \/>\n                <\/a><\/p>\n<p>                               \u2193\u2193  alle 73 Artikel anzeigen \u2193\u2193<\/p>\n","protected":false},"excerpt":{"rendered":"20.07.25 &#8211; Siegfried Lenz\u2019 Erz\u00e4hlband &#8222;So z\u00e4rtlich war Suleyken&#8220; erschien 1955 und ist eine der poetischsten und gleichzeitig&hellip;\n","protected":false},"author":2,"featured_media":278679,"comment_status":"","ping_status":"","sticky":false,"template":"","format":"standard","meta":{"footnotes":""},"categories":[1774],"tags":[6193,6195,1784,1785,29,214,6197,6192,30,2052,1381,14,6196,15,6194,215],"class_list":{"0":"post-278678","1":"post","2":"type-post","3":"status-publish","4":"format-standard","5":"has-post-thumbnail","7":"category-buecher","8":"tag-alsfeld","9":"tag-bad-hersfeld","10":"tag-books","11":"tag-buecher","12":"tag-deutschland","13":"tag-entertainment","14":"tag-flieden","15":"tag-fulda","16":"tag-germany","17":"tag-hessen","18":"tag-lauterbach","19":"tag-nachrichten","20":"tag-neuhof","21":"tag-news","22":"tag-osthessen","23":"tag-unterhaltung"},"share_on_mastodon":{"url":"https:\/\/pubeurope.com\/@de\/114882340418132556","error":""},"_links":{"self":[{"href":"https:\/\/www.europesays.com\/de\/wp-json\/wp\/v2\/posts\/278678","targetHints":{"allow":["GET"]}}],"collection":[{"href":"https:\/\/www.europesays.com\/de\/wp-json\/wp\/v2\/posts"}],"about":[{"href":"https:\/\/www.europesays.com\/de\/wp-json\/wp\/v2\/types\/post"}],"author":[{"embeddable":true,"href":"https:\/\/www.europesays.com\/de\/wp-json\/wp\/v2\/users\/2"}],"replies":[{"embeddable":true,"href":"https:\/\/www.europesays.com\/de\/wp-json\/wp\/v2\/comments?post=278678"}],"version-history":[{"count":0,"href":"https:\/\/www.europesays.com\/de\/wp-json\/wp\/v2\/posts\/278678\/revisions"}],"wp:featuredmedia":[{"embeddable":true,"href":"https:\/\/www.europesays.com\/de\/wp-json\/wp\/v2\/media\/278679"}],"wp:attachment":[{"href":"https:\/\/www.europesays.com\/de\/wp-json\/wp\/v2\/media?parent=278678"}],"wp:term":[{"taxonomy":"category","embeddable":true,"href":"https:\/\/www.europesays.com\/de\/wp-json\/wp\/v2\/categories?post=278678"},{"taxonomy":"post_tag","embeddable":true,"href":"https:\/\/www.europesays.com\/de\/wp-json\/wp\/v2\/tags?post=278678"}],"curies":[{"name":"wp","href":"https:\/\/api.w.org\/{rel}","templated":true}]}}