{"id":278816,"date":"2025-07-20T00:08:10","date_gmt":"2025-07-20T00:08:10","guid":{"rendered":"https:\/\/www.europesays.com\/de\/278816\/"},"modified":"2025-07-20T00:08:10","modified_gmt":"2025-07-20T00:08:10","slug":"buchtipp-martina-behm-hier-draussen-buchtipp-radio","status":"publish","type":"post","link":"https:\/\/www.europesays.com\/de\/278816\/","title":{"rendered":"Buchtipp: Martina Behm &#8211; Hier drau\u00dfen &#8211; Buchtipp &#8211; Radio"},"content":{"rendered":"<p>Was sagt Kritikerin Christine Westermann?<\/p>\n<p class=\"text small\">Martina Behm puzzelt auf mehr als vierhundert Seiten eine Dorfgemeinschaft zusammen, in der jeder und jede seine ganz eigene Lebens- und Liebesgeschichte hat. Zwischendurch habe ich mal den \u00dcberblick verloren, wer zu wem geh\u00f6rt oder nicht mehr geh\u00f6ren will, aber das hat kein bisschen gest\u00f6rt.<\/p>\n<p>Martina Behm f\u00fchrt einen sehr geschickt durch ein Dorf, wo man weit bis zum Horizont sehen kann, aber diese Weite manchmal in merkw\u00fcrdigem Gegensatz zur Enge in manchen Herzen steht.<\/p>\n<p>&#8222;Hier drau\u00dfen&#8220; zeigt viel trockenen Humor, kommt unaufgeregt und doch mit verhaltener Spannung daher. Und am Ende wundert man sich kaum mehr, dass die J\u00e4ger mit ihrem Aberglauben von der wei\u00dfen Hirschkuh doch recht haben.<\/p>\n<p>F\u00fcr wen ist das Buch?<\/p>\n<p class=\"text small\">F\u00fcr alle, die Lust auf einen vielschichtigen und warmherzigen Dorfroman haben und sich nach einer Auszeit auf dem Land sehnen.<\/p>\n<p>Das Buch auf einem Blick: <\/p>\n<p class=\"text small\">Martina Behm<br \/><strong>Hier drau\u00dfen<\/strong><br \/>496 Seiten<br \/>Verlag: dtv Verlagsgesellschaft<br \/>ISBN: 978-3-423-28478-3<br \/>Preis: 24 Euro<br \/>Kategorie: Roman<\/p>\n","protected":false},"excerpt":{"rendered":"Was sagt Kritikerin Christine Westermann? Martina Behm puzzelt auf mehr als vierhundert Seiten eine Dorfgemeinschaft zusammen, in der&hellip;\n","protected":false},"author":2,"featured_media":278817,"comment_status":"","ping_status":"","sticky":false,"template":"","format":"standard","meta":{"footnotes":""},"categories":[1774],"tags":[1784,1785,29,214,30,215],"class_list":{"0":"post-278816","1":"post","2":"type-post","3":"status-publish","4":"format-standard","5":"has-post-thumbnail","7":"category-buecher","8":"tag-books","9":"tag-buecher","10":"tag-deutschland","11":"tag-entertainment","12":"tag-germany","13":"tag-unterhaltung"},"share_on_mastodon":{"url":"https:\/\/pubeurope.com\/@de\/114882655230381430","error":""},"_links":{"self":[{"href":"https:\/\/www.europesays.com\/de\/wp-json\/wp\/v2\/posts\/278816","targetHints":{"allow":["GET"]}}],"collection":[{"href":"https:\/\/www.europesays.com\/de\/wp-json\/wp\/v2\/posts"}],"about":[{"href":"https:\/\/www.europesays.com\/de\/wp-json\/wp\/v2\/types\/post"}],"author":[{"embeddable":true,"href":"https:\/\/www.europesays.com\/de\/wp-json\/wp\/v2\/users\/2"}],"replies":[{"embeddable":true,"href":"https:\/\/www.europesays.com\/de\/wp-json\/wp\/v2\/comments?post=278816"}],"version-history":[{"count":0,"href":"https:\/\/www.europesays.com\/de\/wp-json\/wp\/v2\/posts\/278816\/revisions"}],"wp:featuredmedia":[{"embeddable":true,"href":"https:\/\/www.europesays.com\/de\/wp-json\/wp\/v2\/media\/278817"}],"wp:attachment":[{"href":"https:\/\/www.europesays.com\/de\/wp-json\/wp\/v2\/media?parent=278816"}],"wp:term":[{"taxonomy":"category","embeddable":true,"href":"https:\/\/www.europesays.com\/de\/wp-json\/wp\/v2\/categories?post=278816"},{"taxonomy":"post_tag","embeddable":true,"href":"https:\/\/www.europesays.com\/de\/wp-json\/wp\/v2\/tags?post=278816"}],"curies":[{"name":"wp","href":"https:\/\/api.w.org\/{rel}","templated":true}]}}