{"id":278839,"date":"2025-07-20T00:20:21","date_gmt":"2025-07-20T00:20:21","guid":{"rendered":"https:\/\/www.europesays.com\/de\/278839\/"},"modified":"2025-07-20T00:20:21","modified_gmt":"2025-07-20T00:20:21","slug":"chefkoch-martin-eckert-bringt-kreative-kueche-an-den-see-und-hat-noch-viel-mehr-vor","status":"publish","type":"post","link":"https:\/\/www.europesays.com\/de\/278839\/","title":{"rendered":"Chefkoch Martin Eckert bringt kreative K\u00fcche an den See \u2013 und hat noch viel mehr vor"},"content":{"rendered":"<p class=\"fp-paragraph\"><strong>Teutschenthal\/MZ.<\/strong> &#8211; Ein Smash-Cheeseburger, eingelegte Melone mit Feta und Zitronen\u00f6l oder ein Tomate-Mozzarella-Wrap \u2013 schon vor der Er\u00f6ffnung des Pappel Beachs in Teutschenthal haben die Betreiber in hohen T\u00f6nen \u00fcber das kommende kulinarische Angebot gesprochen, das \u201emehr als nur die klassischen Freibadpommes\u201c bieten sollte.  Mittlerweile ist das neue Strandbad samt Beachclub seit fast zwei Monaten ge\u00f6ffnet. Dass das Versprechen der P\u00e4chter Florian Seber und John Witteborn eingehalten wird, darum k\u00fcmmert sich seitdem Chefkoch Martin Eckert.<\/p>\n","protected":false},"excerpt":{"rendered":"Teutschenthal\/MZ. &#8211; Ein Smash-Cheeseburger, eingelegte Melone mit Feta und Zitronen\u00f6l oder ein Tomate-Mozzarella-Wrap \u2013 schon vor der Er\u00f6ffnung&hellip;\n","protected":false},"author":2,"featured_media":278840,"comment_status":"","ping_status":"","sticky":false,"template":"","format":"standard","meta":{"footnotes":""},"categories":[1860],"tags":[3364,29,548,663,3934,30,4062,17332,13,14,15,17331,860,12],"class_list":{"0":"post-278839","1":"post","2":"type-post","3":"status-publish","4":"format-standard","5":"has-post-thumbnail","7":"category-halle-saale","8":"tag-de","9":"tag-deutschland","10":"tag-eu","11":"tag-europa","12":"tag-europe","13":"tag-germany","14":"tag-halle","15":"tag-halle-saale","16":"tag-headlines","17":"tag-nachrichten","18":"tag-news","19":"tag-saale","20":"tag-sachsen-anhalt","21":"tag-schlagzeilen"},"share_on_mastodon":{"url":"https:\/\/pubeurope.com\/@de\/114882702425097892","error":""},"_links":{"self":[{"href":"https:\/\/www.europesays.com\/de\/wp-json\/wp\/v2\/posts\/278839","targetHints":{"allow":["GET"]}}],"collection":[{"href":"https:\/\/www.europesays.com\/de\/wp-json\/wp\/v2\/posts"}],"about":[{"href":"https:\/\/www.europesays.com\/de\/wp-json\/wp\/v2\/types\/post"}],"author":[{"embeddable":true,"href":"https:\/\/www.europesays.com\/de\/wp-json\/wp\/v2\/users\/2"}],"replies":[{"embeddable":true,"href":"https:\/\/www.europesays.com\/de\/wp-json\/wp\/v2\/comments?post=278839"}],"version-history":[{"count":0,"href":"https:\/\/www.europesays.com\/de\/wp-json\/wp\/v2\/posts\/278839\/revisions"}],"wp:featuredmedia":[{"embeddable":true,"href":"https:\/\/www.europesays.com\/de\/wp-json\/wp\/v2\/media\/278840"}],"wp:attachment":[{"href":"https:\/\/www.europesays.com\/de\/wp-json\/wp\/v2\/media?parent=278839"}],"wp:term":[{"taxonomy":"category","embeddable":true,"href":"https:\/\/www.europesays.com\/de\/wp-json\/wp\/v2\/categories?post=278839"},{"taxonomy":"post_tag","embeddable":true,"href":"https:\/\/www.europesays.com\/de\/wp-json\/wp\/v2\/tags?post=278839"}],"curies":[{"name":"wp","href":"https:\/\/api.w.org\/{rel}","templated":true}]}}