{"id":278856,"date":"2025-07-20T00:29:26","date_gmt":"2025-07-20T00:29:26","guid":{"rendered":"https:\/\/www.europesays.com\/de\/278856\/"},"modified":"2025-07-20T00:29:26","modified_gmt":"2025-07-20T00:29:26","slug":"pol-ma-neckargemuend-rhein-neckar-kreis-unfall-mit-mehreren-fahrzeugen","status":"publish","type":"post","link":"https:\/\/www.europesays.com\/de\/278856\/","title":{"rendered":"POL-MA: Neckargem\u00fcnd\/Rhein-Neckar-Kreis: Unfall mit mehreren Fahrzeugen, &#8230;"},"content":{"rendered":"<p class=\"date\">19.07.2025 \u2013 07:41<\/p>\n<p class=\"customer\">\n                        <a class=\"story-customer\" title=\"weiter zum newsroom von Polizeipr\u00e4sidium Mannheim\" href=\"https:\/\/www.presseportal.de\/blaulicht\/nr\/14915\" rel=\"nofollow noopener\" target=\"_blank\">Polizeipr\u00e4sidium Mannheim<\/a>\n                    <\/p>\n<p><a data-category=\"citylink-story-view\" data-action=\"click\" data-label=\"Citylink in Meldungsansicht\" class=\"story-city event-trigger\" href=\"https:\/\/www.presseportal.de\/regional\/Mannheim\" title=\"News aus Mannheim \" rel=\"nofollow noopener\" target=\"_blank\">Mannheim<\/a> (ots)<\/p>\n<p>Wie bereits berichtet,<\/p>\n<p><a target=\"_blank\" class=\"uri-ext outbound\" rel=\"noopener nofollow\" href=\"https:\/\/www.presseportal.de\/blaulicht\/pm\/14915\/6079649\">www.presseportal.de\/blaulicht\/pm\/14915\/6079649<\/a>,<\/p>\n<p>kam es am 18.07.2025 kurz vor 13:00 Uhr zu einem Unfall bei dem insgesamt sechs Fahrzeuge beteiligt waren.<br \/>\nNach derzeitigem Stand ist bekannt, dass eine 41-J\u00e4hrige Fahrerin eines PKW BMW, nachdem sie in ihr Fahrzeug stieg, aus nicht abschlie\u00dfend gekl\u00e4rter Ursache pl\u00f6tzlich stark beschleunigte und im Bereich der Hollmuthstra\u00dfe mit f\u00fcnf weiteren am Stra\u00dfenrand geparkten Fahrzeuge kollidierte. Diese wurden teilweise komplett bis lediglich leicht besch\u00e4digt. Ebenso wurden kam es in diesem Zusammenhang zu diversen Besch\u00e4digungen von Einfahrten, Gartentoren und Gel\u00e4ndern. Gl\u00fccklicherweise wurde die Fahrerin des BMW nur leicht verletzt. Der Schaden an den Fahrzeugen wird auf ca. 90.000,- Euro beziffert.<br \/>\nF\u00fcr die Unfallaufnahme sowie die Abschlepp- und Reinigungsarbeiten musste die Stra\u00dfe bis 16:10 Uhr gesperrt werden. Der Verkehrsdienst Heidelberg hat die Ermittlungen zur Unfallursache aufgenommen und sucht Zeugen, die den Vorfall beobachtet haben und sachdienliche Hinweise zu dem Unfallgeschehen mitteilen k\u00f6nnen. Diese werden gebeten, sich unter der Telefonnummer 0621\/174-4110 zu melden.<\/p>\n<p class=\"contact-headline\">R\u00fcckfragen bitte an:<\/p>\n<p class=\"contact-text\">Polizeipr\u00e4sidium Mannheim<br \/>F\u00fchrungs- und Lagezentrum<br \/>Michael Sch\u00e4fer<br \/>Telefon: 0621 174-1111<br \/>E-Mail: <a href=\"https:\/\/www.presseportal.de\/blaulicht\/pm\/14915\/mailto: mannheim.pp@polizei.bwl.de\" class=\"uri-mailto\" rel=\"nofollow noopener\" target=\"_blank\"> mannheim.pp@polizei.bwl.de<\/a><br \/><a target=\"_blank\" class=\"uri-ext outbound\" rel=\"noopener nofollow\" href=\"http:\/\/www.polizei-bw.de\/\">http:\/\/www.polizei-bw.de\/<\/a><\/p>\n<p class=\"originator\">Original-Content von: Polizeipr\u00e4sidium Mannheim, \u00fcbermittelt durch news aktuell<\/p>\n","protected":false},"excerpt":{"rendered":"19.07.2025 \u2013 07:41 Polizeipr\u00e4sidium Mannheim Mannheim (ots) Wie bereits berichtet, www.presseportal.de\/blaulicht\/pm\/14915\/6079649, kam es am 18.07.2025 kurz vor 13:00&hellip;\n","protected":false},"author":2,"featured_media":108,"comment_status":"","ping_status":"","sticky":false,"template":"","format":"standard","meta":{"footnotes":""},"categories":[1845],"tags":[1634,6187,3364,29,548,663,3934,30,13,177,2096,14,15,121,178,180,179,181,12],"class_list":{"0":"post-278856","1":"post","2":"type-post","3":"status-publish","4":"format-standard","5":"has-post-thumbnail","7":"category-mannheim","8":"tag-baden-wuerttemberg","9":"tag-bw","10":"tag-de","11":"tag-deutschland","12":"tag-eu","13":"tag-europa","14":"tag-europe","15":"tag-germany","16":"tag-headlines","17":"tag-kriminalitt","18":"tag-mannheim","19":"tag-nachrichten","20":"tag-news","21":"tag-polizei","22":"tag-presse","23":"tag-pressemeldung","24":"tag-pressemitteilung","25":"tag-pressemitteilungen","26":"tag-schlagzeilen"},"share_on_mastodon":{"url":"https:\/\/pubeurope.com\/@de\/114882737845173390","error":""},"_links":{"self":[{"href":"https:\/\/www.europesays.com\/de\/wp-json\/wp\/v2\/posts\/278856","targetHints":{"allow":["GET"]}}],"collection":[{"href":"https:\/\/www.europesays.com\/de\/wp-json\/wp\/v2\/posts"}],"about":[{"href":"https:\/\/www.europesays.com\/de\/wp-json\/wp\/v2\/types\/post"}],"author":[{"embeddable":true,"href":"https:\/\/www.europesays.com\/de\/wp-json\/wp\/v2\/users\/2"}],"replies":[{"embeddable":true,"href":"https:\/\/www.europesays.com\/de\/wp-json\/wp\/v2\/comments?post=278856"}],"version-history":[{"count":0,"href":"https:\/\/www.europesays.com\/de\/wp-json\/wp\/v2\/posts\/278856\/revisions"}],"wp:featuredmedia":[{"embeddable":true,"href":"https:\/\/www.europesays.com\/de\/wp-json\/wp\/v2\/media\/108"}],"wp:attachment":[{"href":"https:\/\/www.europesays.com\/de\/wp-json\/wp\/v2\/media?parent=278856"}],"wp:term":[{"taxonomy":"category","embeddable":true,"href":"https:\/\/www.europesays.com\/de\/wp-json\/wp\/v2\/categories?post=278856"},{"taxonomy":"post_tag","embeddable":true,"href":"https:\/\/www.europesays.com\/de\/wp-json\/wp\/v2\/tags?post=278856"}],"curies":[{"name":"wp","href":"https:\/\/api.w.org\/{rel}","templated":true}]}}