{"id":279025,"date":"2025-07-20T02:04:14","date_gmt":"2025-07-20T02:04:14","guid":{"rendered":"https:\/\/www.europesays.com\/de\/279025\/"},"modified":"2025-07-20T02:04:14","modified_gmt":"2025-07-20T02:04:14","slug":"causa-bolsonaro-usa-legen-in-clinch-mit-brasilien-nach","status":"publish","type":"post","link":"https:\/\/www.europesays.com\/de\/279025\/","title":{"rendered":"Causa Bolsonaro: USA legen in Clinch mit Brasilien nach"},"content":{"rendered":"<p>Rubio sprach von einer \u201epolitischen Hexenjagd\u201c des Obersten Richters Alexandre de Moraes gegen Bolsonaro, die auch die USA betreffe. \u201eIch habe daher die Aufhebung der Visa von Moraes und seinen Verb\u00fcndeten am Gericht sowie deren unmittelbaren Familienangeh\u00f6rigen mit sofortiger Wirkung angeordnet\u201c, schrieb er auf X.<\/p>\n<p>Unklar blieb zun\u00e4chst, welche Personen Rubio mit \u201eVerb\u00fcndeten\u201c meinte. Brasilianische Medien berichteten von sieben weiteren Richterinnen und Richtern des Obersten Gerichts. Zwei Richter, die w\u00e4hrend Bolsonaros Pr\u00e4sidentschaft zwischen 2019 und 2023 ernannt wurden, seien demnach nicht von den US-Sanktionen betroffen, ebenso wie ein dritter Richter.<\/p>\n<p>   <a href=\"https:\/\/debatte.orf.at\/stories\/1839529\/\" rel=\"nofollow noopener\" target=\"_blank\"><\/p>\n<p>         <img class=\"lazy-loading\"\/><\/p>\n<p>Debatte<\/p>\n<p>         Wohin f\u00fchrt Trumps Unberechenbarkeit?<\/p>\n<p>   <\/a><\/p>\n<p>Putschversuch nach Wahlniederlage<\/p>\n<p>US-Pr\u00e4sident Donald Trump hatte sich in den vergangenen Tagen mehrfach f\u00fcr Bolsonaro eingesetzt \u2013 er drohte Brasilien ab dem 1. August mit Importz\u00f6llen von 50 Prozent. Der rechte Ex-Pr\u00e4sident steht vor Gericht, weil er nach seiner Wahlniederlage 2022 einen Putschversuch gegen die Regierung seines Nachfolgers Luiz Inacio Lula da Silva geplant haben soll.<\/p>\n<p>Anh\u00e4ngerinnen und Anh\u00e4nger des Ex-Pr\u00e4sidenten hatten im J\u00e4nner 2023 die Geb\u00e4ude des Obersten Gerichts, des Parlaments sowie Lulas Amtssitz in der Hauptstadt Brasilia erst\u00fcrmt und stundenlang schwere Verw\u00fcstungen angerichtet. Eine der bekanntesten Anh\u00e4ngerinnen Bolsonaros, Debora Rodrigues, wurde deswegen bereits Anfang Mai vom Obersten Gericht zu 14 Jahren Haft verurteilt.<\/p>\n<p>Vorgehen erinnerte an US-Kapitolsturm<\/p>\n<p>Das Vorgehen erinnerte an den Sturm von Anh\u00e4ngerinnen und Anh\u00e4ngern von US-Pr\u00e4sident Donald Trump auf das Kapitol in Washington im J\u00e4nner 2021 nach Trumps Wahlniederlage. Die 39-j\u00e4hrige Rodrigues erreichte Bekanntheit, da sie beim Sturm auf das Regierungsviertel eine Statue, die f\u00fcr die Justiz in Brasilien steht, mit Lippenstift beschmiert hatte. \u201eDu hast verloren, Idiot\u201c, schrieb Rodrigues auf die Steinfigur \u2013 eine Botschaft an Lula.<\/p>\n<p>Die nunmehrige Ma\u00dfnahme der USA ist eine Reaktion darauf, dass Moraes den Einsatz einer elektronischen Fu\u00dffessel f\u00fcr Bolsonaro angeordnet hatte. Das Oberste Gericht Brasiliens reagierte damit auf eine Einsch\u00e4tzung der Generalstaatsanwaltschaft, wonach Fluchtgefahr und Einsch\u00fcchterung von Beh\u00f6rden best\u00fcnden. Mit den Abschlusspl\u00e4doyers ist der Prozess j\u00fcngst in die letzte Phase eingetreten. Es wird erwartet, dass der Ex-Pr\u00e4sident in den kommenden Wochen verurteilt wird und ihm eine Haftstrafe von 43 Jahren droht.<\/p>\n<p>      <img decoding=\"async\" class=\"lazy-loading\" bad-src=\"data:image\/svg+xml;charset=utf-8,%3Csvg%20xmlns%3D'http%3A%2F%2Fwww.w3.org%2F2000%2Fsvg'%20viewBox%3D'0%200%204684%203122'%2F%3E\" src=\"https:\/\/www.europesays.com\/de\/wp-content\/uploads\/2025\/07\/2704668_bigpicture_1041156_usa_trump_brasilien_bolsonaro_body_bolsonaro_r.jpg\"  alt=\"Brasiliens Ex-Pr\u00e4sident Jair Bolsonaro\"\/><\/p>\n<p>   Reuters\/Mateus Bonomi<\/p>\n<p>      Ex-Pr\u00e4sident Bolsonaro wurde wegen bestehender Fluchtgefahr das Tragen einer Fu\u00dffessel angeordnet<\/p>\n<p>Lula: \u201eWillk\u00fcrlich und v\u00f6llig grundlos\u201c<\/p>\n<p>Lula kritisierte die \u201ewillk\u00fcrliche und v\u00f6llig grundlose\u201c Entscheidung der US-Regierung. Die Einmischung in die Justiz eines anderen Landes sei \u201einakzeptabel\u201c, schrieb er auf X. Er sei sicher, dass auch Einsch\u00fcchterungsversuche und Drohungen die Institutionen des Landes nicht davon abhalten w\u00fcrden, sich weiter f\u00fcr den Erhalt und die Verteidigung des Rechtsstaats einzusetzen.<\/p>\n<p>Lula, der mit einem schwierigen Kampf um die Wiederwahl im n\u00e4chsten Jahr konfrontiert war, hat in den Umfragen einen Aufschwung erlebt, seit Trump seinen Handelskrieg begonnen hat, dessen Hauptlast Fachleuten zufolge die Kaffeeproduzenten und Viehz\u00fcchter in den Bolsonaro-Hochburgen wie Sao Paulo tragen werden.<\/p>\n<p>      <img decoding=\"async\" class=\"lazy-loading\" bad-src=\"data:image\/svg+xml;charset=utf-8,%3Csvg%20xmlns%3D'http%3A%2F%2Fwww.w3.org%2F2000%2Fsvg'%20viewBox%3D'0%200%205900%203933'%2F%3E\" src=\"https:\/\/www.europesays.com\/de\/wp-content\/uploads\/2025\/07\/2704657_bigpicture_1041152_usa_trump_brasilien_bolsonaro_body_r.jpg\"  alt=\"Demonstranten in Sao Paulo\"\/><\/p>\n<p>   Reuters\/Alexandre Meneghini<\/p>\n<p>      Viele protestierten gegen die von den USA angedrohten Z\u00f6lle gegen Brasilien<\/p>\n<p>Auch Lulas Ministerin f\u00fcr institutionelle Beziehungen, Gleisi Hoffmann, nannte die Visumsk\u00fcndigungen \u201eeine aggressive und kleinliche Vergeltung\u201c und \u201eeinen Affront gegen die brasilianische Justiz und die nationale Souver\u00e4nit\u00e4t\u201c.<\/p>\n<p>Auch Konservative kritisch<\/p>\n<p>Selbst einflussreiche rechte Stimmen haben den Versuch der USA kritisiert, sich durch die Einf\u00fchrung von 50-prozentigen Z\u00f6llen in eine der bev\u00f6lkerungsreichsten Demokratien der Welt einzumischen. Am Samstag bezeichnete die konservative Zeitung \u201eEstado de Sao Paulo\u201c das Verhalten Trumps als \u201einakzeptable Einmischung von au\u00dfen in die inneren Angelegenheiten Brasiliens\u201c.<\/p>\n<p>\u201eTrump hat nicht nur unsere nationale Souver\u00e4nit\u00e4t angegriffen, sondern auch die Geschichte der diplomatischen Beziehungen zwischen den beiden gr\u00f6\u00dften Demokratien Amerikas beschmutzt\u201c, schrieb die Redaktion der Zeitung.<\/p>\n<p>Bolsonaro: Ma\u00dfnahmen politisch motiviert<\/p>\n<p>Bolsonaro bezeichnete die gegen ihn ergriffenen Ma\u00dfnahmen als \u201epolitisch\u201c und \u201egr\u00f6\u00dfte Dem\u00fctigung\u201c. Er wies auch Bef\u00fcrchtungen zur\u00fcck, er plane eine Flucht ins Ausland. Neben der Fu\u00dffessel muss er sich nachts zu Hause aufhalten und darf keine sozialen Netzwerke nutzen oder Kontakt zu Diplomatinnen und Diplomaten halten.<\/p>\n<p>Der Trump-Stratege Alex Bruesewitz begr\u00fc\u00dfte Rubios Ank\u00fcndigung und nannte Bolsonaros Behandlung \u201ekrank und falsch\u201c, wie der \u201eGuardian\u201c berichtete. Bolsonaros Sohn, der Kongressabgeordnete Eduardo Bolsonaro, dankte Rubio f\u00fcr seine Entscheidung. \u201eVielen Dank f\u00fcr diesen Kampf zugunsten der Meinungsfreiheit, wir glauben an dieselben Werte\u201c, so Eduardo Bolsonaro, der seit Februar in den USA lebt und dort Berichten zufolge Lobbyarbeit f\u00fcr die Situation seines Vaters geleistet hat.<\/p>\n","protected":false},"excerpt":{"rendered":"Rubio sprach von einer \u201epolitischen Hexenjagd\u201c des Obersten Richters Alexandre de Moraes gegen Bolsonaro, die auch die USA&hellip;\n","protected":false},"author":2,"featured_media":279026,"comment_status":"","ping_status":"","sticky":false,"template":"","format":"standard","meta":{"footnotes":""},"categories":[3977],"tags":[331,332,13,14,15,12,4017,4018,4016,64,4019,4020],"class_list":{"0":"post-279025","1":"post","2":"type-post","3":"status-publish","4":"format-standard","5":"has-post-thumbnail","7":"category-usa","8":"tag-aktuelle-nachrichten","9":"tag-aktuelle-news","10":"tag-headlines","11":"tag-nachrichten","12":"tag-news","13":"tag-schlagzeilen","14":"tag-united-states","15":"tag-united-states-of-america","16":"tag-us","17":"tag-usa","18":"tag-vereinigte-staaten","19":"tag-vereinigte-staaten-von-amerika"},"share_on_mastodon":{"url":"https:\/\/pubeurope.com\/@de\/114883111427827649","error":""},"_links":{"self":[{"href":"https:\/\/www.europesays.com\/de\/wp-json\/wp\/v2\/posts\/279025","targetHints":{"allow":["GET"]}}],"collection":[{"href":"https:\/\/www.europesays.com\/de\/wp-json\/wp\/v2\/posts"}],"about":[{"href":"https:\/\/www.europesays.com\/de\/wp-json\/wp\/v2\/types\/post"}],"author":[{"embeddable":true,"href":"https:\/\/www.europesays.com\/de\/wp-json\/wp\/v2\/users\/2"}],"replies":[{"embeddable":true,"href":"https:\/\/www.europesays.com\/de\/wp-json\/wp\/v2\/comments?post=279025"}],"version-history":[{"count":0,"href":"https:\/\/www.europesays.com\/de\/wp-json\/wp\/v2\/posts\/279025\/revisions"}],"wp:featuredmedia":[{"embeddable":true,"href":"https:\/\/www.europesays.com\/de\/wp-json\/wp\/v2\/media\/279026"}],"wp:attachment":[{"href":"https:\/\/www.europesays.com\/de\/wp-json\/wp\/v2\/media?parent=279025"}],"wp:term":[{"taxonomy":"category","embeddable":true,"href":"https:\/\/www.europesays.com\/de\/wp-json\/wp\/v2\/categories?post=279025"},{"taxonomy":"post_tag","embeddable":true,"href":"https:\/\/www.europesays.com\/de\/wp-json\/wp\/v2\/tags?post=279025"}],"curies":[{"name":"wp","href":"https:\/\/api.w.org\/{rel}","templated":true}]}}