{"id":279257,"date":"2025-07-20T04:24:13","date_gmt":"2025-07-20T04:24:13","guid":{"rendered":"https:\/\/www.europesays.com\/de\/279257\/"},"modified":"2025-07-20T04:24:13","modified_gmt":"2025-07-20T04:24:13","slug":"schokoladen-rueckruf-betrifft-fast-alle-bundeslaender-bei-verzehr-drohen-erbrechen-und-durchfall","status":"publish","type":"post","link":"https:\/\/www.europesays.com\/de\/279257\/","title":{"rendered":"Schokoladen-R\u00fcckruf betrifft fast alle Bundesl\u00e4nder \u2013 Bei Verzehr drohen Erbrechen und Durchfall"},"content":{"rendered":"<ol class=\"id-DonaldBreadcrumb lp_west_breadcrumb id-DonaldBreadcrumb--default\" data-k5a-pos=\"west_breadcrumb\">\n<li class=\"id-Breadcrumb-item\"><a href=\"https:\/\/www.merkur.de\/\" class=\"id-Breadcrumb-link\" data-id-ec=\"{\" shn=\"\" textlink=\"\" data-k5a-pos=\"1_startseite\" rel=\"nofollow noopener\" target=\"_blank\">Startseite<\/a><\/li>\n<li class=\"id-Breadcrumb-item\"><a href=\"https:\/\/www.merkur.de\/verbraucher\/\" class=\"id-Breadcrumb-link\" data-id-ec=\"{\" shn=\"\" textlink=\"\" data-k5a-pos=\"2_verbraucher\" rel=\"nofollow noopener\" target=\"_blank\">Verbraucher<\/a><\/li>\n<\/ol>\n<p class=\"id-Story-timestamp id-Story-timestamp--default\">Stand: 20.07.2025, 04:54 Uhr<\/p>\n<p class=\"id-Story-authors id-Story-authors--default\">Von: <a class=\"id-Story-authors-link lp_west_author\" href=\"https:\/\/www.merkur.de\/autor\/sandra-sporer-yz6bycmh.html\" title=\"Zur Autorenseite von Sandra Sporer\" data-id-ec=\"{\" shn=\"\" author-link=\"\" sporer=\"\" data-k5a-pos=\"west_author\" rel=\"nofollow noopener\" target=\"_blank\">Sandra Sporer<\/a><\/p>\n<p class=\"id-Story-interactionBar id-Story-interactionBar--default\">DruckenTeilen<\/p>\n<p class=\"id-StoryElement-leadText\">Ein Hersteller veganer Schokolade hat einen R\u00fcckruf f\u00fcr eines seiner Produkte eingeleitet. Grund ist eine m\u00f6gliche Bakterienbelastung.<\/p>\n<p class=\"id-StoryElement-paragraph\">M\u00fcnchen \u2013 Auch wenn die Hauptzutat von Schokolade Kakaobohnen sind, ist die beliebte S\u00fc\u00dfigkeit in ihrer klassischen Ausf\u00fchrung nicht vegan. Zu den Zutaten geh\u00f6ren n\u00e4mlich meist auch Milchfett, Milch sowie teils andere tierische Zutaten. Ganz m\u00fcssen Veganer aber nicht verzichten. Das Angebot veganer Sorten ist inzwischen gro\u00df und sehr vielf\u00e4ltig. <\/p>\n<p class=\"id-StoryElement-paragraph\">Derzeit ist jedoch bei einem Produkt Vorsicht geboten. Der Hersteller hat einen <a href=\"https:\/\/www.ruhr24.de\/service\/rueckrufe_warnungen-sti1508291\/\" class=\"id-import-Link id-pageApi-Link--externalDomain\" title=\"R&#xFC;ckruf\" data-id-ec=\"{&quot;sht&quot;:&quot;Container&quot;,&quot;shn&quot;:&quot;Story&quot;,&quot;p&quot;:{&quot;containerType&quot;:&quot;Paragraph&quot;,&quot;displayType&quot;:&quot;Paragraph InlineLink&quot;,&quot;type&quot;:&quot;INLINE_LINK&quot;,&quot;value&quot;:&quot;R&#xFC;ckruf&quot;,&quot;variant&quot;:&quot;standardLink&quot;,&quot;sponsored&quot;:false,&quot;linkHref&quot;:&quot;https:\/\/www.ruhr24.de\/service\/rueckrufe_warnungen-sti1508291\/&quot;,&quot;storyElementPosition&quot;:10,&quot;storyElementCount&quot;:26}}\" rel=\"nofollow noopener\" target=\"_blank\">R\u00fcckruf<\/a> gestartet, informiert <a href=\"https:\/\/www.lebensmittelwarnung.de\/___lebensmittelwarnung.de\/Meldungen\/2025\/07_Juli\/250718_18_NW_Schokolade\/250718_18_NW_iChoc_Meldung.html\" rel=\"nofollow noopener\" target=\"_blank\" class=\"id-import-Link id-pageApi-Link--externalDomain\" data-id-ec=\"{&quot;sht&quot;:&quot;Container&quot;,&quot;shn&quot;:&quot;Story&quot;,&quot;p&quot;:{&quot;containerType&quot;:&quot;Paragraph&quot;,&quot;displayType&quot;:&quot;Paragraph InlineLink&quot;,&quot;type&quot;:&quot;INLINE_LINK&quot;,&quot;value&quot;:&quot;lebensmittelwarnung.de&quot;,&quot;variant&quot;:&quot;standardLink&quot;,&quot;sponsored&quot;:false,&quot;linkHref&quot;:&quot;https:\/\/www.lebensmittelwarnung.de\/___lebensmittelwarnung.de\/Meldungen\/2025\/07_Juli\/250718_18_NW_Schokolade\/250718_18_NW_iChoc_Meldung.html&quot;,&quot;storyElementPosition&quot;:10,&quot;storyElementCount&quot;:26}}\">lebensmittelwarnung.de<\/a>. Die betroffenen Produkte sind m\u00f6glicherweise mit Salmonellen kontaminiert.<\/p>\n<p><img decoding=\"async\" class=\"id-RatioPlaceholder-element wv_story_el_image\" src=\"https:\/\/www.europesays.com\/de\/wp-content\/uploads\/2025\/07\/39016638-die-vom-rueckruf-betroffene-schokolade-bauchweh-uebelkeit-QTBG.jpg\" loading=\"lazy\"   height=\"619\" width=\"1100\" alt=\"Die vom R&#xFC;ckruf betroffene Schokolade.\"\/>Die vegane Schokolade iChoc Planty Classic ist von einem R\u00fcckruf betroffen. \u00a9\u00a0ichoc.de\/Ecofinia GmbHSchokoladen-R\u00fcckruf: Hersteller reagiert auf Fund von Krankheitserreger<\/p>\n<p class=\"id-StoryElement-paragraph\">Der R\u00fcckruf betrifft die iChoc Planty Classic Schokolade in der 80-Gramm-Tafel. Laut Hersteller wurde \u201eim Rahmen eines Verbrauchertests (\u2026) in einer im Einzelhandel erworbenen Probe dieser Charge ein positives Testergebnis auf Salmonellen festgestellt\u201c. Obwohl die \u201einternen Analysen und regul\u00e4ren engmaschigen Qualit\u00e4tskontrollen\u201c des Unternehmens diesen Befund nicht best\u00e4tigten, hat sich Hersteller Ecofinia GmbH vorsorglich f\u00fcr einen R\u00fcckruf entschieden.<\/p>\n<p class=\"id-StoryElement-paragraph\">Die betroffene Charge tr\u00e4gt die Nummer L25125 und ist bis Juli 2026 haltbar. Die Schokolade wurde in folgenden Bundesl\u00e4ndern verkauft:<\/p>\n<ul class=\"id-StoryElement-list id-StoryElement-list--unordered\">\n<li class=\"id-StoryElement-list-item\">Baden-W\u00fcrttemberg<\/li>\n<li class=\"id-StoryElement-list-item\">Berlin<\/li>\n<li class=\"id-StoryElement-list-item\">Bayern<\/li>\n<li class=\"id-StoryElement-list-item\">Hessen<\/li>\n<li class=\"id-StoryElement-list-item\">Niedersachsen<\/li>\n<li class=\"id-StoryElement-list-item\">Nordrhein-Westfalen<\/li>\n<li class=\"id-StoryElement-list-item\">Sachsen<\/li>\n<li class=\"id-StoryElement-list-item\">Hamburg<\/li>\n<li class=\"id-StoryElement-list-item\">Schleswig-Holstein<\/li>\n<li class=\"id-StoryElement-list-item\">Th\u00fcringen<\/li>\n<li class=\"id-StoryElement-list-item\">Bremen<\/li>\n<li class=\"id-StoryElement-list-item\">Mecklenburg-Vorpommern<\/li>\n<li class=\"id-StoryElement-list-item\">Rheinland-Pfalz<\/li>\n<li class=\"id-StoryElement-list-item\">Sachsen-Anhalt<\/li>\n<li class=\"id-StoryElement-list-item\">Saarland<\/li>\n<\/ul>\n<p class=\"id-StoryElement-paragraph\">Verbraucher sollten die zur\u00fcckgerufene Schokolade nicht konsumieren. Stattdessen kann sie im Handel zur\u00fcckgegeben werden; der Kaufpreis wird erstattet. <\/p>\n<p class=\"id-StoryElement-paragraph\"><strong>Die wichtigsten Informationen des R\u00fcckrufs im \u00dcberblick:<\/strong><\/p>\n<tr class=\"id-StoryElement-table-row\">\n<td class=\"id-StoryElement-table-cell\">iChoc Planty Classic<\/td>\n<\/tr>\n<tr class=\"id-StoryElement-table-row\">\n<td class=\"id-StoryElement-table-cell\">Ecofinia GmbH<\/td>\n<\/tr>\n<tr class=\"id-StoryElement-table-row\">\n<td class=\"id-StoryElement-table-cell\">80 Gramm Tafel<\/td>\n<\/tr>\n<tr class=\"id-StoryElement-table-row\">\n<td class=\"id-StoryElement-table-cell\">L25125<\/td>\n<\/tr>\n<tr class=\"id-StoryElement-table-row\">\n<td class=\"id-StoryElement-table-cell\">07.2026<\/td>\n<\/tr>\n<tr class=\"id-StoryElement-table-row\">\n<td class=\"id-StoryElement-table-cell\">Nachweis von Salmonellen<\/td>\n<\/tr>\n<p>R\u00fcckruf von Schokolade nach Salmonellen-Fund \u2013 Diese Symptome l\u00f6sen die Bakterien aus<\/p>\n<p class=\"id-StoryElement-paragraph\">Salmonellen k\u00f6nnen ernsthafte gesundheitliche Probleme verursachen. Eine Infektion zeigt sich typischerweise durch Symptome wie Durchfall, Kopf- und Bauchschmerzen, Erbrechen und Fieber, beschreibt <a href=\"https:\/\/www.infektionsschutz.de\/erregersteckbriefe\/salmonellen\/\" rel=\"nofollow noopener\" target=\"_blank\" class=\"id-import-Link id-pageApi-Link--externalDomain\" data-id-ec=\"{&quot;sht&quot;:&quot;Container&quot;,&quot;shn&quot;:&quot;Story&quot;,&quot;p&quot;:{&quot;containerType&quot;:&quot;Paragraph&quot;,&quot;displayType&quot;:&quot;Paragraph InlineLink&quot;,&quot;type&quot;:&quot;INLINE_LINK&quot;,&quot;value&quot;:&quot;infektionsschutz.de&quot;,&quot;variant&quot;:&quot;standardLink&quot;,&quot;sponsored&quot;:false,&quot;linkHref&quot;:&quot;https:\/\/www.infektionsschutz.de\/erregersteckbriefe\/salmonellen\/&quot;,&quot;storyElementPosition&quot;:23,&quot;storyElementCount&quot;:26}}\">infektionsschutz.de<\/a>. Besonders gef\u00e4hrdet sind S\u00e4uglinge, kleine Kinder, \u00e4ltere Menschen und Personen mit geschw\u00e4chtem Immunsystem. Bei ihnen besteht ein erh\u00f6htes Risiko der Austrocknung durch Erbrechen und Durchfall, was das Risiko weiterer Komplikationen erh\u00f6ht.<\/p>\n<p>Salmonellen, Listerien, Fremdk\u00f6rper \u2013 Was sind die h\u00e4ufigsten Gr\u00fcnde f\u00fcr R\u00fcckrufe?<img decoding=\"async\" class=\"id-RatioPlaceholder-element wv_story_el_interstitialImage\" src=\"https:\/\/www.europesays.com\/de\/wp-content\/uploads\/2025\/06\/37230518-montage-haeufigsten-gruende-fuer-rueckrufe-kosmetik-warnzeichen-akkus-geschimmelte-himbeere.jpeg\" loading=\"lazy\"   height=\"1350\" width=\"2400\" alt=\"Montage: h&#xE4;ufigsten Gr&#xFC;nde f&#xFC;r R&#xFC;ckrufe, Kosmetik, Warnzeichen Akkus, geschimmelte Himbeeren (v.l.)\"\/><a href=\"https:\/\/www.merkur.de\/verbraucher\/fuer-rueckrufe-salmonellen-listerien-fremdkoerper-was-sind-die-haeufigsten-gruende-zr-93600176.html\" class=\"id-StoryElement-intestitialLink-link\" data-id-ec=\"{\" shn=\"\" ansehen=\"\" data-k5a-pos=\"west_story_24_photoGalleryLink\" title=\"Zur Fotostrecke: Salmonellen, Listerien, Fremdk&#xF6;rper &#x2013; Was sind die h&#xE4;ufigsten Gr&#xFC;nde f&#xFC;r R&#xFC;ckrufe?\" rel=\"nofollow noopener\" target=\"_blank\">Fotostrecke ansehen<\/a><\/p>\n<p class=\"id-StoryElement-paragraph\">Auch eine weitere <a href=\"https:\/\/www.merkur.de\/verbraucher\/dringender-suessigkeiten-rueckruf-produkt-kann-schwere-atemprobleme-verursachen-zr-93812295.html\" class=\"id-import-Link\" data-id-ec=\"{&quot;sht&quot;:&quot;Container&quot;,&quot;shn&quot;:&quot;Story&quot;,&quot;p&quot;:{&quot;containerType&quot;:&quot;Paragraph&quot;,&quot;displayType&quot;:&quot;Paragraph InlineLink&quot;,&quot;type&quot;:&quot;INLINE_LINK&quot;,&quot;value&quot;:&quot;S&#xFC;&#xDF;igkeit befindet sich aktuell im R&#xFC;ckruf&quot;,&quot;variant&quot;:&quot;standardLink&quot;,&quot;sponsored&quot;:false,&quot;linkHref&quot;:&quot;https:\/\/www.merkur.de\/verbraucher\/dringender-suessigkeiten-rueckruf-produkt-kann-schwere-atemprobleme-verursachen-zr-93812295.html&quot;,&quot;storyElementPosition&quot;:26,&quot;storyElementCount&quot;:26}}\" rel=\"nofollow noopener\" target=\"_blank\">S\u00fc\u00dfigkeit befindet sich aktuell im R\u00fcckruf<\/a>. Bei Verzehr besteht hier die Gefahr von Atemwegsproblemen. <a href=\"https:\/\/www.merkur.de\/verbraucher\/dringender-rueckruf-von-frucht-produkt-bei-edeka-wer-es-dennoch-isst-riskiert-innere-blutungen-zr-93763130.html\" class=\"id-import-Link\" data-id-ec=\"{&quot;sht&quot;:&quot;Container&quot;,&quot;shn&quot;:&quot;Story&quot;,&quot;p&quot;:{&quot;containerType&quot;:&quot;Paragraph&quot;,&quot;displayType&quot;:&quot;Paragraph InlineLink&quot;,&quot;type&quot;:&quot;INLINE_LINK&quot;,&quot;value&quot;:&quot;Bei Edeka wird indes ein Obst-Produkt zur&#xFC;ckgerufen&quot;,&quot;variant&quot;:&quot;standardLink&quot;,&quot;sponsored&quot;:false,&quot;linkHref&quot;:&quot;https:\/\/www.merkur.de\/verbraucher\/dringender-rueckruf-von-frucht-produkt-bei-edeka-wer-es-dennoch-isst-riskiert-innere-blutungen-zr-93763130.html&quot;,&quot;storyElementPosition&quot;:26,&quot;storyElementCount&quot;:26}}\" rel=\"nofollow noopener\" target=\"_blank\">Bei Edeka wird indes ein Obst-Produkt zur\u00fcckgerufen<\/a>. (sp)<\/p>\n","protected":false},"excerpt":{"rendered":"Startseite Verbraucher Stand: 20.07.2025, 04:54 Uhr Von: Sandra Sporer DruckenTeilen Ein Hersteller veganer Schokolade hat einen R\u00fcckruf f\u00fcr&hellip;\n","protected":false},"author":2,"featured_media":279258,"comment_status":"","ping_status":"","sticky":false,"template":"","format":"standard","meta":{"footnotes":""},"categories":[134],"tags":[175,170,169,29,30,171,174,173,172],"class_list":{"0":"post-279257","1":"post","2":"type-post","3":"status-publish","4":"format-standard","5":"has-post-thumbnail","7":"category-unternehmen-maerkte","8":"tag-business","9":"tag-companies","10":"tag-companies-markets","11":"tag-deutschland","12":"tag-germany","13":"tag-markets","14":"tag-maerkte","15":"tag-unternehmen","16":"tag-unternehmen-maerkte"},"share_on_mastodon":{"url":"https:\/\/pubeurope.com\/@de\/114883662103236036","error":""},"_links":{"self":[{"href":"https:\/\/www.europesays.com\/de\/wp-json\/wp\/v2\/posts\/279257","targetHints":{"allow":["GET"]}}],"collection":[{"href":"https:\/\/www.europesays.com\/de\/wp-json\/wp\/v2\/posts"}],"about":[{"href":"https:\/\/www.europesays.com\/de\/wp-json\/wp\/v2\/types\/post"}],"author":[{"embeddable":true,"href":"https:\/\/www.europesays.com\/de\/wp-json\/wp\/v2\/users\/2"}],"replies":[{"embeddable":true,"href":"https:\/\/www.europesays.com\/de\/wp-json\/wp\/v2\/comments?post=279257"}],"version-history":[{"count":0,"href":"https:\/\/www.europesays.com\/de\/wp-json\/wp\/v2\/posts\/279257\/revisions"}],"wp:featuredmedia":[{"embeddable":true,"href":"https:\/\/www.europesays.com\/de\/wp-json\/wp\/v2\/media\/279258"}],"wp:attachment":[{"href":"https:\/\/www.europesays.com\/de\/wp-json\/wp\/v2\/media?parent=279257"}],"wp:term":[{"taxonomy":"category","embeddable":true,"href":"https:\/\/www.europesays.com\/de\/wp-json\/wp\/v2\/categories?post=279257"},{"taxonomy":"post_tag","embeddable":true,"href":"https:\/\/www.europesays.com\/de\/wp-json\/wp\/v2\/tags?post=279257"}],"curies":[{"name":"wp","href":"https:\/\/api.w.org\/{rel}","templated":true}]}}