{"id":279405,"date":"2025-07-20T05:53:52","date_gmt":"2025-07-20T05:53:52","guid":{"rendered":"https:\/\/www.europesays.com\/de\/279405\/"},"modified":"2025-07-20T05:53:52","modified_gmt":"2025-07-20T05:53:52","slug":"rot-weisser-rausch-durch-halle-und-die-party-geht-weiter","status":"publish","type":"post","link":"https:\/\/www.europesays.com\/de\/279405\/","title":{"rendered":"Rot-wei\u00dfer Rausch durch Halle \u2013 und die Party geht weiter!"},"content":{"rendered":"<p>\tRot-wei\u00dfer Rausch durch Halle \u2013 und die Party geht weiter! &#8211; Hallescher FC e.V. Hallescher Fu\u00dfball Club, Halle Fussball Regionalliga Sachsen-Anhalt<\/p>\n<p>https:\/\/www.hallescherfc.de\/hfclogin\/?action=logout&#038;redirect_to=https%3A%2F%2Fwww.hallescherfc.de&#038;_wpnonce=ec7fcbef2a<\/p>\n<p>                            \t\t\t<img width=\"2280\" height=\"1000\" src=\"https:\/\/www.europesays.com\/de\/wp-content\/uploads\/2025\/07\/Bahnverkauf.jpg\" class=\"img-responsive wp-post-image\" alt=\"\" decoding=\"async\" fetchpriority=\"high\"  \/>\t    <\/p>\n<p data-start=\"183\" data-end=\"714\"><img loading=\"lazy\" decoding=\"async\" class=\" wp-image-36157 alignleft\" src=\"https:\/\/www.europesays.com\/de\/wp-content\/uploads\/2025\/07\/IMG_7909-500x750.jpg\" alt=\"\" width=\"345\" height=\"518\"  \/>Was f\u00fcr ein Abend! Unsere rot-wei\u00dfe Stimmungsbahn hat die Stadt in rot-wei\u00df verwandelt \u2013 und ihr wart mittendrin. Punkt 19 Uhr ging\u2019s los: Mit Musik, guter Laune und nat\u00fcrlich jeder Menge nagelneuer Trikots an Bord fuhren wir mit unserer geschm\u00fcckten HFC-Stra\u00dfenbahn quer durch Halle. Von Station zu Station wurde die Stimmung ausgelassener. Egal ob am Marktplatz, in Neustadt oder in Kr\u00f6llwitz \u2013 \u00fcberall habt ihr schon auf uns gewartet, uns zugewunken oder habt einfach nur mitgefeiert.<\/p>\n<p data-start=\"716\" data-end=\"1146\">Trotz teilweise str\u00f6menden Regens lie\u00dfen wir uns die Stimmung nicht verderben \u2013 im Gegenteil: Die Tropfen von oben trafen auf echte G\u00e4nsehaut-Momente. Musik dr\u00f6hnte aus den Boxen, die neuen Trikots gingen weg wie warme Semmeln, es wurde gelacht, gesungen und flei\u00dfig Bilder geschossen. Unsere rot-wei\u00dfe Bahn war vier Stunden lang ein Symbol daf\u00fcr, was diesen Verein ausmacht: Leidenschaft, N\u00e4he und Zusammenhalt.<\/p>\n<p data-start=\"1148\" data-end=\"1302\"><strong data-start=\"1148\" data-end=\"1183\">Danke an alle, die dabei waren! <\/strong>Euer Empfang an jeder Station war \u00fcberw\u00e4ltigend \u2013 das ist Halle, das ist unser HFC!<\/p>\n<p data-start=\"1304\" data-end=\"1425\">Und weil\u2019s so sch\u00f6n war, machen wir direkt weiter: <strong data-start=\"1357\" data-end=\"1425\">Ab Freitag, 14 Uhr, feiern wir 1 Jahr Fanshop \u2013 24 Stunden lang!<\/strong><\/p>\n<p data-start=\"1427\" data-end=\"1445\">Was euch erwartet:<\/p>\n<ul>\n<li data-start=\"1448\" data-end=\"1481\">Verkaufsstart des neuen Trikots<\/li>\n<li data-start=\"1484\" data-end=\"1524\">Exklusive Fanartikel &amp; neue Highlights<\/li>\n<li data-start=\"1527\" data-end=\"1551\">Musik &amp; kalte Getr\u00e4nke<\/li>\n<li data-start=\"1554\" data-end=\"1588\">Torwand, Fu\u00dfballdarts &amp; Eismobil<\/li>\n<li data-start=\"1591\" data-end=\"1611\">Dauerkartenverkauf<\/li>\n<li data-start=\"1614\" data-end=\"1667\">Ab 18 Uhr: Augsburg-Tickets exklusiv f\u00fcr Mitglieder<\/li>\n<\/ul>\n<p data-start=\"1669\" data-end=\"1821\" data-is-last-node=\"\" data-is-only-node=\"\">Auf ein Jahr Fanshop, auf die neue Saison!<\/p>\n<p>Cookie-Einstellungen<\/p>\n","protected":false},"excerpt":{"rendered":"Rot-wei\u00dfer Rausch durch Halle \u2013 und die Party geht weiter! &#8211; Hallescher FC e.V. Hallescher Fu\u00dfball Club, Halle&hellip;\n","protected":false},"author":2,"featured_media":279406,"comment_status":"","ping_status":"","sticky":false,"template":"","format":"standard","meta":{"footnotes":""},"categories":[1860],"tags":[3364,29,548,663,3934,30,4062,17332,13,14,15,17331,860,12],"class_list":{"0":"post-279405","1":"post","2":"type-post","3":"status-publish","4":"format-standard","5":"has-post-thumbnail","7":"category-halle-saale","8":"tag-de","9":"tag-deutschland","10":"tag-eu","11":"tag-europa","12":"tag-europe","13":"tag-germany","14":"tag-halle","15":"tag-halle-saale","16":"tag-headlines","17":"tag-nachrichten","18":"tag-news","19":"tag-saale","20":"tag-sachsen-anhalt","21":"tag-schlagzeilen"},"share_on_mastodon":{"url":"https:\/\/pubeurope.com\/@de\/114884016311779123","error":""},"_links":{"self":[{"href":"https:\/\/www.europesays.com\/de\/wp-json\/wp\/v2\/posts\/279405","targetHints":{"allow":["GET"]}}],"collection":[{"href":"https:\/\/www.europesays.com\/de\/wp-json\/wp\/v2\/posts"}],"about":[{"href":"https:\/\/www.europesays.com\/de\/wp-json\/wp\/v2\/types\/post"}],"author":[{"embeddable":true,"href":"https:\/\/www.europesays.com\/de\/wp-json\/wp\/v2\/users\/2"}],"replies":[{"embeddable":true,"href":"https:\/\/www.europesays.com\/de\/wp-json\/wp\/v2\/comments?post=279405"}],"version-history":[{"count":0,"href":"https:\/\/www.europesays.com\/de\/wp-json\/wp\/v2\/posts\/279405\/revisions"}],"wp:featuredmedia":[{"embeddable":true,"href":"https:\/\/www.europesays.com\/de\/wp-json\/wp\/v2\/media\/279406"}],"wp:attachment":[{"href":"https:\/\/www.europesays.com\/de\/wp-json\/wp\/v2\/media?parent=279405"}],"wp:term":[{"taxonomy":"category","embeddable":true,"href":"https:\/\/www.europesays.com\/de\/wp-json\/wp\/v2\/categories?post=279405"},{"taxonomy":"post_tag","embeddable":true,"href":"https:\/\/www.europesays.com\/de\/wp-json\/wp\/v2\/tags?post=279405"}],"curies":[{"name":"wp","href":"https:\/\/api.w.org\/{rel}","templated":true}]}}