{"id":279420,"date":"2025-07-20T06:00:30","date_gmt":"2025-07-20T06:00:30","guid":{"rendered":"https:\/\/www.europesays.com\/de\/279420\/"},"modified":"2025-07-20T06:00:30","modified_gmt":"2025-07-20T06:00:30","slug":"sv-wehen-wiesbaden-bleibt-fatih-kaya-doch","status":"publish","type":"post","link":"https:\/\/www.europesays.com\/de\/279420\/","title":{"rendered":"SV Wehen Wiesbaden: Bleibt Fatih Kaya doch?"},"content":{"rendered":"<p>              Bisher wohl kein passendes Angebot f\u00fcr den Torsch\u00fctzenk\u00f6nig<\/p>\n<p>\n                  <strong>Autor:<\/strong> Johannes Ketterl<br \/>\n                  <strong>Ver\u00f6ffentlicht:<\/strong> Samstag, 19.07.25 | 08:07\n                <\/p>\n<p>                <img loading=\"lazy\" aria-describedby=\"caption-attachment-157748\" decoding=\"async\" class=\"wp-image-157748 size-full\" src=\"https:\/\/www.europesays.com\/de\/wp-content\/uploads\/2025\/07\/imago1050100654h.jpg\" alt=\"\u00a9 IMAGO \/ Funke Foto Services\" width=\"1600\" height=\"1065\"\/><\/p>\n<p id=\"caption-attachment-157748\" class=\"wp-caption-text\">20 Tore in der vergangenen Saison: Fatih Kaya. \u00a9 IMAGO \/ Funke Foto Services<\/p>\n<p>Am heutigen Samstag gegen Kickers Offenbach und am Sonntag gegen den TSV Steinbach Haiger testet der SV Wehen Wiesbaden zwei Wochen vor dem Start der neuen Saison gleich doppelt, bevor dann kommende Woche gegen Vitesse Arnheim die Generalprobe folgt.<\/p>\n<p>W\u00e4hrend mit Ben Nink ein 18-j\u00e4hriges Talent wegen eines im Trainingslager erlittenen Muskelfaserrisses im Oberschenkel erst einmal f\u00fcr einige Zeit au\u00dfer Gefecht gesetzt ist, darf der gleichaltrige Jan Matthias Becker auf Spielpraxis hoffen. Der SVWW hat den Torj\u00e4ger der U19 mit einem Vertrag bis 2028 ausgestattet, der nun die n\u00e4chsten Karriereschritte in Angriff nehmen soll: \u201eJan hat sich durch seine Leistungen in der U19 sowie in den zahlreichen Trainingseinheiten und Testspielen bei den Profis f\u00fcr einen Vertrag empfohlen\u201c, lobt Gesch\u00e4ftsf\u00fchrer Uwe St\u00f6ver auf der <a href=\"https:\/\/svww.de\/news\/artikel\/svww-stattet-u19-torjaeger-jan-matthias-becker-mit-profivertrag-aus\" target=\"_blank\" rel=\"noopener\">Vereinshomepage<\/a> die Entwicklung des Youngsters.<\/p>\n<p>D\u00f6ring hofft auf Kaya-Verbleib<\/p>\n<p>Zumindest aktuell kann Becker in der t\u00e4glichen Arbeit noch von Fatih Kaya lernen und sich vom letztj\u00e4hrigen Torsch\u00fctzenk\u00f6nig der 3. Liga den einen oder anderen Trick abschauen. Wie lange Kaya noch f\u00fcr den SVWW auflaufen wird, ist allerdings weiterhin offen. Zwar besitzt der 25-J\u00e4hrige einen Vertrag bis 2027, dem Vernehmen nach aber auch eine Ausstiegsklausel, wobei unklar ist, ob diese auch zum jetzigen, relativ sp\u00e4ten Zeitpunkt der Vorbereitung noch gilt.<\/p>\n<p>\u201eFatih ist ein fester Bestandteil der Mannschaft. Er hat Vertrag und will den n\u00e4chsten Schritt mit dem SV Wehen Wiesbaden gehen\u201c, \u00e4u\u00dferte Trainer Nils D\u00f6ring vergangene Woche in der <a href=\"https:\/\/www.hessenschau.de\/sport\/fussball\/wehen-wiesbaden\/was-wird-aus-fatih-kaya-vom-sv-wehen-wiesbaden-fester-bestandteil-v1,svww-schalke-kaya-100.html\" target=\"_blank\" rel=\"noopener\">Hessenschau<\/a> die Hoffnung auf einen Verbleib des Torgaranten, der noch mehr als ohnehin schon zum F\u00fchrungsspieler werden soll: \u201eEr soll nochmal mehr Verantwortung in der Mannschaft \u00fcbernehmen\u201c, so D\u00f6ring.<\/p>\n<p>Allerdings ist alles andere als ausgeschlossen, dass bis zum Transferschluss am 1. September noch andere Vereine vorstellig werden. Interesse wurde bereits einigen Zweitligisten wie dem Karlsruher SC, Fortuna D\u00fcsseldorf oder dem VfL Bochum nachgesagt, doch konkret hat sich bisher nichts ergeben. M\u00f6glich aber, dass sich das noch \u00e4ndert.<\/p>\n<p><img decoding=\"async\" loading=\"lazy\" src=\"https:\/\/www.europesays.com\/de\/wp-content\/uploads\/2025\/07\/ab891e8079264b4b951d24dc152bb065.gif\" alt=\"&quot;\" width=\"1\" height=\"1\"\/><\/p>\n","protected":false},"excerpt":{"rendered":"Bisher wohl kein passendes Angebot f\u00fcr den Torsch\u00fctzenk\u00f6nig Autor: Johannes Ketterl Ver\u00f6ffentlicht: Samstag, 19.07.25 | 08:07 20 Tore&hellip;\n","protected":false},"author":2,"featured_media":279421,"comment_status":"","ping_status":"","sticky":false,"template":"","format":"standard","meta":{"footnotes":""},"categories":[1847],"tags":[3364,29,548,663,3934,22585,30,13,2052,14,15,12,22506,4544],"class_list":{"0":"post-279420","1":"post","2":"type-post","3":"status-publish","4":"format-standard","5":"has-post-thumbnail","7":"category-wiesbaden","8":"tag-de","9":"tag-deutschland","10":"tag-eu","11":"tag-europa","12":"tag-europe","13":"tag-fatih-kaya","14":"tag-germany","15":"tag-headlines","16":"tag-hessen","17":"tag-nachrichten","18":"tag-news","19":"tag-schlagzeilen","20":"tag-sv-wehen-wiesbaden","21":"tag-wiesbaden"},"share_on_mastodon":{"url":"https:\/\/pubeurope.com\/@de\/114884039538939921","error":""},"_links":{"self":[{"href":"https:\/\/www.europesays.com\/de\/wp-json\/wp\/v2\/posts\/279420","targetHints":{"allow":["GET"]}}],"collection":[{"href":"https:\/\/www.europesays.com\/de\/wp-json\/wp\/v2\/posts"}],"about":[{"href":"https:\/\/www.europesays.com\/de\/wp-json\/wp\/v2\/types\/post"}],"author":[{"embeddable":true,"href":"https:\/\/www.europesays.com\/de\/wp-json\/wp\/v2\/users\/2"}],"replies":[{"embeddable":true,"href":"https:\/\/www.europesays.com\/de\/wp-json\/wp\/v2\/comments?post=279420"}],"version-history":[{"count":0,"href":"https:\/\/www.europesays.com\/de\/wp-json\/wp\/v2\/posts\/279420\/revisions"}],"wp:featuredmedia":[{"embeddable":true,"href":"https:\/\/www.europesays.com\/de\/wp-json\/wp\/v2\/media\/279421"}],"wp:attachment":[{"href":"https:\/\/www.europesays.com\/de\/wp-json\/wp\/v2\/media?parent=279420"}],"wp:term":[{"taxonomy":"category","embeddable":true,"href":"https:\/\/www.europesays.com\/de\/wp-json\/wp\/v2\/categories?post=279420"},{"taxonomy":"post_tag","embeddable":true,"href":"https:\/\/www.europesays.com\/de\/wp-json\/wp\/v2\/tags?post=279420"}],"curies":[{"name":"wp","href":"https:\/\/api.w.org\/{rel}","templated":true}]}}