{"id":279444,"date":"2025-07-20T06:16:24","date_gmt":"2025-07-20T06:16:24","guid":{"rendered":"https:\/\/www.europesays.com\/de\/279444\/"},"modified":"2025-07-20T06:16:24","modified_gmt":"2025-07-20T06:16:24","slug":"grossbritannien-muss-tausende-afghanen-wegen-datenlecks-aufnehmen","status":"publish","type":"post","link":"https:\/\/www.europesays.com\/de\/279444\/","title":{"rendered":"Gro\u00dfbritannien muss Tausende Afghanen wegen Datenlecks aufnehmen"},"content":{"rendered":"<p class=\"metatextline\">Stand: 15.07.2025 16:40 Uhr<\/p>\n<p class=\"textabsatz columns twelve  m-ten  m-offset-one l-eight l-offset-two\">\n        <strong>Die britische Regierung hat versehentlich Daten von 19.000 Afghanen verschickt, die ihr im Kampf gegen die Taliban halfen &#8211; ein Teil davon landete auf Facebook. Weil den Betroffenen Gefahr drohte, nahm Gro\u00dfbritannien Tausende von ihnen auf.<\/strong>\n    <\/p>\n<p class=\"textabsatz m-ten m-offset-one l-eight l-offset-two columns twelve\">\nNach einem massiven Datenleck hat die britische Regierung nach eigenen Angaben Tausende Menschen zum Schutz vor den Taliban aus Afghanistan nach Gro\u00dfbritannien gebracht. Das machte die Regierung in London heute \u00f6ffentlich.<\/p>\n<p class=\"textabsatz m-ten m-offset-one l-eight l-offset-two columns twelve\">\nDer Ausl\u00f6ser liegt schon einige Jahre zur\u00fcck: Ein Mitarbeiter des Verteidigungsministeriums hatte nach bisherigen Erkenntnissen Anfang 2022 eine E-Mail mit einem brisanten Datensatz au\u00dferhalb des als sicher geltenden britischen Regierungssystems verschickt.<\/p>\n<p class=\"textabsatz m-ten m-offset-one l-eight l-offset-two columns twelve\">\nDarin ging es um etwa 19.000 Menschen, die sich f\u00fcr das offizielle Umsiedlungs- und Unterst\u00fctzungsprogramm f\u00fcr Afghanen beworben hatten. Sie hatten Gro\u00dfbritannien von Afghanistan aus im Kampf gegen die Taliban unterst\u00fctzt und ben\u00f6tigten nach der Macht\u00fcbernahme der Islamisten im Jahr 2021 Schutz und Zuflucht. Wie die Nachrichtenagentur PA berichtet, k\u00f6nnten insgesamt &#8211; wenn man die Familienmitglieder der in der E-Mail erw\u00e4hnten Personen mitz\u00e4hle &#8211; bis zu 100.000 Menschen von dem Datenleck betroffen sein.<\/p>\n<p>    &#8222;Eine T\u00f6tungsliste f\u00fcr die Taliban&#8220;<\/p>\n<p class=\"textabsatz m-ten m-offset-one l-eight l-offset-two columns twelve\">\nNachdem der Mitarbeiter die brisante E-Mail verschickt hatte, tauchten Teile davon bei Facebook auf. Ein Helfer des Unterst\u00fctzungsprogramms nannte das eine &#8222;T\u00f6tungsliste&#8220; f\u00fcr die Taliban, bereitgestellt von der britischen Regierung.<\/p>\n<p class=\"textabsatz m-ten m-offset-one l-eight l-offset-two columns twelve\">\nDas britische Verteidigungsministerium war erst im August 2023 auf das Leck aufmerksam geworden &#8211; und sah sich dann zum Handeln gezwungen. Eine gerichtliche Anordnung untersagte es allerdings bislang, \u00fcber das bis zu einer Milliarde Euro teure Umsiedlungsprogramm mit dem Namen Afghanistan Response Route zu berichten.<\/p>\n<p class=\"textabsatz m-ten m-offset-one l-eight l-offset-two columns twelve\">\nIm vergangenen Monat kam dann ein Gutachter zu dem Schluss, dass der Datensatz nicht mehr die gr\u00f6\u00dfte Relevanz f\u00fcr die Taliban hat. Eine unabh\u00e4ngige Untersuchung habe ergeben, dass es kaum Hinweise darauf gebe, dass den von dem Datenleck betroffenen Afghanen Vergeltung drohe.<\/p>\n<p>    Das Programm wurde inzwischen eingestellt<\/p>\n<p class=\"textabsatz m-ten m-offset-one l-eight l-offset-two columns twelve\">\nDie britische Regierung machte die Geschichte nun \u00f6ffentlich. Demnach wurden \u00fcber das Programm bislang 4.500 Menschen aus Afghanistan nach Gro\u00dfbritannien gebracht, etwa 900 Antragsteller und 3.600 Familienmitglieder. Die Kosten sollen sich bislang auf etwa 460 Millionen Euro belaufen. Die Gesamtkosten f\u00fcr das Programm k\u00f6nnten durch m\u00f6gliche Kompensationsforderungen deutlich jenseits der Milliardengrenze liegen. Inzwischen wurde das Programm eingestellt.<\/p>\n<p class=\"textabsatz m-ten m-offset-one l-eight l-offset-two columns twelve\">\nGro\u00dfbritanniens Verteidigungsminister John Healey sagte nun im Parlament, die Datenpanne habe ihn schwer belastet. Er bat um Entschuldigung.<\/p>\n","protected":false},"excerpt":{"rendered":"Stand: 15.07.2025 16:40 Uhr Die britische Regierung hat versehentlich Daten von 19.000 Afghanen verschickt, die ihr im Kampf&hellip;\n","protected":false},"author":2,"featured_media":279445,"comment_status":"","ping_status":"","sticky":false,"template":"","format":"standard","meta":{"footnotes":""},"categories":[3976],"tags":[7451,331,332,4357,1685,551,13,14,15,12,3992,3993,3994,3995,3996,3997],"class_list":{"0":"post-279444","1":"post","2":"type-post","3":"status-publish","4":"format-standard","5":"has-post-thumbnail","7":"category-vereinigtes-koenigreich","8":"tag-afghanistan","9":"tag-aktuelle-nachrichten","10":"tag-aktuelle-news","11":"tag-aufnahme","12":"tag-datenleck","13":"tag-grossbritannien","14":"tag-headlines","15":"tag-nachrichten","16":"tag-news","17":"tag-schlagzeilen","18":"tag-uk","19":"tag-united-kingdom","20":"tag-united-kingdom-of-great-britain-and-northern-ireland","21":"tag-vereinigtes-koenigreich","22":"tag-vereinigtes-koenigreich-grossbritannien-und-nordirland","23":"tag-vereinigtes-koenigreich-von-grossbritannien-und-nordirland"},"share_on_mastodon":{"url":"https:\/\/pubeurope.com\/@de\/114884102484831787","error":""},"_links":{"self":[{"href":"https:\/\/www.europesays.com\/de\/wp-json\/wp\/v2\/posts\/279444","targetHints":{"allow":["GET"]}}],"collection":[{"href":"https:\/\/www.europesays.com\/de\/wp-json\/wp\/v2\/posts"}],"about":[{"href":"https:\/\/www.europesays.com\/de\/wp-json\/wp\/v2\/types\/post"}],"author":[{"embeddable":true,"href":"https:\/\/www.europesays.com\/de\/wp-json\/wp\/v2\/users\/2"}],"replies":[{"embeddable":true,"href":"https:\/\/www.europesays.com\/de\/wp-json\/wp\/v2\/comments?post=279444"}],"version-history":[{"count":0,"href":"https:\/\/www.europesays.com\/de\/wp-json\/wp\/v2\/posts\/279444\/revisions"}],"wp:featuredmedia":[{"embeddable":true,"href":"https:\/\/www.europesays.com\/de\/wp-json\/wp\/v2\/media\/279445"}],"wp:attachment":[{"href":"https:\/\/www.europesays.com\/de\/wp-json\/wp\/v2\/media?parent=279444"}],"wp:term":[{"taxonomy":"category","embeddable":true,"href":"https:\/\/www.europesays.com\/de\/wp-json\/wp\/v2\/categories?post=279444"},{"taxonomy":"post_tag","embeddable":true,"href":"https:\/\/www.europesays.com\/de\/wp-json\/wp\/v2\/tags?post=279444"}],"curies":[{"name":"wp","href":"https:\/\/api.w.org\/{rel}","templated":true}]}}