{"id":27961,"date":"2025-04-13T06:41:17","date_gmt":"2025-04-13T06:41:17","guid":{"rendered":"https:\/\/www.europesays.com\/de\/27961\/"},"modified":"2025-04-13T06:41:17","modified_gmt":"2025-04-13T06:41:17","slug":"ihr-bruder-ist-im-gefaengnis-gestorben","status":"publish","type":"post","link":"https:\/\/www.europesays.com\/de\/27961\/","title":{"rendered":"Ihr Bruder ist im Gef\u00e4ngnis gestorben"},"content":{"rendered":"<p>Er starb im Gef\u00e4ngnis <\/p>\n<p>Bruder von Natascha Ochsenknecht ist tot<\/p>\n<p>Aktualisiert am 12.04.2025 &#8211; 10:25 UhrLesedauer: 1 Min.<\/p>\n<p><a href=\"#focus-0\" class=\"transition-colors duration-200 focus-within:text-magenta block text-current relative\" data-sctrack=\"FocusGalleryImage.Reference\"><img fetchpriority=\"high\" data-testid=\"Opener.Image\" style=\"--lqipURL:url('https:\/\/images.t-online.de\/2025\/04\/5lnYT2DN2iXK\/354x15:2188x1231\/fit-in\/150x0\/filters:blur(25)\/natascha-ochsenknecht-mit-ihrem-bruder-ingo-robin-wierichs-2023-besuchten-sie-gemeinsam-die-drift-partners-in-crime-premiere-in-muenchen.jpg')\"   loading=\"eager\" src=\"https:\/\/www.europesays.com\/de\/wp-content\/uploads\/2025\/04\/natascha-ochsenknecht-mit-ihrem-bruder-ingo-robin-wierichs-2023-besuchten-sie-gemeinsam-die-drift-pa.jpeg\" alt=\"Natascha Ochsenknecht mit ihrem Bruder Ingo Robin Wierichs: 2023 besuchten sie gemeinsam die &quot;Drift: Partners in Crime&quot;-Premiere in M\u00fcnchen.\" title=\"Natascha Ochsenknecht mit ihrem Bruder Ingo Robin Wierichs: 2023 besuchten sie gemeinsam die &quot;Drift: Partners in Crime&quot;-Premiere in M\u00fcnchen.\" width=\"2188\" height=\"1231\" class=\"bg-[url:var(--lqipURL)] bg-cover bg-center flex w-full max-w-full h-full\" decoding=\"async\"\/><img style=\"--width:32;--height:32\" loading=\"lazy\" src=\"https:\/\/www.europesays.com\/de\/wp-content\/uploads\/2025\/03\/zoom-in.f7dae02f.svg.svg+xml\" alt=\"Vergr\u00f6\u00dfern des Bildes\" title=\"Vergr\u00f6\u00dfern des Bildes\" class=\"&#10;        block&#10;        h-[calc(var(--height)_\/_16_*_1rem)]&#10;        w-[calc(var(--width)_\/_16_*_1rem)]&#10;        max-w-none&#10;        absolute bottom-8 right-8 rounded-4 bg-snow p-8\" decoding=\"async\"\/><\/a><\/p>\n<p>Natascha Ochsenknecht mit ihrem Bruder Ingo Robin Wierichs: 2023 besuchten sie gemeinsam die &#8222;Drift: Partners in Crime&#8220;-Premiere in M\u00fcnchen. (Quelle: IMAGO\/Ronny Heine)<\/p>\n<p class=\"font-bold text-18 leading-17\">Natascha Ochsenknecht muss von einem Familienmitglied Abschied nehmen. Ihr Bruder Ingo Robin Wierichs ist w\u00e4hrend seiner Haft verstorben.<\/p>\n<p class=\"text-18 leading-17\"><a class=\"transition-colors duration-200 cursor-pointer text-inherit no-underline text-salemsfur md:hover:text-magenta md:hover:border-magenta md:focus:text-magenta border-current border-b border-solid break-words\" href=\"https:\/\/www.t-online.de\/themen\/natascha-ochsenknecht\/\" data-sctrack=\"BodyAnchor\" target=\"_blank\" rel=\"noopener\">Natascha Ochsenknecht<\/a> in Trauer. Ihr Bruder Ingo Robin Wierichs verb\u00fc\u00dfte eine einj\u00e4hrige Freiheitsstrafe in einer bayerischen Justizvollzugsanstalt. Nun ist er im Alter von 57 Jahren verstorben.<\/p>\n<p class=\"text-18 leading-17\">Das best\u00e4tigte Natascha Ochsenknechts Management der &#8222;Bild&#8220;-Zeitung. Dem Bericht zufolge soll Wierichs tot im Gef\u00e4ngnis aufgefunden worden sein, nachdem er einen Herzinfarkt erlitten habe. Laut &#8222;Bild&#8220; sei er wegen Freiheitsberaubung, Bedrohung, K\u00f6rperverletzung und Verst\u00f6\u00dfen gegen das Gewaltschutzgesetz sowie gegen das Kunsturheberrecht in Haft gewesen.<\/p>\n<p class=\"text-18 leading-17\">Die gesamte Familie stehe dem Bericht zufolge unter Schock. Natascha Ochsenknecht selbst habe sich nicht \u00e4u\u00dfern wollen, nimmt jedoch auf Instagram Abschied.<\/p>\n<p class=\"text-18 leading-17\">Die 60-J\u00e4hrige teilte ein altes Foto, das sie und den drei Jahre j\u00fcngeren Ingo Robin Wierichs in jungen Jahren zeigt. &#8222;Gute Reise, kleiner Bruder&#8220;, schrieb sie dazu und stellte die Kommentarfunktion unter dem Post aus.<\/p>\n<p class=\"text-18 leading-17\">Ingo Robin Wierichs war als Fotograf t\u00e4tig. Seine Fotos wurden unter anderem im &#8222;Stern&#8220; ver\u00f6ffentlicht. Er selbst mied im Gegensatz zu seiner ber\u00fchmten Schwester das Rampenlicht.<\/p>\n","protected":false},"excerpt":{"rendered":"Er starb im Gef\u00e4ngnis Bruder von Natascha Ochsenknecht ist tot Aktualisiert am 12.04.2025 &#8211; 10:25 UhrLesedauer: 1 Min.&hellip;\n","protected":false},"author":2,"featured_media":27962,"comment_status":"","ping_status":"","sticky":false,"template":"","format":"standard","meta":{"footnotes":""},"categories":[1776],"tags":[9492,1801,29,214,5165,30,15914,1268,15913,1802,15915,215],"class_list":{"0":"post-27961","1":"post","2":"type-post","3":"status-publish","4":"format-standard","5":"has-post-thumbnail","7":"category-prominente","8":"tag-bild-zeitung","9":"tag-celebrities","10":"tag-deutschland","11":"tag-entertainment","12":"tag-freiheitsstrafe","13":"tag-germany","14":"tag-ingo-robin-wierichs","15":"tag-muenchen","16":"tag-natascha-ochsenknecht","17":"tag-prominente","18":"tag-robin-wierichs","19":"tag-unterhaltung"},"share_on_mastodon":{"url":"https:\/\/pubeurope.com\/@de\/114329294122290993","error":""},"_links":{"self":[{"href":"https:\/\/www.europesays.com\/de\/wp-json\/wp\/v2\/posts\/27961","targetHints":{"allow":["GET"]}}],"collection":[{"href":"https:\/\/www.europesays.com\/de\/wp-json\/wp\/v2\/posts"}],"about":[{"href":"https:\/\/www.europesays.com\/de\/wp-json\/wp\/v2\/types\/post"}],"author":[{"embeddable":true,"href":"https:\/\/www.europesays.com\/de\/wp-json\/wp\/v2\/users\/2"}],"replies":[{"embeddable":true,"href":"https:\/\/www.europesays.com\/de\/wp-json\/wp\/v2\/comments?post=27961"}],"version-history":[{"count":0,"href":"https:\/\/www.europesays.com\/de\/wp-json\/wp\/v2\/posts\/27961\/revisions"}],"wp:featuredmedia":[{"embeddable":true,"href":"https:\/\/www.europesays.com\/de\/wp-json\/wp\/v2\/media\/27962"}],"wp:attachment":[{"href":"https:\/\/www.europesays.com\/de\/wp-json\/wp\/v2\/media?parent=27961"}],"wp:term":[{"taxonomy":"category","embeddable":true,"href":"https:\/\/www.europesays.com\/de\/wp-json\/wp\/v2\/categories?post=27961"},{"taxonomy":"post_tag","embeddable":true,"href":"https:\/\/www.europesays.com\/de\/wp-json\/wp\/v2\/tags?post=27961"}],"curies":[{"name":"wp","href":"https:\/\/api.w.org\/{rel}","templated":true}]}}