{"id":279621,"date":"2025-07-20T07:57:18","date_gmt":"2025-07-20T07:57:18","guid":{"rendered":"https:\/\/www.europesays.com\/de\/279621\/"},"modified":"2025-07-20T07:57:18","modified_gmt":"2025-07-20T07:57:18","slug":"brand-in-hohentor-verletzt-mehrere-menschen","status":"publish","type":"post","link":"https:\/\/www.europesays.com\/de\/279621\/","title":{"rendered":"Brand in Hohentor verletzt mehrere Menschen"},"content":{"rendered":"<p>Bremen-Hohentor <\/p>\n<p>Feuer in Wohnung verletzt mehrere Menschen<\/p>\n<p>19.07.2025 &#8211; 18:47 UhrLesedauer: 1 Min.<\/p>\n<p><a href=\"#focus-0\" class=\"transition-colors duration-200 focus-within:text-magenta block text-current relative\" data-sctrack=\"FocusGalleryImage.Reference\"><img fetchpriority=\"high\" data-testid=\"Opener.Image\" style=\"--lqipURL:url('https:\/\/images.t-online.de\/2025\/07\/dr55wonbcnn7\/0x209:4000x2250\/fit-in\/150x0\/filters:blur(25)\/feuerwehr-in-verschiedenen-bildern-und-aktionen-im-nordharz-bei-goslar-im-bundesland-niedersachsen-feuerwehr-in-deutschland-fire-department-in-different-pictures-and-actions-in-the-north-harz-near-goslar-in-the-federal-state-lower-saxony-fire-department-in-germany.jpg')\"   loading=\"eager\" src=\"https:\/\/www.europesays.com\/de\/wp-content\/uploads\/2025\/07\/1752998238_473_feuerwehr-in-verschiedenen-bildern-und-aktionen-im-nordharz-bei-goslar-im-bundesland-niedersachsen-f.jpeg\" alt=\"imago images 170695835\" title=\"imago images 170695835\" width=\"4000\" height=\"2250\" class=\"bg-[url:var(--lqipURL)] bg-cover bg-center flex h-full w-full max-w-full\" decoding=\"async\"\/><img style=\"--width:32;--height:32\" loading=\"lazy\" src=\"https:\/\/www.t-online.de\/s\/paper\/_next\/static\/media\/zoom-in.f7dae02f.svg\" alt=\"Vergr\u00f6\u00dfern des Bildes\" title=\"Vergr\u00f6\u00dfern des Bildes\" class=\"block h-[calc(var(--height)_\/_16_*_1rem)] w-[calc(var(--width)_\/_16_*_1rem)] max-w-none absolute bottom-8 right-8 rounded-4 bg-snow p-8\" decoding=\"async\"\/><\/a><\/p>\n<p>Feuerwehr (Symbolbild): Die Wohnung stand komplett in Flammen. (Quelle: IMAGO\/Martin Wagner\/imago)<\/p>\n<p class=\"font-bold text-18 leading-17\">In Bremen werden bei einem Brand in einer Wohnung zwei Menschen verletzt. Die Feuerwehr muss mit einem Gro\u00dfaufgebot anr\u00fccken.<\/p>\n<p class=\"text-18 leading-17\">Bei einem Wohnungsbrand in einem Mehrfamilienhaus im Bremer Stadtteil Hohentor sind am fr\u00fchen Morgen zwei Menschen verletzt worden. Sie wurden laut Feuerwehr mit Verdacht auf Rauchgasvergiftung in eine Klinik gebracht.<\/p>\n<p class=\"text-18 leading-17\">Das Feuer brach gegen 4.50 Uhr in einer Wohnung im ersten Obergeschoss eines zweigeschossigen Reihenhauses in der Weizenkampstra\u00dfe aus. Die Ursache ist noch unklar.<\/p>\n<p class=\"text-18 leading-17\">Beim Eintreffen der Einsatzkr\u00e4fte stand die Wohnung komplett in Brand, Flammen schlugen aus Fenstern auf der Vorder- und R\u00fcckseite. Der Bewohner der Brandwohnung konnte sich verletzt ins Freie retten. Eine Frau wurde \u00fcber eine Drehleiter aus dem Dachgeschoss gerettet, zwei weitere Menschen wurden \u00fcber den Treppenraum in Sicherheit gebracht.<\/p>\n<p class=\"text-18 leading-17\">Die Feuerwehr bek\u00e4mpfte das Feuer. Das Geb\u00e4ude ist nach Polizeiangaben vorerst unbewohnbar. Die Kriminalpolizei ermittelt zur Brandursache.<\/p>\n","protected":false},"excerpt":{"rendered":"Bremen-Hohentor Feuer in Wohnung verletzt mehrere Menschen 19.07.2025 &#8211; 18:47 UhrLesedauer: 1 Min. Feuerwehr (Symbolbild): Die Wohnung stand&hellip;\n","protected":false},"author":2,"featured_media":279622,"comment_status":"","ping_status":"","sticky":false,"template":"","format":"standard","meta":{"footnotes":""},"categories":[1824],"tags":[2420,3364,29,985,30,6055,2537],"class_list":{"0":"post-279621","1":"post","2":"type-post","3":"status-publish","4":"format-standard","5":"has-post-thumbnail","7":"category-bremen","8":"tag-bremen","9":"tag-de","10":"tag-deutschland","11":"tag-feuerwehr","12":"tag-germany","13":"tag-grossaufgebot","14":"tag-wohnungsbrand"},"share_on_mastodon":{"url":"https:\/\/pubeurope.com\/@de\/114884499576515983","error":""},"_links":{"self":[{"href":"https:\/\/www.europesays.com\/de\/wp-json\/wp\/v2\/posts\/279621","targetHints":{"allow":["GET"]}}],"collection":[{"href":"https:\/\/www.europesays.com\/de\/wp-json\/wp\/v2\/posts"}],"about":[{"href":"https:\/\/www.europesays.com\/de\/wp-json\/wp\/v2\/types\/post"}],"author":[{"embeddable":true,"href":"https:\/\/www.europesays.com\/de\/wp-json\/wp\/v2\/users\/2"}],"replies":[{"embeddable":true,"href":"https:\/\/www.europesays.com\/de\/wp-json\/wp\/v2\/comments?post=279621"}],"version-history":[{"count":0,"href":"https:\/\/www.europesays.com\/de\/wp-json\/wp\/v2\/posts\/279621\/revisions"}],"wp:featuredmedia":[{"embeddable":true,"href":"https:\/\/www.europesays.com\/de\/wp-json\/wp\/v2\/media\/279622"}],"wp:attachment":[{"href":"https:\/\/www.europesays.com\/de\/wp-json\/wp\/v2\/media?parent=279621"}],"wp:term":[{"taxonomy":"category","embeddable":true,"href":"https:\/\/www.europesays.com\/de\/wp-json\/wp\/v2\/categories?post=279621"},{"taxonomy":"post_tag","embeddable":true,"href":"https:\/\/www.europesays.com\/de\/wp-json\/wp\/v2\/tags?post=279621"}],"curies":[{"name":"wp","href":"https:\/\/api.w.org\/{rel}","templated":true}]}}