{"id":279681,"date":"2025-07-20T08:34:22","date_gmt":"2025-07-20T08:34:22","guid":{"rendered":"https:\/\/www.europesays.com\/de\/279681\/"},"modified":"2025-07-20T08:34:22","modified_gmt":"2025-07-20T08:34:22","slug":"as-the-world-turns-serienstar-ist-tot","status":"publish","type":"post","link":"https:\/\/www.europesays.com\/de\/279681\/","title":{"rendered":"&#8222;As the World Turns&#8220;-Serienstar ist tot"},"content":{"rendered":"<p>Bekannt aus &#8222;Jung und Leidenschaftlich&#8220; <\/p>\n<p>US-Serienstar Eileen Fulton ist tot<\/p>\n<p>20.07.2025 &#8211; 09:36 UhrLesedauer: 2 Min.<\/p>\n<p><a href=\"#focus-0\" class=\"transition-colors duration-200 focus-within:text-magenta block text-current relative\" data-sctrack=\"FocusGalleryImage.Reference\"><img fetchpriority=\"high\" data-testid=\"Opener.Image\" style=\"--lqipURL:url('https:\/\/images.t-online.de\/2025\/07\/ZPbV4ojdGqmj\/0x479:1995x1122\/fit-in\/150x0\/filters:blur(25)\/eileen-fulton-die-schauspielerin-ist-im-alter-von-91-jahren-gestorben.jpg')\"   loading=\"eager\" src=\"https:\/\/www.europesays.com\/de\/wp-content\/uploads\/2025\/07\/eileen-fulton-die-schauspielerin-ist-im-alter-von-91-jahren-gestorben.jpg\" alt=\"Eileen Fulton: Die Schauspielerin ist im Alter von 91 Jahren gestorben.\" title=\"Eileen Fulton: Die Schauspielerin ist im Alter von 91 Jahren gestorben.\" width=\"1995\" height=\"1122\" class=\"bg-[url:var(--lqipURL)] bg-cover bg-center flex h-full w-full max-w-full\" decoding=\"async\"\/><img style=\"--width:32;--height:32\" loading=\"lazy\" src=\"https:\/\/www.t-online.de\/s\/paper\/_next\/static\/media\/zoom-in.f7dae02f.svg\" alt=\"Vergr\u00f6\u00dfern des Bildes\" title=\"Vergr\u00f6\u00dfern des Bildes\" class=\"block h-[calc(var(--height)_\/_16_*_1rem)] w-[calc(var(--width)_\/_16_*_1rem)] max-w-none absolute bottom-8 right-8 rounded-4 bg-snow p-8\" decoding=\"async\"\/><\/a><\/p>\n<p>Eileen Fulton: Die Schauspielerin ist im Alter von 91 Jahren gestorben. (Quelle:  via www.imago-images.de)<\/p>\n<p class=\"font-bold text-18 leading-17\">Sie war eine der ersten &#8222;frechen M\u00e4dchen&#8220; im Serienfernsehen: Eileen Fulton. Mit ihrer Paraderolle wurde sie einem breiten Publikum bekannt. Jetzt ist sie gestorben.<\/p>\n<p class=\"text-18 leading-17\">Fast 50 Jahre lang war sie Lisa Miller in dem TV-Dauerbrenner &#8222;Jung und Leidenschaftlich \u2013 Wie das Leben so spielt&#8220;: Eileen Fulton. Die besonders in den <a class=\"transition-colors duration-200 cursor-pointer text-inherit no-underline text-salemsfur md:hover:text-magenta md:hover:border-magenta md:focus:text-magenta border-current border-b border-solid break-words\" href=\"https:\/\/www.t-online.de\/themen\/usa\/\" data-sctrack=\"BodyAnchor\" target=\"_blank\" rel=\"noopener\">USA<\/a> unter dem Titel &#8222;As the World Turns&#8220; popul\u00e4re Seifenoper lief zwischen 1956 und 2010 auf dem Sender CBS, hierzulande war die Serie in den Neunzigern bei RTL zu sehen. Jetzt ist Fulton im Alter von 91 Jahren gestorben.<\/p>\n<p class=\"text-18 leading-17\">Wie Fultons Familie mitteilte, starb sie am 14. Juli in Asheville, North Carolina. Schon seit l\u00e4ngerer Zeit soll sie unter gesundheitlichen Problemen gelitten haben. Welche das genau waren, teilte die Familie nicht mit. Auch zu den Todesumst\u00e4nden wurden keine weiteren Details bekannt.<\/p>\n<p class=\"text-18 leading-17\">Fest steht allerdings: Mit der US-amerikanischen Seifenoper &#8222;Jung und Leidenschaftlich \u2013 Wie das Leben so spielt&#8220;, welche sich um das Leben verschiedener fiktiver Familien in dem US-Bundesstaat Illionois dreht, wurde Fulton einem breiten Publikum bekannt.<\/p>\n<p class=\"text-18 leading-17\">Als Lisa Miller hatte sie in ihrer Serienrolle acht Ehem\u00e4nner, drei ihrer Ehen wurden geschieden, vier endeten mit dem Tod, und eine wurde annulliert, wie das US-amerikanische Magazin &#8222;The <a class=\"transition-colors duration-200 cursor-pointer text-inherit no-underline text-salemsfur md:hover:text-magenta md:hover:border-magenta md:focus:text-magenta border-current border-b border-solid break-words\" href=\"https:\/\/www.t-online.de\/themen\/hollywood\/\" data-sctrack=\"BodyAnchor\" target=\"_blank\" rel=\"noopener\">Hollywood<\/a> Reporter&#8220; zusammenfasst.<\/p>\n<p class=\"text-18 leading-17\">Die Figur Lisa Miller l\u00f6ste f\u00fcr damalige Verh\u00e4ltnisse viel Wirbel aus. So war ihr Verschlei\u00df an Liebhabern im Verlauf der Serie aufsehenerregend hoch. &#8222;Sie ist eine Romantikerin, deshalb verliebt sie sich auch so oft&#8220;, sagte Fulton 2005 in einem Gespr\u00e4ch f\u00fcr die Webseite &#8222;The Interviews der Television Academy Foundation&#8220;.<\/p>\n<p class=\"text-18 leading-17\">Fulton wurde 1998 in die Soap Opera Hall of Fame aufgenommen und 2004 von den Daytime Emmys f\u00fcr ihr Lebenswerk auszeichnet. Auch war sie eine der ersten Serienstars, die einen eigenen Publizisten hatten. Die US-Amerikanerin besch\u00e4ftigte zudem einen Leibw\u00e4chter, der sie vor ver\u00e4rgerten Zuschauern sch\u00fctzen sollte, die nicht einverstanden waren mit dem, was Lisa tat. &#8222;Sie l\u00f6ste eine gro\u00dfe Hassliebe aus, es war unglaublich&#8220;, sagte Fulton \u00fcber die Wirkung ihrer Darstellung in &#8222;Jung und leidenschaftlich&#8220;.<\/p>\n<p class=\"text-18 leading-17\">Im echten Leben war Eileen Fulton dreimal verheiratet und ebenso oft lie\u00df sie sich scheiden. Kinder hinterl\u00e4sst sie nicht. Ihr Bruder Charles und ihre Nichte Katherine sind die einzigen Verbliebenen, die nun den Tod Fultons betrauern.<\/p>\n","protected":false},"excerpt":{"rendered":"Bekannt aus &#8222;Jung und Leidenschaftlich&#8220; US-Serienstar Eileen Fulton ist tot 20.07.2025 &#8211; 09:36 UhrLesedauer: 2 Min. Eileen Fulton:&hellip;\n","protected":false},"author":2,"featured_media":279682,"comment_status":"","ping_status":"","sticky":false,"template":"","format":"standard","meta":{"footnotes":""},"categories":[155],"tags":[83089,27202,29,83086,214,30,83087,55279,74759,640,83088,215,64],"class_list":{"0":"post-279681","1":"post","2":"type-post","3":"status-publish","4":"format-standard","5":"has-post-thumbnail","7":"category-unterhaltung","8":"tag-asheville","9":"tag-cbs","10":"tag-deutschland","11":"tag-eileen-fulton","12":"tag-entertainment","13":"tag-germany","14":"tag-lisa-miller","15":"tag-north-carolina","16":"tag-paraderolle","17":"tag-rtl","18":"tag-serienfernsehen","19":"tag-unterhaltung","20":"tag-usa"},"share_on_mastodon":{"url":"https:\/\/pubeurope.com\/@de\/114884646307852286","error":""},"_links":{"self":[{"href":"https:\/\/www.europesays.com\/de\/wp-json\/wp\/v2\/posts\/279681","targetHints":{"allow":["GET"]}}],"collection":[{"href":"https:\/\/www.europesays.com\/de\/wp-json\/wp\/v2\/posts"}],"about":[{"href":"https:\/\/www.europesays.com\/de\/wp-json\/wp\/v2\/types\/post"}],"author":[{"embeddable":true,"href":"https:\/\/www.europesays.com\/de\/wp-json\/wp\/v2\/users\/2"}],"replies":[{"embeddable":true,"href":"https:\/\/www.europesays.com\/de\/wp-json\/wp\/v2\/comments?post=279681"}],"version-history":[{"count":0,"href":"https:\/\/www.europesays.com\/de\/wp-json\/wp\/v2\/posts\/279681\/revisions"}],"wp:featuredmedia":[{"embeddable":true,"href":"https:\/\/www.europesays.com\/de\/wp-json\/wp\/v2\/media\/279682"}],"wp:attachment":[{"href":"https:\/\/www.europesays.com\/de\/wp-json\/wp\/v2\/media?parent=279681"}],"wp:term":[{"taxonomy":"category","embeddable":true,"href":"https:\/\/www.europesays.com\/de\/wp-json\/wp\/v2\/categories?post=279681"},{"taxonomy":"post_tag","embeddable":true,"href":"https:\/\/www.europesays.com\/de\/wp-json\/wp\/v2\/tags?post=279681"}],"curies":[{"name":"wp","href":"https:\/\/api.w.org\/{rel}","templated":true}]}}