{"id":279687,"date":"2025-07-20T08:38:17","date_gmt":"2025-07-20T08:38:17","guid":{"rendered":"https:\/\/www.europesays.com\/de\/279687\/"},"modified":"2025-07-20T08:38:17","modified_gmt":"2025-07-20T08:38:17","slug":"touristenboot-kentert-in-vietnam-zahl-der-toten-steigt-auf-38","status":"publish","type":"post","link":"https:\/\/www.europesays.com\/de\/279687\/","title":{"rendered":"Touristenboot kentert in Vietnam \u2013 Zahl der Toten steigt auf 38"},"content":{"rendered":"<p class=\"tspAQhe tspAQhf\"><strong>Nach dem Kentern eines Ausflugsboots in einer Bucht im Nordosten Vietnams<\/strong> ist die Zahl der Opfer auf 38 gestiegen. <strong>Drei weitere Leichen wurden gefunden, als das gekenterte Touristenboot aus der Halong-Bucht am fr\u00fchen Sonntagmorgen geborgen<\/strong> und an Land gezogen wurde, wie die Beh\u00f6rden mitteilten. <\/p>\n<p class=\"tspAQhe\"><strong>Unter den best\u00e4tigten Todesopfern sind demzufolge acht Kinder. <\/strong>Alle Touristen sind Vietnamesen. <\/p>\n<p>Empfehlungen der Woche<\/p>\n<p class=\"tspCCm9\"> Ein schneller \u00dcberblick \u00fcber die wichtigsten Artikel, jeden Sonntag per Mail direkt aus der Tagesspiegel Chefredaktion. <\/p>\n<p class=\"tspAQhe\">Am Samstag war das Ausflugsboot <strong>mit 48 Touristen und f\u00fcnf Besatzungsmitgliedern <\/strong>an Bord bei Sturm und Gewitter gekentert. Elf Menschen wurden gerettet.\u00a0<\/p>\n<p><a href=\"https:\/\/www.tagesspiegel.de\/internationales\/die-ukraine-ist-bereit-selenskyj-schlagt-russland-fur-kommende-woche-neue-verhandlungen-vor-14053406.html?icid=single-topic_14052530___\" data-gtm-class=\"article-mzt-link\" class=\"tspCNoj\" rel=\"nofollow noopener\" target=\"_blank\">\u201eDie Ukraine ist bereit\u201c Selenskyj schl\u00e4gt Russland f\u00fcr kommende Woche neue Verhandlungen vor <\/a><\/p>\n<p class=\"tspAQhe\"><strong>Die zuletzt entdeckten drei Opfer waren Besatzungsmitglieder,<\/strong> die in der Kabine eingeschlossen waren, wie das Ministerium f\u00fcr Nationale Verteidigung der Deutschen Presse-Agentur mitteilte. Damit werden noch vier Menschen vermisst.\u00a0<\/p>\n<p class=\"tspAQhe\">Dem Bericht zufolge soll es sich bei den Touristen <strong>\u00fcberwiegend um Menschen aus Hanoi handeln,<\/strong> die <strong>mit ihren Familien \u2013 darunter auch vielen Kindern<\/strong> \u2013 eine Bootstour in die Bucht unternommen hatten.<\/p>\n<p class=\"tspAQhe\">Lokalen Medienberichten zufolge <strong>kenterte das Boot am fr\u00fchen Nachmittag w\u00e4hrend aufkommenden Gewittersturms. <\/strong>Als das GPS-Signal des Ausflugsboots verloren ging, seien umgehend Rettungskr\u00e4fte der Provinz Quang Ninh mobilisiert worden, darunter auch die Marine, hie\u00df es in den Berichten.<\/p>\n<p> Halong Bay als beliebtes Ausflugsziel <\/p>\n<p class=\"tspAQhe\">F\u00fcr die Rettungsarbeiten, die die ganze Nacht liefen, hatten die Beh\u00f6rden 323 Einsatzkr\u00e4fte von Grenzschutz, Polizei, Marine und Hafenbeh\u00f6rden mobilisiert. 30 Schiffe waren an der Aktion beteiligt. <strong>Auch viele Fischerboote beteiligten sich Medienberichten zufolge an der Suchaktion. <\/strong><\/p>\n<p class=\"tspAQhe\">Vietnams Ministerpr\u00e4sident Pham Minh Chinh dr\u00fcckte den Angeh\u00f6rigen der Opfer sein Mitgef\u00fchl aus. Zudem sei sein Stellvertreter, Tran Hong Ha, zum Unfallort gereist, um die Rettungsarbeiten zu leiten, berichtete \u201eVnExpress\u201c.<\/p>\n<p> Lesen Sie auch <a href=\"https:\/\/www.tagesspiegel.de\/gesellschaft\/panorama\/schutze-fluchtig-mehrere-schusse-in-einkaufszentrum-in-oslo--offenbar-unbeteiligte-person-verletzt-14052233.html?icid=topic-list_14052530___\" data-gtm-class=\"article-mzt-link\" class=\"tspCNoj\" rel=\"nofollow noopener\" target=\"_blank\">Sch\u00fctze fl\u00fcchtig Mehrere Sch\u00fcsse in Einkaufszentrum in Oslo \u2013 offenbar unbeteiligte Person verletzt <\/a><a href=\"https:\/\/www.tagesspiegel.de\/gesellschaft\/panorama\/mehr-als-30-verletzte-in-los-angeles-auto-fahrt-in-menschenmenge--polizei-nimmt-fahrer-in-gewahrsam-14051879.html?icid=topic-list_14052530___\" data-gtm-class=\"article-mzt-link\" class=\"tspCNoj\" rel=\"nofollow noopener\" target=\"_blank\">Mehr als 30 Verletzte in Los Angeles Auto f\u00e4hrt in Menschenmenge \u2013 Polizei nimmt Fahrer in Gewahrsam <\/a><a href=\"https:\/\/www.tagesspiegel.de\/gesundheit\/zahl-ist-noch-uberschaubar-millionen-versicherte-nutzen-noch-nicht-ihre-elektronische-patientenakte-14053772.html?icid=topic-list_14052530___\" data-gtm-class=\"article-mzt-link\" class=\"tspCNoj\" rel=\"nofollow noopener\" target=\"_blank\">\u201eZahl ist noch \u00fcberschaubar\u201c Millionen Versicherte nutzen noch nicht ihre elektronische Patientenakte <\/a><\/p>\n<p class=\"tspAQhe\">Bootstouren in der Bucht sind bei Touristen sehr beliebt, um die spektakul\u00e4ren Kalksteinformationen dort zu erkunden. Die Halong Bay ist seit 1994 Weltnaturerbe der Unesco. (dpa)<\/p>\n","protected":false},"excerpt":{"rendered":"Nach dem Kentern eines Ausflugsboots in einer Bucht im Nordosten Vietnams ist die Zahl der Opfer auf 38&hellip;\n","protected":false},"author":2,"featured_media":278555,"comment_status":"","ping_status":"","sticky":false,"template":"","format":"standard","meta":{"footnotes":""},"categories":[3],"tags":[13,14,15,12,10,8,9,11,103,104],"class_list":{"0":"post-279687","1":"post","2":"type-post","3":"status-publish","4":"format-standard","5":"has-post-thumbnail","7":"category-welt","8":"tag-headlines","9":"tag-nachrichten","10":"tag-news","11":"tag-schlagzeilen","12":"tag-top-news","13":"tag-top-meldungen","14":"tag-topmeldungen","15":"tag-topnews","16":"tag-welt","17":"tag-world"},"share_on_mastodon":{"url":"https:\/\/pubeurope.com\/@de\/114884668714004022","error":""},"_links":{"self":[{"href":"https:\/\/www.europesays.com\/de\/wp-json\/wp\/v2\/posts\/279687","targetHints":{"allow":["GET"]}}],"collection":[{"href":"https:\/\/www.europesays.com\/de\/wp-json\/wp\/v2\/posts"}],"about":[{"href":"https:\/\/www.europesays.com\/de\/wp-json\/wp\/v2\/types\/post"}],"author":[{"embeddable":true,"href":"https:\/\/www.europesays.com\/de\/wp-json\/wp\/v2\/users\/2"}],"replies":[{"embeddable":true,"href":"https:\/\/www.europesays.com\/de\/wp-json\/wp\/v2\/comments?post=279687"}],"version-history":[{"count":0,"href":"https:\/\/www.europesays.com\/de\/wp-json\/wp\/v2\/posts\/279687\/revisions"}],"wp:featuredmedia":[{"embeddable":true,"href":"https:\/\/www.europesays.com\/de\/wp-json\/wp\/v2\/media\/278555"}],"wp:attachment":[{"href":"https:\/\/www.europesays.com\/de\/wp-json\/wp\/v2\/media?parent=279687"}],"wp:term":[{"taxonomy":"category","embeddable":true,"href":"https:\/\/www.europesays.com\/de\/wp-json\/wp\/v2\/categories?post=279687"},{"taxonomy":"post_tag","embeddable":true,"href":"https:\/\/www.europesays.com\/de\/wp-json\/wp\/v2\/tags?post=279687"}],"curies":[{"name":"wp","href":"https:\/\/api.w.org\/{rel}","templated":true}]}}