{"id":280012,"date":"2025-07-20T11:38:13","date_gmt":"2025-07-20T11:38:13","guid":{"rendered":"https:\/\/www.europesays.com\/de\/280012\/"},"modified":"2025-07-20T11:38:13","modified_gmt":"2025-07-20T11:38:13","slug":"leuchtturm-der-verkehrswende-muensters-gruener-weiler-erhaelt-erste","status":"publish","type":"post","link":"https:\/\/www.europesays.com\/de\/280012\/","title":{"rendered":"Leuchtturm der Verkehrswende: M\u00fcnsters Gr\u00fcner Weiler erh\u00e4lt erste &#8230;"},"content":{"rendered":"<p class=\"date\">20.07.2025 \u2013 13:29<\/p>\n<p class=\"customer\">\n                        <a class=\"story-customer\" title=\"weiter zum newsroom von Good Mobility Council GmbH\" href=\"https:\/\/www.presseportal.de\/nr\/175697\" target=\"_blank\" rel=\"noopener\">Good Mobility Council GmbH<\/a>\n                    <\/p>\n<p><a class=\"glightbox event-trigger\" href=\"https:\/\/cache.pressmailing.net\/thumbnail\/story_hires\/529f8f1d-28d5-46a1-abce-d5bafdcf5f3d\/2025_07_20_GruenerWeiler_Muenster.jpg.jpg\" data-description=\"Personen auf dem Foto von links nach rechts: Thorsten Liebold, Gr\u00fcnder und Initiator des Gr\u00fcnen Weilers \/\/ Manuela Liebold, Gr\u00fcnderin und Initatorin des GW, Vorst\u00e4ndin der Genossenschaft \/\/ Ruben Grimm, Vorstand der Genossenschaft \/\/ Nicole de Vries, Vorst\u00e4ndin der Genossenschaft \/\/ Christian Scheler, Good Mobility Council \/\/ C\u00e4cilia Stockmann, AG Mobilit\u00e4t der Genossenschaft \/\/ Felix Austen, AG Mobilit\u00e4t der Genossenschaft \/\/ Sabine Kittel, Vorst\u00e4ndin der Genossenschaft \/ Weiterer Text \u00fcber ots und www.presseportal.de\/nr\/175697 \/ Die Verwendung dieses Bildes f\u00fcr redaktionelle Zwecke ist unter Beachtung aller mitgeteilten Nutzungsbedingungen zul\u00e4ssig und dann auch honorarfrei. Ver\u00f6ffentlichung ausschlie\u00dflich mit Bildrechte-Hinweis.\" data-category=\"medialightbox\" data-action=\"click\" data-label=\"single\" data-value=\"687cd100270000fd2c020d9f\" target=\"_blank\" rel=\"noopener\"><img decoding=\"async\" height=\"540\" with=\"720\" src=\"https:\/\/www.europesays.com\/de\/wp-content\/uploads\/2025\/07\/leuchtturm-der-verkehrswende-m-nsters-gr-ner-weiler-erh-lt-erste-platin-zertifizierung-des-good-mobi.jpeg\"   alt=\"Leuchtturm der Verkehrswende: M\u00fcnsters Gr\u00fcner Weiler erh\u00e4lt erste Platin-Zertifizierung des Good Mobility Council\" class=\"single\"\/><\/a><\/p>\n<p><a data-category=\"citylink-story-view\" data-action=\"click\" data-label=\"Citylink in Meldungsansicht\" class=\"story-city event-trigger\" href=\"https:\/\/www.presseportal.de\/regional\/M%FCnster\" title=\"News aus M\u00fcnster \" target=\"_blank\" rel=\"noopener\">M\u00fcnster<\/a> (ots)<\/p>\n<p> Als erstes Projekt in Deutschland erh\u00e4lt <b>Gr\u00fcner Weiler<\/b><b> in M\u00fcnster<\/b> die Platin-Vollzertifizierung des Berliner Good Mobility Council. Die Genossenschaft hatte bereits im Vorjahr mit ihrer Vorzertifizierung Ma\u00dfst\u00e4be gesetzt. Die nun vorliegenden Daten zum realen Mobilit\u00e4tsverhalten best\u00e4tigen eindrucksvoll: Die Mobilit\u00e4tswende im Gr\u00fcnen Weiler ist nicht nur geplant, sondern wird aktiv gelebt. Die nachhaltige Mobilit\u00e4t auf dem Gel\u00e4nde der ehemaligen Oxford-Kaserne ist beispielhaft &#8211; und \u00fcbertrifft selbst ambitionierte Zielvorgaben. <\/p>\n<p>&#8222;Gratulation an Gr\u00fcner Weiler in M\u00fcnster! Ihr seid offiziell als Leuchtturmprojekt der Mobilit\u00e4tswende ausgezeichnet &#8211; mit gelebter Nachhaltigkeit, die \u00fcber alle Erwartungen hinausgeht. Der Gr\u00fcne Weiler zeigt, dass autofreies Leben nicht nur m\u00f6glich, sondern bereichernd ist. Mit Werten, die selbst M\u00fcnster \u00fcbertreffen, setzt das Projekt neue Ma\u00dfst\u00e4be f\u00fcr nachhaltige Quartiersentwicklung,&#8220; so <b>Christian Scheler, Gesch\u00e4ftsf\u00fchrer des Berliner Good Mobility Council<\/b>. <\/p>\n<p><b>Mobilit\u00e4tsverhalten \u00fcbertrifft selbst M\u00fcnsters Fahrrad-Standards<\/b><\/p>\n<p> Die Zahlen sprechen eine deutliche Sprache und die Auswertung des realen Mobilit\u00e4tsverhaltens zeigt: Im Gr\u00fcnen Weiler besitzt nur noch rund jeder f\u00fcnfte Haushalt ein eigenes Auto. Stattdessen stehen den rund 260 Bewohnerinnen und Bewohnern \u00fcber 300 Fahrradstellpl\u00e4tze in einer barrierefreien, speziell konzipierten Velo-Halle oder in der Tiefgarage zur Verf\u00fcgung &#8211; bei nur 16 privaten PKW-Stellpl\u00e4tzen. <\/p>\n<p> Das Mobilit\u00e4tskonzept umfasst u.a <\/p>\n<ul class=\"naxml-ul\">\n<li> Sharing-Angebot mit bis zu 15 Lastenr\u00e4dern <\/li>\n<li> Gemeinschaftlich genutzte Fahrradwerkstatt <\/li>\n<li> Fahrradwaschplatz mit Regenwasserrecycling <\/li>\n<li> Eigen-Konzept &#8222;Velo-Hallo&#8220; <\/li>\n<li> 40 \u00fcberdachte Stellpl\u00e4tze <\/li>\n<\/ul>\n<p><b>Beeindruckende Mobilit\u00e4tsdaten belegen Erfolg <\/b><\/p>\n<p> Eine repr\u00e4sentative Umfrage, an der 80 Prozent aller Haushalte teilnahmen, dokumentiert den Erfolg: \u00dcber 80 Prozent der Freizeit- und Einkaufswege legen die Bewohnenden mit dem Rad zur\u00fcck, zwei Drittel fahren mit dem Fahrrad zur Arbeit. Diese Werte \u00fcbertreffen sogar den Durchschnitt der Fahrrad-Hauptstadt M\u00fcnster &#8211; und das trotz der Lage am Stadtrand. <\/p>\n<p><b>Gemeinschaft als Erfolgsrezept <\/b><\/p>\n<p><b>Felix Austen, Mitglied des Mobilit\u00e4tsteams der Genossenschaft,<\/b> berichtet aus der Praxis: &#8222;Viele Bewohnende, die sich anfangs mit dem Abschied vom Auto schwertaten, haben diesen Schritt dank der vielen Alternativen problemlos gemeistert. Unsere Leih-Lastenr\u00e4der sind der Renner &#8211; sie sind regelm\u00e4\u00dfig ausgebucht und bereiten den Nutzenden richtig Spa\u00df. Die KFZ-Stellpl\u00e4tze reichen uns v\u00f6llig aus, aber wir k\u00f6nnten gut noch mehr Radstellpl\u00e4tze gebrauchen.&#8220;<\/p>\n<p> Die Bewohnerin Claudia best\u00e4tigt: &#8222;Als Neuling beim Thema Verkehrswende bin ich gewillt, alte Gewohnheiten abzulegen. Durch die tollen Angebote im Weiler wird es mir leicht gemacht.&#8220; Und Bj\u00f6rn erg\u00e4nzt: &#8222;Wir sind maximal flexibel in der Wahl unserer Verkehrsmittel. Fast alles l\u00e4sst sich CO2-frei erledigen. Und wenn es mal ein Auto sein muss, steht auch das vor der Haust\u00fcr bereit!&#8220;<\/p>\n<p><b>Innovative Infrastruktur schafft neue Lebensqualit\u00e4t <\/b><\/p>\n<p> Die durchdachte Infrastruktur des Gr\u00fcnen Weilers umfasst weit mehr als nur Stellpl\u00e4tze. Die barrierefreie &#8222;Velo-Halle&#8220; mit Rampe, automatischen T\u00fcren und flexibler Platzvergabe f\u00fcr Sonderfahrr\u00e4der wurde speziell f\u00fcr die Bed\u00fcrfnisse von Familien konzipiert. E-Bike-Ladestationen, Schr\u00e4nke f\u00fcr Zubeh\u00f6r und eine gemeinschaftlich genutzte Werkstatt erg\u00e4nzen das Angebot. Eine gemeinschaftliche Kantine, Caf\u00e9, Co-Working-Spaces und Paketf\u00e4cher direkt im Quartier verk\u00fcrzen Wege und st\u00e4rken die Gemeinschaft. <\/p>\n<p> Bewohner Dario beschreibt den Alltag so: &#8222;Welch ein sch\u00f6nes Gef\u00fchl: Langsam die Rampe zur Velohalle hochfahren, eben den Transponder bet\u00e4tigen und durch die sich \u00f6ffnende T\u00fcr direkt hineinrollen. So macht Heimkommen Spa\u00df.&#8220;<\/p>\n<p><b>Ausblick: \u00d6PNV-Anbindung als n\u00e4chster Schritt<\/b><\/p>\n<p><b>Dr. Ingo Kucz, Gesch\u00e4ftsf\u00fchrer des Berliner Good Mobility Council<\/b>, blickt voraus: &#8222;Der Gr\u00fcne Weiler zeigt eindrucksvoll, was m\u00f6glich ist, wenn Gemeinschaft, durchdachte Planung und der Wille zur Ver\u00e4nderung zusammenkommen. Die Umfrageergebnisse zeigen aber auch Verbesserungspotenzial: Drei Viertel der Bewohnenden w\u00fcnschen sich eine n\u00e4here \u00d6PNV-Station. Hier sehen wir eine Chance f\u00fcr die Stadt M\u00fcnster, dieses Leuchtturmprojekt noch besser anzubinden und die Erfolgsgeschichte fortzuschreiben.&#8220;<\/p>\n<p><b>HINTERGRUND<\/b><\/p>\n<p> Certified Good Mobility ist das Green Building Zertifikat f\u00fcr Mobilit\u00e4t. Der Good Mobility Council zertifiziert, wie gut Mobilit\u00e4t bei Planungen von Neubauten oder Sanierung von Bestandsgeb\u00e4uden ber\u00fccksichtigt wird. Vom Good Mobility Councilzertifizierte Geb\u00e4ude tragen zu lokalen Mobilit\u00e4tswendezielen bei und \u00fcbersetzen diese in eine gute User Experience. Mehr Information sowie Kriterien-Set unter: <b> <a target=\"_blank\" class=\"uri-ext outbound\" rel=\"noopener\" href=\"https:\/\/goodmobility.org\">https:\/\/goodmobility.org<\/a><\/b><\/p>\n<p class=\"contact-headline\">Pressekontakt:<\/p>\n<p class=\"contact-text\">Dr. Ingo Kucz<br \/>Good Mobility Council GmbH<br \/>Gro\u00dfe Hamburger Stra\u00dfe 28<br \/>10115 Berlin, Germany<\/p>\n<p><a href=\"https:\/\/www.presseportal.de\/pm\/175697\/mailto: presse@goodmobility.org\" class=\"uri-mailto\" target=\"_blank\" rel=\"noopener\"> presse@goodmobility.org<\/a><\/p>\n<p class=\"originator\">Original-Content von: Good Mobility Council GmbH, \u00fcbermittelt durch news aktuell<\/p>\n","protected":false},"excerpt":{"rendered":"20.07.2025 \u2013 13:29 Good Mobility Council GmbH M\u00fcnster (ots) Als erstes Projekt in Deutschland erh\u00e4lt Gr\u00fcner Weiler in&hellip;\n","protected":false},"author":2,"featured_media":280013,"comment_status":"","ping_status":"","sticky":false,"template":"","format":"standard","meta":{"footnotes":""},"categories":[1843],"tags":[3477,3364,29,1553,30,8787,8970,4507,1209,178,180,179,181,601],"class_list":{"0":"post-280012","1":"post","2":"type-post","3":"status-publish","4":"format-standard","5":"has-post-thumbnail","7":"category-muenster","8":"tag-bild","9":"tag-de","10":"tag-deutschland","11":"tag-genossenschaft","12":"tag-germany","13":"tag-mobilitt","14":"tag-muenster","15":"tag-nachhaltigkeit","16":"tag-nordrhein-westfalen","17":"tag-presse","18":"tag-pressemeldung","19":"tag-pressemitteilung","20":"tag-pressemitteilungen","21":"tag-verkehr"},"share_on_mastodon":{"url":"https:\/\/pubeurope.com\/@de\/114885368600350706","error":""},"_links":{"self":[{"href":"https:\/\/www.europesays.com\/de\/wp-json\/wp\/v2\/posts\/280012","targetHints":{"allow":["GET"]}}],"collection":[{"href":"https:\/\/www.europesays.com\/de\/wp-json\/wp\/v2\/posts"}],"about":[{"href":"https:\/\/www.europesays.com\/de\/wp-json\/wp\/v2\/types\/post"}],"author":[{"embeddable":true,"href":"https:\/\/www.europesays.com\/de\/wp-json\/wp\/v2\/users\/2"}],"replies":[{"embeddable":true,"href":"https:\/\/www.europesays.com\/de\/wp-json\/wp\/v2\/comments?post=280012"}],"version-history":[{"count":0,"href":"https:\/\/www.europesays.com\/de\/wp-json\/wp\/v2\/posts\/280012\/revisions"}],"wp:featuredmedia":[{"embeddable":true,"href":"https:\/\/www.europesays.com\/de\/wp-json\/wp\/v2\/media\/280013"}],"wp:attachment":[{"href":"https:\/\/www.europesays.com\/de\/wp-json\/wp\/v2\/media?parent=280012"}],"wp:term":[{"taxonomy":"category","embeddable":true,"href":"https:\/\/www.europesays.com\/de\/wp-json\/wp\/v2\/categories?post=280012"},{"taxonomy":"post_tag","embeddable":true,"href":"https:\/\/www.europesays.com\/de\/wp-json\/wp\/v2\/tags?post=280012"}],"curies":[{"name":"wp","href":"https:\/\/api.w.org\/{rel}","templated":true}]}}