{"id":280262,"date":"2025-07-20T13:55:10","date_gmt":"2025-07-20T13:55:10","guid":{"rendered":"https:\/\/www.europesays.com\/de\/280262\/"},"modified":"2025-07-20T13:55:10","modified_gmt":"2025-07-20T13:55:10","slug":"lost-auf-dem-purple-path-sind-die-kunstwerke-zu-versteckt","status":"publish","type":"post","link":"https:\/\/www.europesays.com\/de\/280262\/","title":{"rendered":"Lost auf dem Purple Path &#8211; sind die Kunstwerke zu versteckt?"},"content":{"rendered":"<p class=\"text\">\nSo hat auch ein Paar aus der N\u00e4he von Rochlitz hergefunden. Sie h\u00e4tten schon mehrere Touren unternommen, um sich den Purple Path nach und nach zu erarbeiten. Das Kunstwerk in Zschopau haben sie leicht gefunden, erz\u00e4hlt der Mann. &#8222;Ich finde es gut, dass solche Kunstobjekte in der Landschaft installiert werden. Und ich finde es auch sehr gut, dass man die Objekte \u00fcber Google Maps finden kann.&#8220; So k\u00f6nne man sich von Objekt zu Objekt navigieren.\n<\/p>\n<p>Die Suche nach den Kunstwerken<\/p>\n<p class=\"text\">\nDie meisten Kunstwerke seien mit Navi gut zu finden, sagt seine Begleiterin. Es g\u00e4be aber auch Ausnahmen. &#8222;<a href=\"https:\/\/www.mdr.de\/nachrichten\/sachsen\/chemnitz\/zschopau\/kulturhauptstadt-zschopau-tourismus-veranstaltung-100.html\" title=\"Ein Blick in die Kulturregion: Zschopau\" rel=\"nofollow noopener\" target=\"_blank\">Zw\u00f6nitz war etwas schwieriger zu finden.<\/a> Gerade die Anfahrt mit dem Auto, da haben wir lange geschaut, wo ein Schild steht.&#8220; Tats\u00e4chlich ist das Kunstwerk &#8222;Color Floating&#8220; von Nevin Alada\u011f nicht so leicht zu entdecken. Die vier mit Str\u00fcmpfen bespannten Lampions sind eine Hommage an die Textilgeschichte der Stadt. Sie h\u00e4ngen &#8211; versteckt im Gr\u00fcnen &#8211; \u00fcber einem Teich im Austelpark.\n<\/p>\n<blockquote>\n<p class=\"text\">Die meisten Kunstwerke sind gut zu finden. Aber Zw\u00f6nitz war etwas schwieriger.<\/p>\n<p>Besucherin in Zw\u00f6nitz<\/p>\n<\/blockquote>\n<p>Entdeckergeist ist gefragt<\/p>\n<p class=\"text\">\nEin bisschen Entdeckergeist m\u00fcsse man in Zw\u00f6nitz schon mitbringen, gibt Antje Neef, die Kulturbeauftragte der Stadt zu. Im Sommer, wenn die Natur in voller Bl\u00fcte stehe, verstecke sich das Kunstwerk nat\u00fcrlich ein bisschen unter dem Bl\u00e4tterdach. &#8222;Aber ich glaube bei unserem Kunstwerk ist es auch so gewollt, dass man ein bisschen Entdecker ist. Man soll die Sch\u00f6nheit der Natur genie\u00dfen, soll sich ein bisschen auf den Park einlassen, sich Zeit nehmen, das auf sich wirken lassen.&#8220;\n<\/p>\n<p>In Hainichen wird er gelebt &#8211; der Kulturhauptstadtgedanke<\/p>\n<p class=\"text\">\nUmgeben von viel Gr\u00fcn ist auch die Skulptur &#8222;Endless Column&#8220; von Stijn Ank. Das drei Meter hohe Kunstwerk erinnert an einen \u00fcbergro\u00dfen Papierstapel und steht auf einem Platz <a href=\"https:\/\/www.mdr.de\/nachrichten\/sachsen\/chemnitz\/floeha-hainichen\/kulturhauptstadt-hainichen-kunst-skulptur-100.html\" title=\"Ein Blick in die Kulturregion: Hainichen\" rel=\"nofollow noopener\" target=\"_blank\">hinter dem Hainichener Rathaus.<\/a> In der mittels\u00e4chsischen Kleinstadt wurden sowohl der Fabeldichter Christian F\u00fcrchtegott Gellert, als auch der Erfinder des Holzschliffes, Friedrich Gottlob Keller, geboren.\n<\/p>\n<p class=\"text\">\nDass Hainichen Teil der Kulturhauptstadtregion ist, ist nicht zu \u00fcbersehen. Die Fassade des Rathauses zieren Flaggen Europ\u00e4ischer Kulturhauptst\u00e4dte, ein lilafarbener Schilderbaum weist auf Kunstwerke in den umliegenden Kommunen hin. Nur ein gro\u00dfer Wegweiser f\u00fcr das eigene Kunstwerk fehlt noch. Dieser sei schon im Schilderwerk Beutha in Auftrag gegeben, damit das Kunstwerk noch besser zu finden sei, erz\u00e4hlt Oberb\u00fcrgermister Dieter Greysinger.\n<\/p>\n<blockquote>\n<p class=\"text\">Wenn ich die Wahl h\u00e4tte, dann f\u00e4nde ich eine Tafel schon sch\u00f6n.<\/p>\n<p>Besucher in Hainichen<\/p>\n<\/blockquote>\n<p class=\"text\">\nAuch eine Tafel mit mehr Informationen \u00fcber den K\u00fcnstler und sein Werk ist schon bestellt. Denn auf den einheitlichen Schildern entlang des Purple Path gibt es daf\u00fcr nur einen QR-Code. Das wolle man &#8211; gerade auch mit Blick auf die \u00e4ltere Generation in Hainichen k\u00fcnftig besucherfreundlicher gestalten. &#8222;Ich kann da alle \u00c4lteren beruhigen.&#8220;, sagt Greysinger. &#8222;Mit der neuen Tafel wird man dann sehr viel detaillierte Dinge lesen k\u00f6nnen, ohne dass man immer das Handy oder den QR-Code z\u00fccken muss.&#8220;\n<\/p>\n<p>Tafel oder Code?<\/p>\n<p class=\"text\">\nDiese Information freut auch einen jungen Mann, der sich gerade in Hainichen das Kunstwerk anschaut. &#8222;Also ich freue mich immer \u00fcber Tafeln. Ich lese mir das gerne durch. Ich wei\u00df, viele &#8211; auch in unserer Generation &#8211; denen reicht es mit einem QR Code.&#8220; Er habe selbst auch das Handy dabei. Das ginge nat\u00fcrlich genauso. &#8222;Aber wenn ich die Wahl h\u00e4tte, dann f\u00e4nde ich eine Tafel schon sch\u00f6n.&#8220;\n<\/p>\n<blockquote>\n<p class=\"text\">Wer mit dem Internet und mit dem QR-Code zurechtkommt, f\u00fcr den ist es bestimmt okay.<\/p>\n<p>Besucher in Hainichen<\/p>\n<\/blockquote>\n<p class=\"text\">\nEin Besucherpaar stimmt dem jungen Mann zu: &#8222;Wer mit dem Internet und mit dem QR-Code zurechtkommt, f\u00fcr den ist es bestimmt okay&#8220;, sagt die Frau. &#8222;Aber ich wei\u00df nicht, wie viele \u00e4ltere Leute das dann nicht nutzen.&#8220; Und ihr Begleiter erg\u00e4nzt: &#8222;Das setzt nat\u00fcrlich voraus, dass der, der mehr wissen will, auch mit einem QR-Code umgehen kann. Und wenn da eine sch\u00f6ne Tafel da w\u00e4re, das w\u00e4re schon sch\u00f6n.&#8220;\n<\/p>\n<p>In Zukunft mehr Informationen<\/p>\n<p class=\"text\">\nAuch in Zw\u00f6nitz will man in Sachen Informationen nachbessern. &#8222;Ich denke, wir kriegen das hin, dass wir dort noch mehr Informationen anbringen werden&#8220;, sagt Antje Neef. &#8222;Damit die n\u00e4chsten Besucher dann auch lesen k\u00f6nnen, was sich die Nevin Aladag gedacht hat zu diesem Kunstwerk.&#8220; In K\u00fcrze, verspricht sie, solle im Austelpark eine zus\u00e4tzliche Infotafel angebracht werden.<\/p>\n","protected":false},"excerpt":{"rendered":"So hat auch ein Paar aus der N\u00e4he von Rochlitz hergefunden. Sie h\u00e4tten schon mehrere Touren unternommen, um&hellip;\n","protected":false},"author":2,"featured_media":280263,"comment_status":"","ping_status":"","sticky":false,"template":"","format":"standard","meta":{"footnotes":"","_share_on_mastodon":"0"},"categories":[1775],"tags":[1793,2770,29,214,30,2771,2075,1794,81,14,2772,859,3298,1163,215],"class_list":["post-280262","post","type-post","status-publish","format-standard","has-post-thumbnail","category-kunst-und-design","tag-art-and-design","tag-chemnitz","tag-deutschland","tag-entertainment","tag-germany","tag-kulturhauptstadt","tag-kunst","tag-kunst-und-design","tag-mdr","tag-nachrichten","tag-purple-path","tag-sachsen","tag-skulpturen","tag-tourismus","tag-unterhaltung"],"share_on_mastodon":{"url":"https:\/\/pubeurope.com\/@de\/114885907109979491","error":""},"_links":{"self":[{"href":"https:\/\/www.europesays.com\/de\/wp-json\/wp\/v2\/posts\/280262","targetHints":{"allow":["GET"]}}],"collection":[{"href":"https:\/\/www.europesays.com\/de\/wp-json\/wp\/v2\/posts"}],"about":[{"href":"https:\/\/www.europesays.com\/de\/wp-json\/wp\/v2\/types\/post"}],"author":[{"embeddable":true,"href":"https:\/\/www.europesays.com\/de\/wp-json\/wp\/v2\/users\/2"}],"replies":[{"embeddable":true,"href":"https:\/\/www.europesays.com\/de\/wp-json\/wp\/v2\/comments?post=280262"}],"version-history":[{"count":0,"href":"https:\/\/www.europesays.com\/de\/wp-json\/wp\/v2\/posts\/280262\/revisions"}],"wp:featuredmedia":[{"embeddable":true,"href":"https:\/\/www.europesays.com\/de\/wp-json\/wp\/v2\/media\/280263"}],"wp:attachment":[{"href":"https:\/\/www.europesays.com\/de\/wp-json\/wp\/v2\/media?parent=280262"}],"wp:term":[{"taxonomy":"category","embeddable":true,"href":"https:\/\/www.europesays.com\/de\/wp-json\/wp\/v2\/categories?post=280262"},{"taxonomy":"post_tag","embeddable":true,"href":"https:\/\/www.europesays.com\/de\/wp-json\/wp\/v2\/tags?post=280262"}],"curies":[{"name":"wp","href":"https:\/\/api.w.org\/{rel}","templated":true}]}}