{"id":280528,"date":"2025-07-20T16:16:14","date_gmt":"2025-07-20T16:16:14","guid":{"rendered":"https:\/\/www.europesays.com\/de\/280528\/"},"modified":"2025-07-20T16:16:14","modified_gmt":"2025-07-20T16:16:14","slug":"zog-zog-zum-ersten-mal-mit-weiblichen-mitgliedern","status":"publish","type":"post","link":"https:\/\/www.europesays.com\/de\/280528\/","title":{"rendered":"Zog-Zog zum ersten mal mit weiblichen Mitgliedern"},"content":{"rendered":"<p class=\"text_ohne_einzug richtext text-em-55 !leading-serif mx-6 desktop:mx-0\"> Gegen Ende der Sch\u00fctzen-Versammlung hat sich Barbara <a href=\"https:\/\/rp-online.de\/thema\/kempen\/\" rel=\"nofollow noopener\" target=\"_blank\">Kempen<\/a> entschieden: Sie m\u00f6chte ihre Mitgliedschaft im Neusser B\u00fcrger-Sch\u00fctzen-Verein (NBSV) online per <a href=\"https:\/\/rp-online.de\/thema\/handy\/\" rel=\"nofollow noopener\" target=\"_blank\">Handy<\/a> abschicken. Doch das klappt nicht ganz, denn der mobile Daten-Empfang in der Neusser Stadthalle ist ziemlich schlecht. Die Neusserin war zwar ein Mitgrund daf\u00fcr, dass das traditionelle Sch\u00fctzen-Event \u201eZog-Zog\u201c am Samstag so weiblich war wie noch nie \u2013 am Ende kam allerdings lediglich rund ein Dutzend Frauen. Zum Vergleich: M\u00e4nner waren rund 400 anwesend.<\/p>\n","protected":false},"excerpt":{"rendered":"Gegen Ende der Sch\u00fctzen-Versammlung hat sich Barbara Kempen entschieden: Sie m\u00f6chte ihre Mitgliedschaft im Neusser B\u00fcrger-Sch\u00fctzen-Verein (NBSV) online&hellip;\n","protected":false},"author":2,"featured_media":280529,"comment_status":"","ping_status":"","sticky":false,"template":"","format":"standard","meta":{"footnotes":"","_share_on_mastodon":"0"},"categories":[1831],"tags":[83262,16136,83263,83269,3364,29,83260,3405,30,45834,11073,13634,83266,10430,1209,83265,23062,50988,23079,83267,59869,83264,14975,83268,10434,29273,5962,83261],"class_list":["post-280528","post","type-post","status-publish","format-standard","has-post-thumbnail","category-duesseldorf","tag-ackermann","tag-barbara","tag-buergerschuetzenfest","tag-buergerschuetzenverein","tag-de","tag-deutschland","tag-dornroeskes","tag-duesseldorf","tag-germany","tag-kempen","tag-mitglied","tag-mitgliedschaft","tag-mitgliedschaftsantrag","tag-neuss","tag-nordrhein-westfalen","tag-schuetenvereinsmitglied","tag-schuetze","tag-schuetzenfamilie","tag-schuetzenfest","tag-schuetzenlieder","tag-schuetzenpraesident","tag-schuetzenschaft","tag-schuetzenwesen","tag-schuetzenzuegen","tag-verein","tag-vereins","tag-versammlung","tag-walburga"],"share_on_mastodon":{"url":"https:\/\/pubeurope.com\/@de\/114886461914527330","error":""},"_links":{"self":[{"href":"https:\/\/www.europesays.com\/de\/wp-json\/wp\/v2\/posts\/280528","targetHints":{"allow":["GET"]}}],"collection":[{"href":"https:\/\/www.europesays.com\/de\/wp-json\/wp\/v2\/posts"}],"about":[{"href":"https:\/\/www.europesays.com\/de\/wp-json\/wp\/v2\/types\/post"}],"author":[{"embeddable":true,"href":"https:\/\/www.europesays.com\/de\/wp-json\/wp\/v2\/users\/2"}],"replies":[{"embeddable":true,"href":"https:\/\/www.europesays.com\/de\/wp-json\/wp\/v2\/comments?post=280528"}],"version-history":[{"count":0,"href":"https:\/\/www.europesays.com\/de\/wp-json\/wp\/v2\/posts\/280528\/revisions"}],"wp:featuredmedia":[{"embeddable":true,"href":"https:\/\/www.europesays.com\/de\/wp-json\/wp\/v2\/media\/280529"}],"wp:attachment":[{"href":"https:\/\/www.europesays.com\/de\/wp-json\/wp\/v2\/media?parent=280528"}],"wp:term":[{"taxonomy":"category","embeddable":true,"href":"https:\/\/www.europesays.com\/de\/wp-json\/wp\/v2\/categories?post=280528"},{"taxonomy":"post_tag","embeddable":true,"href":"https:\/\/www.europesays.com\/de\/wp-json\/wp\/v2\/tags?post=280528"}],"curies":[{"name":"wp","href":"https:\/\/api.w.org\/{rel}","templated":true}]}}