{"id":281449,"date":"2025-07-21T00:49:09","date_gmt":"2025-07-21T00:49:09","guid":{"rendered":"https:\/\/www.europesays.com\/de\/281449\/"},"modified":"2025-07-21T00:49:09","modified_gmt":"2025-07-21T00:49:09","slug":"ex-bayern-boss-hat-neuen-job-oliver-kahn-wird-tv-experte-bei-sky","status":"publish","type":"post","link":"https:\/\/www.europesays.com\/de\/281449\/","title":{"rendered":"Ex-Bayern-Boss hat neuen Job: Oliver Kahn wird TV-Experte bei Sky"},"content":{"rendered":"<p>                    Ex-Bayern-Boss hat neuen Job<br \/>\n                Oliver Kahn wird TV-Experte bei Sky<\/p>\n<p>\t\t\t\t              20.07.2025, 20:44 Uhr<\/p>\n<p><strong>Oliver Kahn hat eine neue Besch\u00e4ftigung. Beim TV-Sender Sky nimmt er sich aktueller Fu\u00dfball-Themen an. Eine andere Aufgabe wird der Ex-&#8222;Titan&#8220; aber nicht \u00fcbernehmen.<\/strong><\/p>\n<p>Oliver Kahn bekommt einen neuen Job beim TV-Sender Sky. Der fr\u00fchere Welttorh\u00fcter und ehemalige Vorstandsvorsitzende des FC Bayern M\u00fcnchen wird zun\u00e4chst als Experte f\u00fcr ein Jahr in der Sendung &#8222;Triple &#8211; Hagedorn Fu\u00dfball Talk&#8220; aktuelle Fu\u00dfball-Themen diskutieren. Zuerst hatte &#8222;Bild&#8220;-Zeitung berichtet, sp\u00e4ter best\u00e4tigte Sky die Personalie auf Anfrage der Deutschen Presse-Agentur.<\/p>\n<p>Geplant sind vom 2. Oktober an 15 Folgen, die in den Champions-League-Wochen jeweils donnerstags ausgestrahlt werden. Kahn wird k\u00fcnftig allerdings nicht als Experte am Rande aktueller Spiele arbeiten, hie\u00df es von Sky.<\/p>\n<p>Kahn: &#8222;Fu\u00dfball ist Emotion und milliardenschweres Business&#8220;<\/p>\n<p>&#8222;Ich freue mich sehr, ab sofort ein fester Teil der Triple-Runde zu sein&#8220;, sagte Kahn in einer Mitteilung des Senders. &#8222;Fu\u00dfball ist Leidenschaft, Fu\u00dfball ist Emotion, aber auch ein milliardenschweres Business. Mir ist es wichtig, die zentralen Themen und aktuellen Entwicklungen des nationalen und internationalen Fu\u00dfballs zu analysieren und einzuordnen.&#8220; Alexander R\u00f6sner, Chefredakteur von Sky Sport, f\u00fcgte hinzu: &#8222;Mit Oliver Kahn gewinnen wir nicht nur eine der gr\u00f6\u00dften Pers\u00f6nlichkeiten des deutschen Fu\u00dfballs, sondern auch einen scharfsinnigen Analytiker &#8211; mit klarer Haltung sowie Leidenschaft f\u00fcr das Spiel und das Gesch\u00e4ft Profifu\u00dfball.&#8220;<\/p>\n<p>Der 56-j\u00e4hrige Kahn war bis 2023 zwei Jahre lang Vorstandsvorsitzender des FC Bayern M\u00fcnchen. Als Spieler brachte er es auf 86 L\u00e4nderspiele und wurde unter anderem WM-Zweiter 2002. Im gleichen Jahr wurde er zum dritten Mal als Welttorh\u00fcter ausgezeichnet. Zuletzt war Kahn als ein Kandidat f\u00fcr den Posten als Sportchef beim Zweitligisten Hertha BSC im Gespr\u00e4ch, soll den Berlinern aber abgesagt haben. Zuvor wurde Kahn als neuer Eigent\u00fcmer des franz\u00f6sischen Viertligisten Girondins Bordeaux gehandelt, wovon er &#8222;nach intensiven Diskussionen und \u00dcberlegungen&#8220; aber Abstand nahm.<\/p>\n","protected":false},"excerpt":{"rendered":"Ex-Bayern-Boss hat neuen Job Oliver Kahn wird TV-Experte bei Sky 20.07.2025, 20:44 Uhr Oliver Kahn hat eine neue&hellip;\n","protected":false},"author":2,"featured_media":281450,"comment_status":"","ping_status":"","sticky":false,"template":"","format":"standard","meta":{"footnotes":""},"categories":[136],"tags":[29,458,347,30,15045,83402,265],"class_list":{"0":"post-281449","1":"post","2":"type-post","3":"status-publish","4":"format-standard","5":"has-post-thumbnail","7":"category-sport","8":"tag-deutschland","9":"tag-fc-bayern-muenchen","10":"tag-fussball","11":"tag-germany","12":"tag-oliver-kahn","13":"tag-skysport","14":"tag-sport"},"share_on_mastodon":{"url":"","error":""},"_links":{"self":[{"href":"https:\/\/www.europesays.com\/de\/wp-json\/wp\/v2\/posts\/281449","targetHints":{"allow":["GET"]}}],"collection":[{"href":"https:\/\/www.europesays.com\/de\/wp-json\/wp\/v2\/posts"}],"about":[{"href":"https:\/\/www.europesays.com\/de\/wp-json\/wp\/v2\/types\/post"}],"author":[{"embeddable":true,"href":"https:\/\/www.europesays.com\/de\/wp-json\/wp\/v2\/users\/2"}],"replies":[{"embeddable":true,"href":"https:\/\/www.europesays.com\/de\/wp-json\/wp\/v2\/comments?post=281449"}],"version-history":[{"count":0,"href":"https:\/\/www.europesays.com\/de\/wp-json\/wp\/v2\/posts\/281449\/revisions"}],"wp:featuredmedia":[{"embeddable":true,"href":"https:\/\/www.europesays.com\/de\/wp-json\/wp\/v2\/media\/281450"}],"wp:attachment":[{"href":"https:\/\/www.europesays.com\/de\/wp-json\/wp\/v2\/media?parent=281449"}],"wp:term":[{"taxonomy":"category","embeddable":true,"href":"https:\/\/www.europesays.com\/de\/wp-json\/wp\/v2\/categories?post=281449"},{"taxonomy":"post_tag","embeddable":true,"href":"https:\/\/www.europesays.com\/de\/wp-json\/wp\/v2\/tags?post=281449"}],"curies":[{"name":"wp","href":"https:\/\/api.w.org\/{rel}","templated":true}]}}