{"id":281456,"date":"2025-07-21T00:53:09","date_gmt":"2025-07-21T00:53:09","guid":{"rendered":"https:\/\/www.europesays.com\/de\/281456\/"},"modified":"2025-07-21T00:53:09","modified_gmt":"2025-07-21T00:53:09","slug":"kurswechsel-in-washington-trump-will-afghanen-aufnehmen-und-zwar-sofort","status":"publish","type":"post","link":"https:\/\/www.europesays.com\/de\/281456\/","title":{"rendered":"Kurswechsel in Washington: Trump will Afghanen aufnehmen, &#8222;und zwar sofort&#8220;"},"content":{"rendered":"<p>                    Kurswechsel in Washington<br \/>\n                Trump will Afghanen aufnehmen, &#8222;und zwar sofort&#8220;<\/p>\n<p>\t\t\t\t              21.07.2025, 00:51 Uhr<\/p>\n<p>\t\t\t\t\t       Artikel anh\u00f6ren<\/p>\n<p>\t\t\t\t\t\t\tDiese Audioversion wurde k\u00fcnstlich generiert. <a href=\"https:\/\/www.n-tv.de\/23249898\" rel=\"nofollow noopener\" target=\"_blank\">Mehr Infos<\/a><\/p>\n<p><strong>Seit April schieben die USA wieder Fl\u00fcchtlinge nach Afghanistan ab. Jetzt sollen Afghanen von den Vereinigten Arabischen Emiraten aus nach Afghanistan gebracht werden, doch das passt dem US-Pr\u00e4sidenten nicht. Trump will sie &#8222;retten&#8220; und in den USA aufnehmen.<\/strong><\/p>\n<p>Die USA nehmen in den Vereinigten Arabischen Emiraten seit Jahren festsitzende Afghanen auf, die vor der Macht\u00fcbernahme der Taliban f\u00fcr die Amerikaner gearbeitet hatten. Jetzt sollen diese afghanischen Fl\u00fcchtlinge allerdings von den Emiraten an das radikal-islamische Terror-Regime \u00fcbergeben werden, berichtet die Website &#8222;<a href=\"https:\/\/justthenews.com\/world\/middle-east\/lara-logan-piece\" rel=\"Follow nofollow noopener\" target=\"_blank\">Just the News<\/a>&#8222;. Donald Trump will das nicht zulassen. &#8222;Ich werde versuchen, sie zu retten, und zwar ab sofort&#8220;, schreibt der US-Pr\u00e4sident in seinem sozialen Netzwerk Truth Social.<\/p>\n<p>Er weicht damit von seinem Kurs ab, keine Migranten mehr in den USA aufzunehmen. Im April hatte seine Regierung den Abschiebungsstopp von Tausenden Afghanen aufgehoben. Die USA haben seit dem \u00fcberst\u00fcrzten Abzug aus Afghanistan in 2021 fast 200.000 Afghanen einreisen lassen. Die Vereinigten Arabischen Emirate hatten damals auf Bitten der USA mehrere Tausend Afghanen aufgenommen, die aus Kabul evakuiert wurden.<\/p>\n<p>Es ist unklar, wie viele Afghanen derzeit in den Emiraten leben. Zu den Fl\u00fcchtlingen geh\u00f6ren Familienangeh\u00f6rige afghanisch-amerikanischer US-Milit\u00e4rangeh\u00f6riger, Kinder, denen die Wiedervereinigung mit ihren Eltern genehmigt wurde, Verwandte von bereits in den USA lebenden Afghanen und Zehntausende Ortskr\u00e4fte, die w\u00e4hrend des 20-j\u00e4hrigen Krieges f\u00fcr die US-Regierung gearbeitet haben. In Gro\u00dfbritannien wurde vergangene Woche bekannt, dass <a href=\"https:\/\/www.n-tv.de\/politik\/Briten-muessen-wegen-Datenlecks-Tausende-Afghanen-aufnehmen-article25902491.html\" rel=\"Follow nofollow noopener\" target=\"_blank\">Tausende Afghanen heimlich aufgenommen<\/a> wurden.<\/p>\n","protected":false},"excerpt":{"rendered":"Kurswechsel in Washington Trump will Afghanen aufnehmen, &#8222;und zwar sofort&#8220; 21.07.2025, 00:51 Uhr Artikel anh\u00f6ren Diese Audioversion wurde&hellip;\n","protected":false},"author":2,"featured_media":281457,"comment_status":"","ping_status":"","sticky":false,"template":"","format":"standard","meta":{"footnotes":""},"categories":[3],"tags":[7451,106,13,7224,14,15,16,12,15451,10,8,9,11,64,831,103,104,1531],"class_list":{"0":"post-281456","1":"post","2":"type-post","3":"status-publish","4":"format-standard","5":"has-post-thumbnail","7":"category-welt","8":"tag-afghanistan","9":"tag-donald-trump","10":"tag-headlines","11":"tag-migranten","12":"tag-nachrichten","13":"tag-news","14":"tag-politik","15":"tag-schlagzeilen","16":"tag-taliban","17":"tag-top-news","18":"tag-top-meldungen","19":"tag-topmeldungen","20":"tag-topnews","21":"tag-usa","22":"tag-vereinigte-arabische-emirate","23":"tag-welt","24":"tag-world","25":"tag-zuwanderung"},"share_on_mastodon":{"url":"https:\/\/pubeurope.com\/@de\/114888494596695586","error":""},"_links":{"self":[{"href":"https:\/\/www.europesays.com\/de\/wp-json\/wp\/v2\/posts\/281456","targetHints":{"allow":["GET"]}}],"collection":[{"href":"https:\/\/www.europesays.com\/de\/wp-json\/wp\/v2\/posts"}],"about":[{"href":"https:\/\/www.europesays.com\/de\/wp-json\/wp\/v2\/types\/post"}],"author":[{"embeddable":true,"href":"https:\/\/www.europesays.com\/de\/wp-json\/wp\/v2\/users\/2"}],"replies":[{"embeddable":true,"href":"https:\/\/www.europesays.com\/de\/wp-json\/wp\/v2\/comments?post=281456"}],"version-history":[{"count":0,"href":"https:\/\/www.europesays.com\/de\/wp-json\/wp\/v2\/posts\/281456\/revisions"}],"wp:featuredmedia":[{"embeddable":true,"href":"https:\/\/www.europesays.com\/de\/wp-json\/wp\/v2\/media\/281457"}],"wp:attachment":[{"href":"https:\/\/www.europesays.com\/de\/wp-json\/wp\/v2\/media?parent=281456"}],"wp:term":[{"taxonomy":"category","embeddable":true,"href":"https:\/\/www.europesays.com\/de\/wp-json\/wp\/v2\/categories?post=281456"},{"taxonomy":"post_tag","embeddable":true,"href":"https:\/\/www.europesays.com\/de\/wp-json\/wp\/v2\/tags?post=281456"}],"curies":[{"name":"wp","href":"https:\/\/api.w.org\/{rel}","templated":true}]}}