{"id":281474,"date":"2025-07-21T01:02:16","date_gmt":"2025-07-21T01:02:16","guid":{"rendered":"https:\/\/www.europesays.com\/de\/281474\/"},"modified":"2025-07-21T01:02:16","modified_gmt":"2025-07-21T01:02:16","slug":"sommerfest-schloss-berge-gelsenkirchen","status":"publish","type":"post","link":"https:\/\/www.europesays.com\/de\/281474\/","title":{"rendered":"Sommerfest Schloss Berge &#8211; Gelsenkirchen"},"content":{"rendered":"<p data-start=\"0\" data-end=\"69\"><strong data-start=\"0\" data-end=\"69\">Sommerfestival Schloss Berge 2025 \u2013 Musik, Kirmes und Sommerlaune<\/strong><\/p>\n<p data-start=\"71\" data-end=\"333\">Vom 18. bis 20. Juli 2025 zog das <strong data-start=\"105\" data-end=\"137\">Sommerfestival Schloss Berge<\/strong> wieder tausende Besucher in den Schlosspark von Gelsenkirchen-Buer. Bei bestem Sommerwetter und freiem Eintritt bot das traditionsreiche Stadtfest ein vielf\u00e4ltiges Programm f\u00fcr die ganze Familie.<\/p>\n<p data-start=\"335\" data-end=\"748\">Auf mehreren B\u00fchnen traten unter anderem <strong data-start=\"376\" data-end=\"389\">Mia Weber<\/strong>, <strong data-start=\"391\" data-end=\"405\">Johnny Cap<\/strong>, <strong data-start=\"407\" data-end=\"419\">Breitner<\/strong>, <strong data-start=\"421\" data-end=\"433\">NINA REH<\/strong>, <strong data-start=\"435\" data-end=\"453\">Calvin Kleinen<\/strong> und Stimmungsgarant <strong data-start=\"474\" data-end=\"491\">Ikke H\u00fcftgold<\/strong> auf. Am Samstagabend sorgten die <strong data-start=\"525\" data-end=\"546\">Groove Delighters<\/strong> und <strong data-start=\"551\" data-end=\"567\">Captain Jack<\/strong> f\u00fcr Partystimmung. Der Sonntag geh\u00f6rte vor allem den Familien \u2013 mit der <strong data-start=\"640\" data-end=\"654\">TOGGO-Tour<\/strong>, bekannten Kinderfiguren wie <strong data-start=\"684\" data-end=\"698\">Peppa Wutz<\/strong> und <strong data-start=\"703\" data-end=\"717\">Paw Patrol<\/strong>, sowie vielen Mitmachaktionen.<\/p>\n<p data-start=\"750\" data-end=\"1068\">Neben Musik und B\u00fchnenprogramm luden Kirmesst\u00e4nde, kulinarische Angebote und ein Kunsthandwerksmarkt zum Verweilen ein. Zwar wirkte das Gel\u00e4nde stellenweise etwas leerer als in den Vorjahren, und das traditionelle H\u00f6henfeuerwerk musste aufgrund von Trockenheit abgesagt werden \u2013 die Stimmung blieb dennoch ausgelassen.<\/p>\n<p data-start=\"1070\" data-end=\"1281\" data-is-last-node=\"\" data-is-only-node=\"\">Dank zus\u00e4tzlicher Bus- und Bahnverbindungen war das Gel\u00e4nde gut erreichbar. Das Sommerfestival Schloss Berge zeigte sich erneut als beliebter Treffpunkt f\u00fcr Jung und Alt \u2013 zwischen Schloss, See und Sommerfreude.<\/p>\n","protected":false},"excerpt":{"rendered":"Sommerfestival Schloss Berge 2025 \u2013 Musik, Kirmes und Sommerlaune Vom 18. bis 20. Juli 2025 zog das Sommerfestival&hellip;\n","protected":false},"author":2,"featured_media":281475,"comment_status":"","ping_status":"","sticky":false,"template":"","format":"standard","meta":{"footnotes":""},"categories":[1848],"tags":[3364,29,548,663,3934,3658,30,13,14,15,1209,12],"class_list":{"0":"post-281474","1":"post","2":"type-post","3":"status-publish","4":"format-standard","5":"has-post-thumbnail","7":"category-gelsenkirchen","8":"tag-de","9":"tag-deutschland","10":"tag-eu","11":"tag-europa","12":"tag-europe","13":"tag-gelsenkirchen","14":"tag-germany","15":"tag-headlines","16":"tag-nachrichten","17":"tag-news","18":"tag-nordrhein-westfalen","19":"tag-schlagzeilen"},"share_on_mastodon":{"url":"https:\/\/pubeurope.com\/@de\/114888529869792421","error":""},"_links":{"self":[{"href":"https:\/\/www.europesays.com\/de\/wp-json\/wp\/v2\/posts\/281474","targetHints":{"allow":["GET"]}}],"collection":[{"href":"https:\/\/www.europesays.com\/de\/wp-json\/wp\/v2\/posts"}],"about":[{"href":"https:\/\/www.europesays.com\/de\/wp-json\/wp\/v2\/types\/post"}],"author":[{"embeddable":true,"href":"https:\/\/www.europesays.com\/de\/wp-json\/wp\/v2\/users\/2"}],"replies":[{"embeddable":true,"href":"https:\/\/www.europesays.com\/de\/wp-json\/wp\/v2\/comments?post=281474"}],"version-history":[{"count":0,"href":"https:\/\/www.europesays.com\/de\/wp-json\/wp\/v2\/posts\/281474\/revisions"}],"wp:featuredmedia":[{"embeddable":true,"href":"https:\/\/www.europesays.com\/de\/wp-json\/wp\/v2\/media\/281475"}],"wp:attachment":[{"href":"https:\/\/www.europesays.com\/de\/wp-json\/wp\/v2\/media?parent=281474"}],"wp:term":[{"taxonomy":"category","embeddable":true,"href":"https:\/\/www.europesays.com\/de\/wp-json\/wp\/v2\/categories?post=281474"},{"taxonomy":"post_tag","embeddable":true,"href":"https:\/\/www.europesays.com\/de\/wp-json\/wp\/v2\/tags?post=281474"}],"curies":[{"name":"wp","href":"https:\/\/api.w.org\/{rel}","templated":true}]}}