{"id":281524,"date":"2025-07-21T01:35:37","date_gmt":"2025-07-21T01:35:37","guid":{"rendered":"https:\/\/www.europesays.com\/de\/281524\/"},"modified":"2025-07-21T01:35:37","modified_gmt":"2025-07-21T01:35:37","slug":"fw-hannover-ein-toter-und-drei-schwerverletzte-bei-schwerem-verkehrsunfall-auf-der-bab-2","status":"publish","type":"post","link":"https:\/\/www.europesays.com\/de\/281524\/","title":{"rendered":"FW Hannover: Ein Toter und drei Schwerverletzte bei schwerem Verkehrsunfall auf der BAB 2"},"content":{"rendered":"<p class=\"date\">19.07.2025 \u2013 22:03<\/p>\n<p class=\"customer\">\n                        <a class=\"story-customer\" title=\"weiter zum newsroom von Feuerwehr Hannover\" href=\"https:\/\/www.presseportal.de\/blaulicht\/nr\/169586\" rel=\"nofollow noopener\" target=\"_blank\">Feuerwehr Hannover<\/a>\n                    <\/p>\n<p><a data-category=\"citylink-story-view\" data-action=\"click\" data-label=\"Citylink in Meldungsansicht\" class=\"story-city event-trigger\" href=\"https:\/\/www.presseportal.de\/regional\/Hannover\" title=\"News aus Hannover \" rel=\"nofollow noopener\" target=\"_blank\">Hannover<\/a> (ots)<\/p>\n<p>Am fr\u00fchen Samstagabend ereignete sich an der Autobahn 2 ein schwerer Verkehrsunfall, in dessen Folge ein Mensch ums Leben kam und drei weitere schwer verletzt wurden. Ein Pkw war auf einem Parkplatz mit einem Lkw kollidiert. Zwei Unfallopfer musste die Feuerwehr in einer aufw\u00e4ndigen Rettungsaktion aus ihrem Unfallwrack befreien.<\/p>\n<p>Der Rastplatz Varrelheide (Nord) in Hannover-Lahe war am Samstagabend um 17:29 Uhr Schauplatz eines tragischen Verkehrsunfalls. Ein mit vier Personen besetzter und von der Autobahn auf den Rastplatz einbiegender VW Golf stie\u00df mit hoher Geschwindigkeit mit einem dort abgestellten Lkw zusammen und wurde durch die Wucht des Aufpralls bis zur Mitte der Fahrgastzelle unter den Auflieger gepresst. W\u00e4hrend die beiden Passagiere auf den R\u00fccksitzen das Unfallfahrzeug eigenst\u00e4ndig bzw. mit der Hilfe von Ersthelfern verlassen konnten, wurden die beiden Frontinsassen im Fahrzeugwrack eingeklemmt. Der Fahrer des Lastkraftwagens, welcher zum Zeitpunkt des Unfalls in seinem Fahrzeug ruhte, blieb beim Aufprall gl\u00fccklicherweise unverletzt.<\/p>\n<p>Aufgrund der Schwere des Unfalls, der hohen Anzahl an Verletzten und der Meldung, dass der Pkw zu brennen beginnen sollte, r\u00fcckte ein Gro\u00dfaufgebot an Rettungskr\u00e4ften auf die Autobahn 2 in Fahrtrichtung Westen (Dortmund) aus. Darunter befanden sich, neben einem L\u00f6schzug der Berufsfeuerwehr und der Ortsfeuerwehr Misburg, auch der Rettungshubschrauber Christoph 4 sowie verschiedene Spezialfahrzeuge f\u00fcr die schwere Unfallrettung wie bspw. ein Feuerwehrkranwagen.<\/p>\n<p>Beim Eintreffen der Rettungskr\u00e4fte best\u00e4tigten sich die Meldungen gr\u00f6\u00dftenteils, wenngleich der Unfallwagen gl\u00fccklicherweise nicht brannte. Zeitgleich zum Rettungsdienst, der sofort mit der Untersuchung und Behandlung der bereits befreiten Unfallinsassen begann, bereiteten die Einsatzkr\u00e4fte der Feuerwehr die Rettung der beiden eingeklemmten Insassen auf den Fahrer- und Beifahrersitzen vor. Die Rettungsarbeiten waren durchaus komplex. So musste zur Rettung der Beifahrerin der Sattelauflieger des Lkw erst angehoben werden. Anschlie\u00dfend zogen die Einsatzkr\u00e4fte das Wrack mit einer Seilwinde unter dem Auflieger hervor, um auch den Fahrer retten zu k\u00f6nnen. Innerhalb kurzer Zeit gelang es anschlie\u00dfend, das Fahrzeug mit hydraulischen Rettungsger\u00e4ten aufzuschneiden und den Fahrer dem Rettungsdienst zu \u00fcbergeben. Die Not\u00e4rztin konnte jedoch tragischerweise nur noch seinen Tod feststellen. Die drei weiteren Unfallinsassen (zwei Frauen, ein Mann) erlitten schwere Verletzungen und kamen zur weiteren Behandlung in hannoversche Kliniken. Aufgrund der Landung des Rettungshubschraubers musste die BAB 2 in Fahrtrichtung Westen voll gesperrt werden, es kam zu nicht unwesentlichen Verkehrsbehinderungen.<\/p>\n<p>Zur Unfallursache hat der Verkehrsunfalldienst der Polizei die Ermittlungen aufgenommen. Zum konkreten Alter der Unfallbeteiligten und zur Schadenh\u00f6he k\u00f6nnen noch keine Angaben gemacht werden. Feuerwehr und Rettungsdienst waren mit 52 Einsatzkr\u00e4ften und 19 Fahrzeugen bis 18:45 Uhr vor Ort.<\/p>\n<p class=\"contact-headline\">R\u00fcckfragen bitte an:<\/p>\n<p class=\"contact-text\">Feuerwehr Hannover<br \/>Benjamin Pawlak<br \/>Telefon: 0511 912-1405<br \/>E-Mail: <a href=\"https:\/\/www.presseportal.de\/blaulicht\/pm\/169586\/mailto: Feuerwehr-Pressesprecher@Hannover-Stadt.de\" class=\"uri-mailto\" rel=\"nofollow noopener\" target=\"_blank\"> Feuerwehr-Pressesprecher@Hannover-Stadt.de<\/a><br \/><a target=\"_blank\" class=\"uri-ext outbound\" rel=\"noopener nofollow\" href=\"https:\/\/www.feuerwehr-hannover.de\">https:\/\/www.feuerwehr-hannover.de<\/a><\/p>\n<p class=\"originator\">Original-Content von: Feuerwehr Hannover, \u00fcbermittelt durch news aktuell<\/p>\n","protected":false},"excerpt":{"rendered":"19.07.2025 \u2013 22:03 Feuerwehr Hannover Hannover (ots) Am fr\u00fchen Samstagabend ereignete sich an der Autobahn 2 ein schwerer&hellip;\n","protected":false},"author":2,"featured_media":108,"comment_status":"","ping_status":"","sticky":false,"template":"","format":"standard","meta":{"footnotes":""},"categories":[1836],"tags":[3364,29,985,30,46,5404,1411,178,180,179,181,1284],"class_list":{"0":"post-281524","1":"post","2":"type-post","3":"status-publish","4":"format-standard","5":"has-post-thumbnail","7":"category-hannover","8":"tag-de","9":"tag-deutschland","10":"tag-feuerwehr","11":"tag-germany","12":"tag-hannover","13":"tag-ni","14":"tag-niedersachsen","15":"tag-presse","16":"tag-pressemeldung","17":"tag-pressemitteilung","18":"tag-pressemitteilungen","19":"tag-unfall"},"share_on_mastodon":{"url":"https:\/\/pubeurope.com\/@de\/114888659700883863","error":""},"_links":{"self":[{"href":"https:\/\/www.europesays.com\/de\/wp-json\/wp\/v2\/posts\/281524","targetHints":{"allow":["GET"]}}],"collection":[{"href":"https:\/\/www.europesays.com\/de\/wp-json\/wp\/v2\/posts"}],"about":[{"href":"https:\/\/www.europesays.com\/de\/wp-json\/wp\/v2\/types\/post"}],"author":[{"embeddable":true,"href":"https:\/\/www.europesays.com\/de\/wp-json\/wp\/v2\/users\/2"}],"replies":[{"embeddable":true,"href":"https:\/\/www.europesays.com\/de\/wp-json\/wp\/v2\/comments?post=281524"}],"version-history":[{"count":0,"href":"https:\/\/www.europesays.com\/de\/wp-json\/wp\/v2\/posts\/281524\/revisions"}],"wp:featuredmedia":[{"embeddable":true,"href":"https:\/\/www.europesays.com\/de\/wp-json\/wp\/v2\/media\/108"}],"wp:attachment":[{"href":"https:\/\/www.europesays.com\/de\/wp-json\/wp\/v2\/media?parent=281524"}],"wp:term":[{"taxonomy":"category","embeddable":true,"href":"https:\/\/www.europesays.com\/de\/wp-json\/wp\/v2\/categories?post=281524"},{"taxonomy":"post_tag","embeddable":true,"href":"https:\/\/www.europesays.com\/de\/wp-json\/wp\/v2\/tags?post=281524"}],"curies":[{"name":"wp","href":"https:\/\/api.w.org\/{rel}","templated":true}]}}