{"id":281990,"date":"2025-07-21T06:06:16","date_gmt":"2025-07-21T06:06:16","guid":{"rendered":"https:\/\/www.europesays.com\/de\/281990\/"},"modified":"2025-07-21T06:06:16","modified_gmt":"2025-07-21T06:06:16","slug":"der-tag-bericht-s-bahn-surfer-in-berlin-tot-aufgefunden","status":"publish","type":"post","link":"https:\/\/www.europesays.com\/de\/281990\/","title":{"rendered":"Der Tag: Bericht: S-Bahn-Surfer in Berlin tot aufgefunden"},"content":{"rendered":"<p>                    Der Tag<br \/>\n                Bericht: S-Bahn-Surfer in Berlin tot aufgefunden<\/p>\n<p>\t\t\t\t              21.07.2025, 07:48 Uhr<\/p>\n<p>Ein junger Mann hat offenbar eine waghalsige Aktion mit dem Leben bezahlt: Wie die &#8222;Bild&#8220;-Zeitung berichtet, wurde am Sonntagvormittag auf dem <b>Dach eines Zugs der S-Bahn-Linie 1 in Berlin eine Leiche entdeckt<\/b>. Zeugen hatten demnach zuvor den Notruf gew\u00e4hlt. Der Zug stoppte am Bahnhof Sundgauer Stra\u00dfe, wo ein Notarzt nur noch den Tod des 20-J\u00e4hrigen habe feststellen k\u00f6nnen. Er habe <b>schwere Kopfverletzungen<\/b> aufgewiesen. Wie genau es dazu kommen konnte und wo der <b>mutma\u00dfliche S-Bahn-Surfer <\/b>verungl\u00fcckt ist, muss noch ermittelt werden.<\/p>\n","protected":false},"excerpt":{"rendered":"Der Tag Bericht: S-Bahn-Surfer in Berlin tot aufgefunden 21.07.2025, 07:48 Uhr Ein junger Mann hat offenbar eine waghalsige&hellip;\n","protected":false},"author":2,"featured_media":281991,"comment_status":"","ping_status":"","sticky":false,"template":"","format":"standard","meta":{"footnotes":""},"categories":[1825],"tags":[5001,296,282,29,30,83298,1781],"class_list":{"0":"post-281990","1":"post","2":"type-post","3":"status-publish","4":"format-standard","5":"has-post-thumbnail","7":"category-berlin","8":"tag-bericht","9":"tag-berlin","10":"tag-der","11":"tag-deutschland","12":"tag-germany","13":"tag-s-bahn-surfer","14":"tag-tag"},"share_on_mastodon":{"url":"https:\/\/pubeurope.com\/@de\/114889725454708893","error":""},"_links":{"self":[{"href":"https:\/\/www.europesays.com\/de\/wp-json\/wp\/v2\/posts\/281990","targetHints":{"allow":["GET"]}}],"collection":[{"href":"https:\/\/www.europesays.com\/de\/wp-json\/wp\/v2\/posts"}],"about":[{"href":"https:\/\/www.europesays.com\/de\/wp-json\/wp\/v2\/types\/post"}],"author":[{"embeddable":true,"href":"https:\/\/www.europesays.com\/de\/wp-json\/wp\/v2\/users\/2"}],"replies":[{"embeddable":true,"href":"https:\/\/www.europesays.com\/de\/wp-json\/wp\/v2\/comments?post=281990"}],"version-history":[{"count":0,"href":"https:\/\/www.europesays.com\/de\/wp-json\/wp\/v2\/posts\/281990\/revisions"}],"wp:featuredmedia":[{"embeddable":true,"href":"https:\/\/www.europesays.com\/de\/wp-json\/wp\/v2\/media\/281991"}],"wp:attachment":[{"href":"https:\/\/www.europesays.com\/de\/wp-json\/wp\/v2\/media?parent=281990"}],"wp:term":[{"taxonomy":"category","embeddable":true,"href":"https:\/\/www.europesays.com\/de\/wp-json\/wp\/v2\/categories?post=281990"},{"taxonomy":"post_tag","embeddable":true,"href":"https:\/\/www.europesays.com\/de\/wp-json\/wp\/v2\/tags?post=281990"}],"curies":[{"name":"wp","href":"https:\/\/api.w.org\/{rel}","templated":true}]}}