{"id":282012,"date":"2025-07-21T06:17:20","date_gmt":"2025-07-21T06:17:20","guid":{"rendered":"https:\/\/www.europesays.com\/de\/282012\/"},"modified":"2025-07-21T06:17:20","modified_gmt":"2025-07-21T06:17:20","slug":"klaus-klaus-star-hat-sich-acht-rippen-gebrochen","status":"publish","type":"post","link":"https:\/\/www.europesays.com\/de\/282012\/","title":{"rendered":"&#8222;Klaus &#038; Klaus&#8220;-Star hat sich acht Rippen gebrochen"},"content":{"rendered":"<p>Achtfacher Rippenbruch bei Schlagerstar <\/p>\n<p>Klaus Baumgart kann vor Schmerzen nur im Sitzen schlafen<\/p>\n<p>Aktualisiert am 21.07.2025 &#8211; 08:09 UhrLesedauer: 2 Min.<\/p>\n<p><a href=\"#focus-0\" class=\"transition-colors duration-200 focus-within:text-magenta block text-current relative\" data-sctrack=\"FocusGalleryImage.Reference\"><img fetchpriority=\"high\" data-testid=\"Opener.Image\" style=\"--lqipURL:url('https:\/\/images.t-online.de\/2025\/07\/GCse6gGTDotu\/10x267:3628x2041\/fit-in\/150x0\/filters:blur(25)\/klaus-baumgart-der-schlagermusiker-hat-sich-verletzt.jpg')\"   loading=\"eager\" src=\"https:\/\/www.europesays.com\/de\/wp-content\/uploads\/2025\/07\/klaus-baumgart-der-schlagermusiker-hat-sich-verletzt.jpg\" alt=\"Klaus Baumgart: Der Schlagermusiker hat sich verletzt.\" title=\"Klaus Baumgart: Der Schlagermusiker hat sich verletzt.\" width=\"3628\" height=\"2041\" class=\"bg-[url:var(--lqipURL)] bg-cover bg-center flex h-full w-full max-w-full\" decoding=\"async\"\/><img style=\"--width:32;--height:32\" loading=\"lazy\" src=\"https:\/\/www.t-online.de\/s\/paper\/_next\/static\/media\/zoom-in.f7dae02f.svg\" alt=\"Vergr\u00f6\u00dfern des Bildes\" title=\"Vergr\u00f6\u00dfern des Bildes\" class=\"block h-[calc(var(--height)_\/_16_*_1rem)] w-[calc(var(--width)_\/_16_*_1rem)] max-w-none absolute bottom-8 right-8 rounded-4 bg-snow p-8\" decoding=\"async\"\/><\/a><\/p>\n<p>Klaus Baumgart: Der Schlagermusiker hat sich verletzt. (Quelle: IMAGO \/ Jan Huebner)<\/p>\n<p class=\"font-bold text-18 leading-17\">Seit zwei Wochen schl\u00e4ft er nicht mehr im Bett. Anders sind seine Schmerzen nicht auszuhalten. Klaus Baumgart hat sich acht Rippen gebrochen.<\/p>\n<p class=\"text-18 leading-17\">Eine H\u00e4lfte des Schlagerduos Klaus &amp; Klaus ist gesundheitlich angeschlagen. Musiker Klaus Baumgart ist zu Hause gest\u00fcrzt und hat sich dabei schwer verletzt. Wie die &#8222;Bild&#8220;-Zeitung berichtet, hat der 70-J\u00e4hrige einen achtfachen <a class=\"transition-colors duration-200 cursor-pointer text-inherit no-underline text-salemsfur md:hover:text-magenta md:hover:border-magenta md:focus:text-magenta border-current border-b border-solid break-words\" href=\"https:\/\/www.t-online.de\/gesundheit\/krankheiten-symptome\/verletzungen\/id_100147932\/rippenbruch-symptome-ursachen-behandlung.html\" data-sctrack=\"BodyAnchor\" rel=\"nofollow noopener\" target=\"_blank\">Rippenbruch<\/a> \u2013 was ihn in seinem Alltag offenbar stark einschr\u00e4nkt.<\/p>\n<p class=\"text-18 leading-17\">Baumgart erkl\u00e4rt: &#8222;Ein bequemer Ledersessel ist das einzige M\u00f6belst\u00fcck, wo ich es halbwegs auch in der Nacht aushalte. Bis Ende August hei\u00dft es: Augen zu und durch.&#8220; Doch der S\u00e4nger ist optimistisch gestimmt. Er sagt: &#8222;Es kann nur besser werden.&#8220; Einige Wochen muss er noch die Z\u00e4hne zusammenbei\u00dfen, dann kann er wohl endlich wieder im Bett schlafen.<\/p>\n<p class=\"text-18 leading-17\">Wie genau hat sich Baumgart die Verletzung zugezogen? In einer Situation der Freude, wie er dem Blatt verr\u00e4t: &#8222;Ich habe mir vor zwei Wochen das Fu\u00dfballspiel VfB <a class=\"transition-colors duration-200 cursor-pointer text-inherit no-underline text-salemsfur md:hover:text-magenta md:hover:border-magenta md:focus:text-magenta border-current border-b border-solid break-words\" href=\"https:\/\/www.t-online.de\/themen\/oldenburg\/\" data-sctrack=\"BodyAnchor\" rel=\"nofollow noopener\" target=\"_blank\">Oldenburg<\/a> gegen den <a class=\"transition-colors duration-200 cursor-pointer text-inherit no-underline text-salemsfur md:hover:text-magenta md:hover:border-magenta md:focus:text-magenta border-current border-b border-solid break-words\" href=\"https:\/\/www.t-online.de\/themen\/hsv\/\" data-sctrack=\"BodyAnchor\" rel=\"nofollow noopener\" target=\"_blank\">HSV<\/a> im Fernsehen angeschaut. Beim 1:1 sprang ich auf und fiel im Moment der Euphorie r\u00fcckw\u00e4rts \u00fcber einen Fu\u00dfhocker.&#8220; Der Aufprall sei so stark gewesen, dass er sich auf seiner rechten Seite acht Rippen, von der Dritten bis zur Zehnten, gebrochen habe, so Baumgart weiter.<\/p>\n<p class=\"text-18 leading-17\">Klaus Baumgart wurde mit dem Schlagerduo Klaus &amp; Klaus und dem Hit &#8222;An der Nordseek\u00fcste&#8220; ber\u00fchmt. Die Band gr\u00fcndete Baumgart in den Achtzigerjahren gemeinsam mit dem S\u00e4nger der Band Torfrock, Klaus B\u00fcchner. Zu ihren weiteren Hits z\u00e4hlen &#8222;Da steht ein Pferd auf\u2019m Flur&#8220; oder &#8222;Der Eiermann&#8220;. Ab 1997 gingen die Musiker getrennte Wege. Doch die Band existiert weiter. Baumgart tritt seither mit Claas Vogt auf. Sie sangen sich beispielsweise mit &#8222;Ein Rudi V\u00f6ller&#8220; in die Ohren der Fans.<\/p>\n","protected":false},"excerpt":{"rendered":"Achtfacher Rippenbruch bei Schlagerstar Klaus Baumgart kann vor Schmerzen nur im Sitzen schlafen Aktualisiert am 21.07.2025 &#8211; 08:09&hellip;\n","protected":false},"author":2,"featured_media":282013,"comment_status":"","ping_status":"","sticky":false,"template":"","format":"standard","meta":{"footnotes":"","_share_on_mastodon":"0"},"categories":[155],"tags":[29,214,30,83517,215],"class_list":["post-282012","post","type-post","status-publish","format-standard","has-post-thumbnail","category-unterhaltung","tag-deutschland","tag-entertainment","tag-germany","tag-klaus-baumgart","tag-unterhaltung"],"share_on_mastodon":{"url":"https:\/\/pubeurope.com\/@de\/114889768642059509","error":""},"_links":{"self":[{"href":"https:\/\/www.europesays.com\/de\/wp-json\/wp\/v2\/posts\/282012","targetHints":{"allow":["GET"]}}],"collection":[{"href":"https:\/\/www.europesays.com\/de\/wp-json\/wp\/v2\/posts"}],"about":[{"href":"https:\/\/www.europesays.com\/de\/wp-json\/wp\/v2\/types\/post"}],"author":[{"embeddable":true,"href":"https:\/\/www.europesays.com\/de\/wp-json\/wp\/v2\/users\/2"}],"replies":[{"embeddable":true,"href":"https:\/\/www.europesays.com\/de\/wp-json\/wp\/v2\/comments?post=282012"}],"version-history":[{"count":0,"href":"https:\/\/www.europesays.com\/de\/wp-json\/wp\/v2\/posts\/282012\/revisions"}],"wp:featuredmedia":[{"embeddable":true,"href":"https:\/\/www.europesays.com\/de\/wp-json\/wp\/v2\/media\/282013"}],"wp:attachment":[{"href":"https:\/\/www.europesays.com\/de\/wp-json\/wp\/v2\/media?parent=282012"}],"wp:term":[{"taxonomy":"category","embeddable":true,"href":"https:\/\/www.europesays.com\/de\/wp-json\/wp\/v2\/categories?post=282012"},{"taxonomy":"post_tag","embeddable":true,"href":"https:\/\/www.europesays.com\/de\/wp-json\/wp\/v2\/tags?post=282012"}],"curies":[{"name":"wp","href":"https:\/\/api.w.org\/{rel}","templated":true}]}}