{"id":282063,"date":"2025-07-21T06:47:11","date_gmt":"2025-07-21T06:47:11","guid":{"rendered":"https:\/\/www.europesays.com\/de\/282063\/"},"modified":"2025-07-21T06:47:11","modified_gmt":"2025-07-21T06:47:11","slug":"polizei-in-frankreich-findet-ehepaar-und-erwachsene-tochter-tot-auf","status":"publish","type":"post","link":"https:\/\/www.europesays.com\/de\/282063\/","title":{"rendered":"Polizei in Frankreich findet Ehepaar und erwachsene Tochter tot auf"},"content":{"rendered":"<p><img decoding=\"async\" src=\"https:\/\/www.europesays.com\/de\/wp-content\/uploads\/2025\/07\/5652043958441272.webp\" fetchpriority=\"high\" width=\"5859\" height=\"3298\" alt=\"epa12054242 A cordon of the national police in the surroundings of the Notre-Dame de Toutes-Aides high school, where a student stabbed several teenagers the day before, in Nantes, France, 25 April 202 ...\" data-image-id=\"5652043958441272\" class=\"watson-snippet__image bg-grey-10 block h-auto w-full \"\/><\/p>\n<p>Im S\u00fcdosten Frankreichs wurde ein Ehepaar und deren erwachsene Tochter tot aufgefunden. (Symbolbild)Bild: keystone<\/p>\n<p>21.07.2025, 07:4521.07.2025, 07:45<\/p>\n<p class=\"watson-snippet__text my-6 text-[16px] lg:text-[18px] leading-normal md:w-3\/5\">Die franz\u00f6sische Polizei hat in dem Dorf B\u00e2tie-Neuve in dem D\u00e9partement Hautes-Alpes im S\u00fcdosten Frankreichs ein \u00e4lteres Ehepaar und ihre erwachsene Tochter tot aufgefunden. Sie seien erschossen worden, erkl\u00e4rte die Staatsanw\u00e4ltin Marion Lozac&#8217;hmeur am Sonntag.<\/p>\n<p class=\"watson-snippet__text my-6 text-[16px] lg:text-[18px] leading-normal md:w-3\/5\">\u00abZum jetzigen Zeitpunkt wird keine Hypothese ausgeschlossen\u00bb, sagte die Gendarmerie der Nachrichtenagentur AFP. Das Alter des Ehepaares lag nach Angaben der Gendarmerie bei etwa 70 Jahren, das der Tochter bei etwa 30 Jahren. Die drei Leichen waren am Wohnort des Ehepaares gefunden worden. Die Feuerwehr hatte die Polizei gegen 18.30 Uhr alarmiert. Staatsanw\u00e4ltin Lozac&#8217;hmeur k\u00fcndigte an, sp\u00e4ter am Montag \u00abwahrscheinlich\u00bb weitere Einzelheiten des Falls mitzuteilen. (sda\/afp)<\/p>\n<p>Das k\u00f6nnte dich auch noch interessieren:<\/p>\n<p>        <a href=\"https:\/\/www.watson.ch\/international\/usa\/360902537-die-top-10-der-skurrilsten-trump-geschichten\" aria-label=\"Zur Story\" class=\"watson-next-story__link absolute inset-0 z-10\" rel=\"nofollow noopener\" target=\"_blank\"><\/p>\n<p>Er erfindet Gespr\u00e4che mit seinem Onkel, erreicht Millionen mit KI-generierten Bildern und hat manchmal M\u00fche, wach zu bleiben. So liefen die ersten sechs Monate des US-Pr\u00e4sidenten.<\/p>\n<p>Donald Trump liebt es, im Rampenlicht zu stehen. Seit er am 20. Januar dieses Jahres seinen Amtsschwur geleistet hat, produziert der US-Pr\u00e4sident eine Schlagzeile nach der anderen. Nicht alle sind relevant \u2013 daf\u00fcr zum Teil umso unterhaltsamer.<\/p>\n","protected":false},"excerpt":{"rendered":"Im S\u00fcdosten Frankreichs wurde ein Ehepaar und deren erwachsene Tochter tot aufgefunden. (Symbolbild)Bild: keystone 21.07.2025, 07:4521.07.2025, 07:45 Die&hellip;\n","protected":false},"author":2,"featured_media":282064,"comment_status":"","ping_status":"","sticky":false,"template":"","format":"standard","meta":{"footnotes":""},"categories":[3974],"tags":[331,332,548,663,3934,3980,156,13,14,15,12],"class_list":{"0":"post-282063","1":"post","2":"type-post","3":"status-publish","4":"format-standard","5":"has-post-thumbnail","7":"category-frankreich","8":"tag-aktuelle-nachrichten","9":"tag-aktuelle-news","10":"tag-eu","11":"tag-europa","12":"tag-europe","13":"tag-france","14":"tag-frankreich","15":"tag-headlines","16":"tag-nachrichten","17":"tag-news","18":"tag-schlagzeilen"},"share_on_mastodon":{"url":"https:\/\/pubeurope.com\/@de\/114889886652008498","error":""},"_links":{"self":[{"href":"https:\/\/www.europesays.com\/de\/wp-json\/wp\/v2\/posts\/282063","targetHints":{"allow":["GET"]}}],"collection":[{"href":"https:\/\/www.europesays.com\/de\/wp-json\/wp\/v2\/posts"}],"about":[{"href":"https:\/\/www.europesays.com\/de\/wp-json\/wp\/v2\/types\/post"}],"author":[{"embeddable":true,"href":"https:\/\/www.europesays.com\/de\/wp-json\/wp\/v2\/users\/2"}],"replies":[{"embeddable":true,"href":"https:\/\/www.europesays.com\/de\/wp-json\/wp\/v2\/comments?post=282063"}],"version-history":[{"count":0,"href":"https:\/\/www.europesays.com\/de\/wp-json\/wp\/v2\/posts\/282063\/revisions"}],"wp:featuredmedia":[{"embeddable":true,"href":"https:\/\/www.europesays.com\/de\/wp-json\/wp\/v2\/media\/282064"}],"wp:attachment":[{"href":"https:\/\/www.europesays.com\/de\/wp-json\/wp\/v2\/media?parent=282063"}],"wp:term":[{"taxonomy":"category","embeddable":true,"href":"https:\/\/www.europesays.com\/de\/wp-json\/wp\/v2\/categories?post=282063"},{"taxonomy":"post_tag","embeddable":true,"href":"https:\/\/www.europesays.com\/de\/wp-json\/wp\/v2\/tags?post=282063"}],"curies":[{"name":"wp","href":"https:\/\/api.w.org\/{rel}","templated":true}]}}