{"id":282136,"date":"2025-07-21T07:28:17","date_gmt":"2025-07-21T07:28:17","guid":{"rendered":"https:\/\/www.europesays.com\/de\/282136\/"},"modified":"2025-07-21T07:28:17","modified_gmt":"2025-07-21T07:28:17","slug":"berlin-brandenburg-neue-woche-beginnt-bei-der-s-bahn-mit-ausfaellen","status":"publish","type":"post","link":"https:\/\/www.europesays.com\/de\/282136\/","title":{"rendered":"Berlin &#038; Brandenburg: Neue Woche beginnt bei der S-Bahn mit Ausf\u00e4llen"},"content":{"rendered":"<p>                    Berlin &amp; Brandenburg<br \/>\n                Neue Woche beginnt bei der S-Bahn mit Ausf\u00e4llen<\/p>\n<p>\t\t\t\t              21.07.2025, 07:41 Uhr<\/p>\n<p><strong>Auch am Morgen brauchen Pendler in Berlin Geduld. Auf mehreren S-Bahnlinien gibt es Probleme.<\/strong><\/p>\n<p>Berlin (dpa\/bb) &#8211; Fahrg\u00e4ste der Berliner S-Bahn m\u00fcssen auch zu Beginn der neuen Woche mit Verz\u00f6gerungen rechnen. Wegen der Reparatur an einem Signal in Charlottenburg komme es auf den Linien S3, S5, S7, S75 und S9 zu Versp\u00e4tungen und Ausf\u00e4llen, teilte die S-Bahn mit.\u00a0<\/p>\n<p>Demnach f\u00e4hrt die S3 zwischen Erkner und Ostbahnhof im 10-Minuten-Takt. Die S5 verkehrt nur zwischen Strausberg beziehungsweise Hoppegarten und Ostbahnhof. Die S75 f\u00e4hrt nur zwischen Wartenberg und Warschauer Stra\u00dfe.<\/p>\n","protected":false},"excerpt":{"rendered":"Berlin &amp; Brandenburg Neue Woche beginnt bei der S-Bahn mit Ausf\u00e4llen 21.07.2025, 07:41 Uhr Auch am Morgen brauchen&hellip;\n","protected":false},"author":2,"featured_media":282137,"comment_status":"","ping_status":"","sticky":false,"template":"","format":"standard","meta":{"footnotes":"","_share_on_mastodon":"0"},"categories":[1825],"tags":[83547,296,1890,29,30,3266,1949,6152],"class_list":["post-282136","post","type-post","status-publish","format-standard","has-post-thumbnail","category-berlin","tag-ausfaellen","tag-berlin","tag-brandenburg","tag-deutschland","tag-germany","tag-neue","tag-s-bahn","tag-woche"],"share_on_mastodon":{"url":"https:\/\/pubeurope.com\/@de\/114890047813860346","error":""},"_links":{"self":[{"href":"https:\/\/www.europesays.com\/de\/wp-json\/wp\/v2\/posts\/282136","targetHints":{"allow":["GET"]}}],"collection":[{"href":"https:\/\/www.europesays.com\/de\/wp-json\/wp\/v2\/posts"}],"about":[{"href":"https:\/\/www.europesays.com\/de\/wp-json\/wp\/v2\/types\/post"}],"author":[{"embeddable":true,"href":"https:\/\/www.europesays.com\/de\/wp-json\/wp\/v2\/users\/2"}],"replies":[{"embeddable":true,"href":"https:\/\/www.europesays.com\/de\/wp-json\/wp\/v2\/comments?post=282136"}],"version-history":[{"count":0,"href":"https:\/\/www.europesays.com\/de\/wp-json\/wp\/v2\/posts\/282136\/revisions"}],"wp:featuredmedia":[{"embeddable":true,"href":"https:\/\/www.europesays.com\/de\/wp-json\/wp\/v2\/media\/282137"}],"wp:attachment":[{"href":"https:\/\/www.europesays.com\/de\/wp-json\/wp\/v2\/media?parent=282136"}],"wp:term":[{"taxonomy":"category","embeddable":true,"href":"https:\/\/www.europesays.com\/de\/wp-json\/wp\/v2\/categories?post=282136"},{"taxonomy":"post_tag","embeddable":true,"href":"https:\/\/www.europesays.com\/de\/wp-json\/wp\/v2\/tags?post=282136"}],"curies":[{"name":"wp","href":"https:\/\/api.w.org\/{rel}","templated":true}]}}