{"id":282204,"date":"2025-07-21T08:05:12","date_gmt":"2025-07-21T08:05:12","guid":{"rendered":"https:\/\/www.europesays.com\/de\/282204\/"},"modified":"2025-07-21T08:05:12","modified_gmt":"2025-07-21T08:05:12","slug":"russland-erleidet-im-ukraine-krieg-hohe-verluste-aktuelle-zahlen","status":"publish","type":"post","link":"https:\/\/www.europesays.com\/de\/282204\/","title":{"rendered":"Russland erleidet im Ukraine-Krieg hohe Verluste: Aktuelle Zahlen"},"content":{"rendered":"<ol class=\"id-DonaldBreadcrumb lp_west_breadcrumb id-DonaldBreadcrumb--default\" data-k5a-pos=\"west_breadcrumb\">\n<li class=\"id-Breadcrumb-item\"><a href=\"https:\/\/www.fr.de\/\" class=\"id-Breadcrumb-link\" data-id-ec=\"{\" shn=\"\" textlink=\"\" data-k5a-pos=\"1_startseite\" rel=\"nofollow noopener\" target=\"_blank\">Startseite<\/a><\/li>\n<li class=\"id-Breadcrumb-item\"><a href=\"https:\/\/www.fr.de\/politik\/\" class=\"id-Breadcrumb-link\" data-id-ec=\"{\" shn=\"\" textlink=\"\" data-k5a-pos=\"2_politik\" rel=\"nofollow noopener\" target=\"_blank\">Politik<\/a><\/li>\n<\/ol>\n<p class=\"id-Story-timestamp id-Story-timestamp--default\">Stand: 21.07.2025, 09:54 Uhr<\/p>\n<p class=\"id-Story-authors id-Story-authors--default\">Von: <a class=\"id-Story-authors-link lp_west_author\" href=\"https:\/\/www.fr.de\/autor\/christian-stoer-fid1pjz3i.html\" title=\"Zur Autorenseite von Christian St&#xF6;r\" data-id-ec=\"{\" shn=\"\" author-link=\"\" st=\"\" data-k5a-pos=\"west_author\" rel=\"nofollow noopener\" target=\"_blank\">Christian St\u00f6r<\/a><\/p>\n<p class=\"id-Story-interactionBar id-Story-interactionBar--default\">DruckenTeilen<\/p>\n<p class=\"id-StoryElement-leadText\">Die Verluste f\u00fcr Putins Armee im Ukraine-Krieg sind enorm hoch. Das zeigen Sch\u00e4tzungen. Auch Kiew ver\u00f6ffentlicht t\u00e4glich neue Daten.<\/p>\n<p class=\"id-StoryElement-paragraph\">Moskau \u2013\u00a0Die Verluste im <a href=\"https:\/\/www.fr.de\/politik\/ukraine-konflikt-sti1524391\/\" class=\"id-import-Link\" title=\"Ukraine-Krieg\" data-id-ec=\"{&quot;sht&quot;:&quot;Container&quot;,&quot;shn&quot;:&quot;Story&quot;,&quot;p&quot;:{&quot;containerType&quot;:&quot;Paragraph&quot;,&quot;displayType&quot;:&quot;Paragraph InlineLink&quot;,&quot;type&quot;:&quot;INLINE_LINK&quot;,&quot;value&quot;:&quot;Ukraine-Krieg&quot;,&quot;variant&quot;:&quot;standardLink&quot;,&quot;sponsored&quot;:false,&quot;linkHref&quot;:&quot;https:\/\/www.fr.de\/politik\/ukraine-konflikt-sti1524391\/&quot;,&quot;storyElementPosition&quot;:8,&quot;storyElementCount&quot;:31}}\" rel=\"nofollow noopener\" target=\"_blank\">Ukraine-Krieg<\/a> sind exorbitant hoch. Zahlreiche Soldaten mussten den von Kreml-Machthaber <a href=\"https:\/\/www.merkur.de\/politik\/wladimir-putin-per42970\/\" class=\"id-import-Link id-pageApi-Link--externalDomain\" title=\"Wladimir Putin\" data-id-ec=\"{&quot;sht&quot;:&quot;Container&quot;,&quot;shn&quot;:&quot;Story&quot;,&quot;p&quot;:{&quot;containerType&quot;:&quot;Paragraph&quot;,&quot;displayType&quot;:&quot;Paragraph InlineLink&quot;,&quot;type&quot;:&quot;INLINE_LINK&quot;,&quot;value&quot;:&quot;Wladimir Putin&quot;,&quot;variant&quot;:&quot;standardLink&quot;,&quot;sponsored&quot;:false,&quot;linkHref&quot;:&quot;https:\/\/www.merkur.de\/politik\/wladimir-putin-per42970\/&quot;,&quot;storyElementPosition&quot;:8,&quot;storyElementCount&quot;:31}}\" rel=\"nofollow noopener\" target=\"_blank\">Wladimir Putin<\/a> angezettelten Krieg mit ihrem Leben bezahlen. Das trifft beide Seiten gleicherma\u00dfen. Genaue Daten zu den Verlusten sind unbekannt. Sie gelten als Staatsgeheimnis. Mit Verlusten sind stets get\u00f6tete oder schwer verwundete Soldaten gemeint.<\/p>\n<p class=\"id-StoryElement-paragraph\">Russland\u00a0selbst macht keine Angaben zu Toten und Verletzten. Nur im September 2022 nannte das\u00a0russische\u00a0Verteidigungsministerium einmal eine Zahl: Demnach sollen bis dahin 5937 russische Soldaten im Ukraine-Krieg get\u00f6tet worden sein.\u00a0<\/p>\n<p>Ukraine-Krieg: Die Urspr\u00fcnge des Konflikts mit Russland<img decoding=\"async\" class=\"id-RatioPlaceholder-element wv_story_el_interstitialImage\" src=\"https:\/\/www.europesays.com\/de\/wp-content\/uploads\/2025\/04\/1744229529_453_30667613-proteste-auf-dem-maidan-platz-in-kiew-ukraine-2014-zoAaX5XKWfe.jpg\" loading=\"lazy\"   height=\"2843\" width=\"4096\" alt=\"Proteste auf dem Maidan-Platz in Kiew, Ukraine, 2014\"\/><a href=\"https:\/\/www.fr.de\/politik\/ukraine-krieg-chronologie-konflikt-russland-moskau-kiew-meilensteine-bilder-zr-92067006.html\" class=\"id-StoryElement-intestitialLink-link\" data-id-ec=\"{\" shn=\"\" ansehen=\"\" data-k5a-pos=\"west_story_10_photoGalleryLink\" title=\"Zur Fotostrecke: Ukraine-Krieg: Die Urspr&#xFC;nge des Konflikts mit Russland\" rel=\"nofollow noopener\" target=\"_blank\">Fotostrecke ansehen<\/a>Aktuelle Zahlen zu Russlands Verlusten im Ukraine-Krieg: Fast 120.000 tote Soldaten verifiziert<\/p>\n<p class=\"id-StoryElement-paragraph\">Zahlen zu den russischen Verlusten\u00a0werden vom russischsprachigen Dienst der britischen Rundfunkanstalt\u00a0BBC\u00a0und dem unabh\u00e4ngigen russischen Nachrichtenportal\u00a0Mediazona\u00a0ver\u00f6ffentlicht. Nach der letzten Aktualisierung vom 19. Juli konnten inzwischen fast 120.000 get\u00f6tete Soldaten namentlich verifiziert werden.<\/p>\n<p class=\"id-StoryElement-paragraph\">Diesen Daten liegen verifizierte, \u00f6ffentlich verf\u00fcgbare Quellen zu Grunde. Darunter fallen Social-Media-Posts von Familienmitgliedern, lokale Nachrichtenberichte und offizielle Ank\u00fcndigungen regionaler Beh\u00f6rden. Da nicht jeder Milit\u00e4rtod \u00f6ffentlich bekannt wird, d\u00fcrften die Verluste f\u00fcr die Armee von\u00a0Wladimir Putin\u00a0noch deutlich h\u00f6her sein.<\/p>\n<p>Angaben zu Russlands Verlusten im Ukraine-Krieg im \u00dcberblick<\/p>\n<ul class=\"id-StoryElement-list id-StoryElement-list--unordered\">\n<li class=\"id-StoryElement-list-item\"><strong>119.154<\/strong> Tote verifiziert (BBC News und <a href=\"https:\/\/en.zona.media\/article\/2025\/07\/04\/casualties_eng-trl\" rel=\"nofollow noopener\" target=\"_blank\" class=\"id-import-Link id-pageApi-Link--externalDomain\" data-id-ec=\"{&quot;sht&quot;:&quot;Container&quot;,&quot;shn&quot;:&quot;Story&quot;,&quot;p&quot;:{&quot;containerType&quot;:&quot;Unordered List&quot;,&quot;displayType&quot;:&quot;Unordered ListItem InlineLink&quot;,&quot;type&quot;:&quot;INLINE_LINK&quot;,&quot;value&quot;:&quot;Mediazona&quot;,&quot;variant&quot;:&quot;standardLink&quot;,&quot;sponsored&quot;:false,&quot;linkHref&quot;:&quot;https:\/\/en.zona.media\/article\/2025\/07\/04\/casualties_eng-trl&quot;,&quot;storyElementPosition&quot;:18,&quot;storyElementCount&quot;:31}}\">Mediazona<\/a>, 18. Juli)<\/li>\n<li class=\"id-StoryElement-list-item\"><strong>250.000<\/strong>\u00a0Tote, <strong>750.000<\/strong> Verwundete gesch\u00e4tzt (Britischer Geheimdienst, 12. Juni)<\/li>\n<li class=\"id-StoryElement-list-item\"><strong>195.500 bis 274.580<\/strong>\u00a0Tote gesch\u00e4tzt (BBC News, 12. Juni)<\/li>\n<li class=\"id-StoryElement-list-item\"><strong>250.000<\/strong>\u00a0Tote, mehr als <strong>950.000<\/strong>\u00a0Tote und Verwundete gesch\u00e4tzt (Center for Strategic and International Studies, 3. Juni)<\/li>\n<\/ul>\n<p><img decoding=\"async\" class=\"id-RatioPlaceholder-element wv_story_el_image\" src=\"https:\/\/www.europesays.com\/de\/wp-content\/uploads\/2025\/07\/38950097-ukraine-krieg-NPBG.jpg\" loading=\"lazy\"   height=\"734\" width=\"1100\" alt=\"Ukraine-Krieg\"\/>Russland erleidet im Ukraine-Krieg hohe Verluste. (Symbolbild) \u00a9\u00a0AFPWie Kiew Russlands Verluste von Milit\u00e4rausr\u00fcstung im Ukraine-Krieg beziffert<\/p>\n<p class=\"id-StoryElement-paragraph\">Die Ukraine wiederum behauptet, Russland habe bereits mehr als eine Million Soldaten in den K\u00e4mpfen verloren. Das sei der Preis, den Putin und die ihm Gleichen f\u00fcr ihre kranken geopolitischen Fantastereien zu bezahlen bereit seien, sagte <a href=\"https:\/\/www.fr.de\/politik\/wolodymyr-selenskyj-ukraine-praesident-konflikt-krieg-tv-star-tanzshow-schauspieler-91382339.html\" class=\"id-import-Link\" data-id-ec=\"{&quot;sht&quot;:&quot;Container&quot;,&quot;shn&quot;:&quot;Story&quot;,&quot;p&quot;:{&quot;containerType&quot;:&quot;Paragraph&quot;,&quot;displayType&quot;:&quot;Paragraph InlineLink&quot;,&quot;type&quot;:&quot;INLINE_LINK&quot;,&quot;value&quot;:&quot;Wolodymyr Selenskyj&quot;,&quot;variant&quot;:&quot;standardLink&quot;,&quot;sponsored&quot;:false,&quot;linkHref&quot;:&quot;https:\/\/www.fr.de\/politik\/wolodymyr-selenskyj-ukraine-praesident-konflikt-krieg-tv-star-tanzshow-schauspieler-91382339.html&quot;,&quot;storyElementPosition&quot;:22,&quot;storyElementCount&quot;:31}}\" rel=\"nofollow noopener\" target=\"_blank\">Wolodymyr Selenskyj<\/a> Mitte Juni. \u201eRussland\u00a0macht sich nichts aus solchen menschlichen Verlusten\u201c, f\u00fcgte der ukrainische Pr\u00e4sident hinzu.<\/p>\n<p class=\"id-StoryElement-paragraph\">Inzwischen sind\u00a0Russlands Verluste im Ukraine-Krieg\u00a0noch weiter gestiegen. Allein in den vergangenen 24 Stunden sollen dem ukrainischen Generalstab zufolge etwa 1170 russische Soldaten bei Kampfhandlungen get\u00f6tet oder schwer verletzt worden sein. Die Gesamtzahl der Opfer stieg demnach auf knapp 1.043.160 gefallene oder verwundete Soldaten. All diese Daten lassen sich unabh\u00e4ngig nicht \u00fcberpr\u00fcfen.<\/p>\n<tr class=\"id-StoryElement-table-row\">\n<td class=\"id-StoryElement-table-cell\">21. Juli (Mo)<\/td>\n<td class=\"id-StoryElement-table-cell\">1170<\/td>\n<td class=\"id-StoryElement-table-cell\">1.043.160<\/td>\n<\/tr>\n<tr class=\"id-StoryElement-table-row\">\n<td class=\"id-StoryElement-table-cell\">20. Juli (So)<\/td>\n<td class=\"id-StoryElement-table-cell\">1040<\/td>\n<td class=\"id-StoryElement-table-cell\">1.041.990<\/td>\n<\/tr>\n<tr class=\"id-StoryElement-table-row\">\n<td class=\"id-StoryElement-table-cell\">19. Juli (Sa)<\/td>\n<td class=\"id-StoryElement-table-cell\">1120<\/td>\n<td class=\"id-StoryElement-table-cell\">1.040950<\/td>\n<\/tr>\n<p class=\"id-StoryElement-paragraph\">Neben den Verlusten unter den Soldaten werden auch zerst\u00f6rte Panzer, Drohnen und andere Waffensysteme dokumentiert. Die Zahlen in der folgenden Liste werden ebenfalls von der ukrainischen Milit\u00e4rf\u00fchrung mitgeteilt (Stand: 21. Juli). Diese Zahlen k\u00f6nnen ebenfalls nicht \u00fcberpr\u00fcft werden.<\/p>\n<ul class=\"id-StoryElement-list id-StoryElement-list--unordered\">\n<li class=\"id-StoryElement-list-item\"><strong>Panzer: <\/strong>11.037 (+2 zum Vortag)<\/li>\n<li class=\"id-StoryElement-list-item\"><strong>Gepanzerte Fahrzeuge:<\/strong> 23.028 (+7)<\/li>\n<li class=\"id-StoryElement-list-item\"><strong>Artilleriesysteme:<\/strong> 30.637 (+54)<\/li>\n<li class=\"id-StoryElement-list-item\"><strong>Mehrfach-Raketenwerfer:<\/strong> 1444 (+1)<\/li>\n<li class=\"id-StoryElement-list-item\"><strong>Luftabwehrsysteme: <\/strong>1199 (+1)<\/li>\n<li class=\"id-StoryElement-list-item\"><strong>Flugzeuge:<\/strong> 421<\/li>\n<li class=\"id-StoryElement-list-item\"><strong>Hubschrauber:<\/strong> 340<\/li>\n<li class=\"id-StoryElement-list-item\"><strong>Drohnen:<\/strong> 47.181 (+199)<\/li>\n<li class=\"id-StoryElement-list-item\"><strong>Marschflugk\u00f6rper:<\/strong> 3515<\/li>\n<li class=\"id-StoryElement-list-item\"><strong>Kriegsschiffe und Boote:<\/strong> 28<\/li>\n<li class=\"id-StoryElement-list-item\"><strong>U-Boote:<\/strong> 1<\/li>\n<li class=\"id-StoryElement-list-item\"><strong>Fahrzeuge und Tanklaster: <\/strong>55.859 (+132)<\/li>\n<li class=\"id-StoryElement-list-item\"><strong>Spezialausr\u00fcstung:<\/strong> 3934 (+2)<\/li>\n<\/ul>\n<p>Krieg in der Ukraine<\/p>\n<p class=\"id-StoryElement-factBox-paragraph\">\u00dcber alle Entwicklungen aus dem Ukraine-Krieg und die Lage an der Front informieren wir in unserem <a href=\"https:\/\/www.fr.de\/politik\/ukraine-news-putins-luftwaffe-zielt-auf-zivile-ziele-in-kiew-live-ticker-zr-93843843.html\" class=\"id-import-Link\" data-id-ec=\"{&quot;sht&quot;:&quot;Container&quot;,&quot;shn&quot;:&quot;Story&quot;,&quot;p&quot;:{&quot;containerType&quot;:&quot;FactBox&quot;,&quot;displayType&quot;:&quot;FactBox InlineLink&quot;,&quot;type&quot;:&quot;INLINE_LINK&quot;,&quot;value&quot;:&quot;aktuellen News-Ticker zum Ukraine-Krieg&quot;,&quot;variant&quot;:&quot;standardLink&quot;,&quot;sponsored&quot;:false,&quot;linkHref&quot;:&quot;https:\/\/www.fr.de\/politik\/ukraine-news-putins-luftwaffe-zielt-auf-zivile-ziele-in-kiew-live-ticker-zr-93843843.html&quot;,&quot;storyElementPosition&quot;:29,&quot;storyElementCount&quot;:31}}\" rel=\"nofollow noopener\" target=\"_blank\">aktuellen News-Ticker zum Ukraine-Krieg<\/a>.<\/p>\n<p>Nato spricht ebenfalls von hohen Verlusten von Russland im Ukraine-Krieg<\/p>\n<p class=\"id-StoryElement-paragraph\">Die <a href=\"https:\/\/www.fr.de\/politik\/nato-geschichte-bruessel-russland-ukraine-krim-annexion-usa-deutschland-91358399.html\" class=\"id-import-Link\" data-id-ec=\"{&quot;sht&quot;:&quot;Container&quot;,&quot;shn&quot;:&quot;Story&quot;,&quot;p&quot;:{&quot;containerType&quot;:&quot;Paragraph&quot;,&quot;displayType&quot;:&quot;Paragraph InlineLink&quot;,&quot;type&quot;:&quot;INLINE_LINK&quot;,&quot;value&quot;:&quot;Nato&quot;,&quot;variant&quot;:&quot;standardLink&quot;,&quot;sponsored&quot;:false,&quot;linkHref&quot;:&quot;https:\/\/www.fr.de\/politik\/nato-geschichte-bruessel-russland-ukraine-krim-annexion-usa-deutschland-91358399.html&quot;,&quot;storyElementPosition&quot;:31,&quot;storyElementCount&quot;:31}}\" rel=\"nofollow noopener\" target=\"_blank\">Nato<\/a> hatte schon im April <a href=\"https:\/\/www.fr.de\/politik\/zahlen-zu-russlands-verlusten-toedliche-fleischwolf-taktik-im-ukraine-krieg-zr-93679529.html\" class=\"id-import-Link\" data-id-ec=\"{&quot;sht&quot;:&quot;Container&quot;,&quot;shn&quot;:&quot;Story&quot;,&quot;p&quot;:{&quot;containerType&quot;:&quot;Paragraph&quot;,&quot;displayType&quot;:&quot;Paragraph InlineLink&quot;,&quot;type&quot;:&quot;INLINE_LINK&quot;,&quot;value&quot;:&quot;die russischen&#xA0;Verluste&#xA0;im Ukraine-Krieg mit etwa 900.000&quot;,&quot;variant&quot;:&quot;standardLink&quot;,&quot;sponsored&quot;:false,&quot;linkHref&quot;:&quot;https:\/\/www.fr.de\/politik\/zahlen-zu-russlands-verlusten-toedliche-fleischwolf-taktik-im-ukraine-krieg-zr-93679529.html&quot;,&quot;storyElementPosition&quot;:31,&quot;storyElementCount&quot;:31}}\" rel=\"nofollow noopener\" target=\"_blank\">die russischen\u00a0Verluste\u00a0im Ukraine-Krieg mit etwa 900.000<\/a> beziffert. Ein ranghoher Nato-Beamter sprach in Br\u00fcssel am Rande eines Au\u00dfenministertreffens von bis zu 250.000 Toten.\u00a0Auch der britische Geheimdienst und unabh\u00e4ngige Medien haben immer wieder Zahlen zu den Verlusten im Ukraine-Krieg ver\u00f6ffentlicht. (cs)<\/p>\n","protected":false},"excerpt":{"rendered":"Startseite Politik Stand: 21.07.2025, 09:54 Uhr Von: Christian St\u00f6r DruckenTeilen Die Verluste f\u00fcr Putins Armee im Ukraine-Krieg sind&hellip;\n","protected":false},"author":2,"featured_media":282205,"comment_status":"","ping_status":"","sticky":false,"template":"","format":"standard","meta":{"footnotes":""},"categories":[4013],"tags":[331,332,13,14,15,4043,4044,850,307,12],"class_list":{"0":"post-282204","1":"post","2":"type-post","3":"status-publish","4":"format-standard","5":"has-post-thumbnail","7":"category-russland","8":"tag-aktuelle-nachrichten","9":"tag-aktuelle-news","10":"tag-headlines","11":"tag-nachrichten","12":"tag-news","13":"tag-russia","14":"tag-russian-federation","15":"tag-russische-foederation","16":"tag-russland","17":"tag-schlagzeilen"},"share_on_mastodon":{"url":"https:\/\/pubeurope.com\/@de\/114890193711737102","error":""},"_links":{"self":[{"href":"https:\/\/www.europesays.com\/de\/wp-json\/wp\/v2\/posts\/282204","targetHints":{"allow":["GET"]}}],"collection":[{"href":"https:\/\/www.europesays.com\/de\/wp-json\/wp\/v2\/posts"}],"about":[{"href":"https:\/\/www.europesays.com\/de\/wp-json\/wp\/v2\/types\/post"}],"author":[{"embeddable":true,"href":"https:\/\/www.europesays.com\/de\/wp-json\/wp\/v2\/users\/2"}],"replies":[{"embeddable":true,"href":"https:\/\/www.europesays.com\/de\/wp-json\/wp\/v2\/comments?post=282204"}],"version-history":[{"count":0,"href":"https:\/\/www.europesays.com\/de\/wp-json\/wp\/v2\/posts\/282204\/revisions"}],"wp:featuredmedia":[{"embeddable":true,"href":"https:\/\/www.europesays.com\/de\/wp-json\/wp\/v2\/media\/282205"}],"wp:attachment":[{"href":"https:\/\/www.europesays.com\/de\/wp-json\/wp\/v2\/media?parent=282204"}],"wp:term":[{"taxonomy":"category","embeddable":true,"href":"https:\/\/www.europesays.com\/de\/wp-json\/wp\/v2\/categories?post=282204"},{"taxonomy":"post_tag","embeddable":true,"href":"https:\/\/www.europesays.com\/de\/wp-json\/wp\/v2\/tags?post=282204"}],"curies":[{"name":"wp","href":"https:\/\/api.w.org\/{rel}","templated":true}]}}