{"id":282206,"date":"2025-07-21T08:06:14","date_gmt":"2025-07-21T08:06:14","guid":{"rendered":"https:\/\/www.europesays.com\/de\/282206\/"},"modified":"2025-07-21T08:06:14","modified_gmt":"2025-07-21T08:06:14","slug":"ukraine-krieg-kontaktgruppe-beraet-ueber-neue-militaerhilfen","status":"publish","type":"post","link":"https:\/\/www.europesays.com\/de\/282206\/","title":{"rendered":"Ukraine-Krieg &#8211; Kontaktgruppe ber\u00e4t \u00fcber neue Milit\u00e4rhilfen"},"content":{"rendered":"<p>                    <img decoding=\"async\" loading=\"lazy\" class=\"internal-image\" title=\"Amerikanische Flugabwehrsysteme der Typen Patriot und Nasams stehen auf einem Flugfeld.\" alt=\"Amerikanische Flugabwehrsysteme der Typen Patriot und Nasams stehen auf einem Flugfeld.\" src=\"https:\/\/www.europesays.com\/de\/wp-content\/uploads\/2025\/07\/flugabwehr-patriot-nasams-100-1920x1080.jpg\" \/><\/p>\n<p>                  Die Ukraine hofft auf die zeitnahe Lieferung weiterer amerikanischer Patriot-Flugabwehrsysteme- (picture alliance \/ Westend61 \/ Mischa Keijser)<\/p>\n<p>Bei der Video-Konferenz der sogenannten Ukraine-Kontaktgruppe unter anderem mit Bundesverteidigungsminister Pistorius soll es unter anderem darum gehen, wie neue Patriot-Luftabwehrsysteme aus den USA finanziert werden k\u00f6nnen. Washington hat der Lieferung zwar grunds\u00e4tzlich zugestimmt, bezahlt werden m\u00fcssen die Systeme aber von europ\u00e4ischen Staaten.<\/p>\n<p>In der Nacht wurde die Ukraine erneut von Russland aus der Luft angegriffen. In Kiew gab es nach Beh\u00f6rdenangaben mindestens einen Toten. Aus Russland wurde wiederum ein ukrainischer Luftangriff unter anderem auf den Gro\u00dfraum Moskau gemeldet. Es seien fast 120 Drohnen abgeschossen worden, erkl\u00e4rte das Verteidigungsministerium in der Hauptstadt. \u00dcber m\u00f6gliche Opfer oder Sch\u00e4den wurde nichts mitgeteilt.<\/p>\n<p>Diese Nachricht wurde am 21.07.2025 im Programm Deutschlandfunk gesendet.<\/p>\n","protected":false},"excerpt":{"rendered":"Die Ukraine hofft auf die zeitnahe Lieferung weiterer amerikanischer Patriot-Flugabwehrsysteme- (picture alliance \/ Westend61 \/ Mischa Keijser) Bei&hellip;\n","protected":false},"author":2,"featured_media":237542,"comment_status":"","ping_status":"","sticky":false,"template":"","format":"standard","meta":{"footnotes":""},"categories":[4012],"tags":[331,332,13,14,15,12,317],"class_list":{"0":"post-282206","1":"post","2":"type-post","3":"status-publish","4":"format-standard","5":"has-post-thumbnail","7":"category-ukraine","8":"tag-aktuelle-nachrichten","9":"tag-aktuelle-news","10":"tag-headlines","11":"tag-nachrichten","12":"tag-news","13":"tag-schlagzeilen","14":"tag-ukraine"},"share_on_mastodon":{"url":"https:\/\/pubeurope.com\/@de\/114890197400670706","error":""},"_links":{"self":[{"href":"https:\/\/www.europesays.com\/de\/wp-json\/wp\/v2\/posts\/282206","targetHints":{"allow":["GET"]}}],"collection":[{"href":"https:\/\/www.europesays.com\/de\/wp-json\/wp\/v2\/posts"}],"about":[{"href":"https:\/\/www.europesays.com\/de\/wp-json\/wp\/v2\/types\/post"}],"author":[{"embeddable":true,"href":"https:\/\/www.europesays.com\/de\/wp-json\/wp\/v2\/users\/2"}],"replies":[{"embeddable":true,"href":"https:\/\/www.europesays.com\/de\/wp-json\/wp\/v2\/comments?post=282206"}],"version-history":[{"count":0,"href":"https:\/\/www.europesays.com\/de\/wp-json\/wp\/v2\/posts\/282206\/revisions"}],"wp:featuredmedia":[{"embeddable":true,"href":"https:\/\/www.europesays.com\/de\/wp-json\/wp\/v2\/media\/237542"}],"wp:attachment":[{"href":"https:\/\/www.europesays.com\/de\/wp-json\/wp\/v2\/media?parent=282206"}],"wp:term":[{"taxonomy":"category","embeddable":true,"href":"https:\/\/www.europesays.com\/de\/wp-json\/wp\/v2\/categories?post=282206"},{"taxonomy":"post_tag","embeddable":true,"href":"https:\/\/www.europesays.com\/de\/wp-json\/wp\/v2\/tags?post=282206"}],"curies":[{"name":"wp","href":"https:\/\/api.w.org\/{rel}","templated":true}]}}