{"id":282221,"date":"2025-07-21T08:15:10","date_gmt":"2025-07-21T08:15:10","guid":{"rendered":"https:\/\/www.europesays.com\/de\/282221\/"},"modified":"2025-07-21T08:15:10","modified_gmt":"2025-07-21T08:15:10","slug":"bpol-nrw-hauptbahnhoefe-dortmund-und-gelsenkirchen-bundespolizei-informiert-ueber","status":"publish","type":"post","link":"https:\/\/www.europesays.com\/de\/282221\/","title":{"rendered":"BPOL NRW: Hauptbahnh\u00f6fe Dortmund und Gelsenkirchen: Bundespolizei informiert \u00fcber &#8230;"},"content":{"rendered":"<p class=\"date\">21.07.2025 \u2013 09:42<\/p>\n<p class=\"customer\">\n                        <a class=\"story-customer\" title=\"weiter zum newsroom von Bundespolizeidirektion Sankt Augustin\" href=\"https:\/\/www.presseportal.de\/blaulicht\/nr\/70116\" rel=\"nofollow noopener\" target=\"_blank\">Bundespolizeidirektion Sankt Augustin<\/a>\n                    <\/p>\n<p class=\"story-download-headline\">Ein Dokument<\/p>\n<ul class=\"story-download-list\">\n<li class=\"story-download-list-item\"><a href=\"https:\/\/www.presseportal.de\/download\/document\/687def65270000fd2c03216d-250626-bpold-sta-agv-waffenverbot-dortmund-hbf-gelsenkirchen-hbf.pdf\" rel=\"nofollow noopener\" target=\"_blank\">250626_BPOLD_STA_AGV_Waffenverbot_Dortmund_HBF_Gelsenkirchen_HBF.pdf<br \/>PDF &#8211; 234 kB<\/a><\/li>\n<\/ul>\n<p><a data-category=\"citylink-story-view\" data-action=\"click\" data-label=\"Citylink in Meldungsansicht\" class=\"story-city event-trigger\" href=\"https:\/\/www.presseportal.de\/regional\/Dortmund%2C%20Gelsenkirchen\" title=\"News aus Dortmund, Gelsenkirchen \" rel=\"nofollow noopener\" target=\"_blank\">Dortmund, Gelsenkirchen<\/a> (ots)<\/p>\n<p>Die Bundespolizei wird vom 23. bis 27. Juli 2025 an den Hauptbahnh\u00f6fen Dortmund und Gelsenkirchen ein Mitf\u00fchrverbot f\u00fcr gef\u00e4hrliche Gegenst\u00e4nde erlassen.  Zuwiderhandlungen k\u00f6nnen mit einem Platzverweis, einem Bahnhofsverbot bzw. Bef\u00f6rderungsausschluss oder einem Zwangsgeld geahndet werden.<\/p>\n<p>In den letzten Monaten verzeichnete die Bundespolizei keinen nennenswerten R\u00fcckgang der Gewaltdelikte im Zusammenhang mit gef\u00e4hrlichen Gegenst\u00e4nden an den Hauptbahnh\u00f6fen Dortmund und Gelsenkirchen.<\/p>\n<p>Die Einsatzkr\u00e4fte stellten Messer in verschiedenen Gr\u00f6\u00dfen und Ausf\u00fchrungen (Einhandmesser, K\u00fcchenmesser usw.), Schreckschusswaffen sowie andere gef\u00e4hrliche Gegenst\u00e4nde wie Schlagringe und Teleskopschlagst\u00f6cke sicher.<\/p>\n<p>Gerade verbotene Gegenst\u00e4nde und Messer f\u00fchren immer wieder zu schweren und mitunter t\u00f6dlichen Verletzungen. Exemplarische Pressemitteilungen unterstreichen die Wichtigkeit der angek\u00fcndigten Verbotszone.<\/p>\n<p>.    BPOL NRW: Bundespolizei findet Teleskopschlagstock<br \/>\n<a target=\"_blank\" class=\"uri-ext outbound\" rel=\"noopener nofollow\" href=\"https:\/\/www.presseportal.de\/blaulicht\/pm\/70116\/6064548\">https:\/\/www.presseportal.de\/blaulicht\/pm\/70116\/6064548<\/a><br \/>\n.    BPOL NRW: Bundespolizei findet Schreckschusswaffe<br \/>\n<a target=\"_blank\" class=\"uri-ext outbound\" rel=\"noopener nofollow\" href=\"https:\/\/www.presseportal.de\/blaulicht\/pm\/70116\/6059069\">https:\/\/www.presseportal.de\/blaulicht\/pm\/70116\/6059069<\/a><br \/>\n.    BPOL NRW: Schlagstock und Messer aufgefunden &#8211; Bundespolizei verhaftet Gesuchten<br \/>\n<a target=\"_blank\" class=\"uri-ext outbound\" rel=\"noopener nofollow\" href=\"https:\/\/www.presseportal.de\/blaulicht\/pm\/70116\/6055689\">https:\/\/www.presseportal.de\/blaulicht\/pm\/70116\/6055689<\/a><br \/>\n.    BPOL NRW: Bundespolizei findet Schlagring bei einem Minderj\u00e4hrigen<br \/>\n<a target=\"_blank\" class=\"uri-ext outbound\" rel=\"noopener nofollow\" href=\"https:\/\/www.presseportal.de\/blaulicht\/pm\/70116\/6053631\">https:\/\/www.presseportal.de\/blaulicht\/pm\/70116\/6053631<\/a><br \/>\n.    BPOL NRW: Bundespolizei findet Messer bei einem 13-J\u00e4hrigen<br \/>\n<a target=\"_blank\" class=\"uri-ext outbound\" rel=\"noopener nofollow\" href=\"https:\/\/www.presseportal.de\/blaulicht\/pm\/70116\/6051348\">https:\/\/www.presseportal.de\/blaulicht\/pm\/70116\/6051348<\/a><\/p>\n<p>Die Hauptbahnh\u00f6fe Dortmund und Gelsenkirchen z\u00e4hlen zu den wichtigsten Verkehrsknotenpunkten im Ruhrgebiet und werden t\u00e4glich von zahlreichen Reisenden genutzt. Gerade unter dem Einfluss von Alkohol und Bet\u00e4ubungsmitteln kommt es dort immer wieder zu Konflikten, die teilweise mit gef\u00e4hrlichen Gegenst\u00e4nden, Messern und Waffen ausgetragen werden.<\/p>\n<p>Aufgrund der Vielzahl von Sachverhalten im Zusammenhang mit gef\u00e4hrlichen Gegenst\u00e4nden und Waffen wird die Bundespolizei im Zeitraum des angek\u00fcndigten Mitf\u00fchrverbots konsequent reagieren und die Nutzer\/-innen der genannten Bahnh\u00f6fe verst\u00e4rkt kontrollieren.<\/p>\n<p>Die Bundespolizeidirektion Sankt Augustin hat ein Mitf\u00fchrverbot f\u00fcr Reizstoff- und Abwehrsprays, Schuss-, Hieb-, Sto\u00df- und Stichwaffen sowie Messer aller Art erlassen.<\/p>\n<p>Die Allgemeinverf\u00fcgung gilt vom 23. Juli, 00:00 Uhr, bis zum 27. Juli 2025, 24:00 Uhr.<\/p>\n<p>Der Geltungsbereich umfasst die Geb\u00e4udekomplexe der Hauptbahnh\u00f6fe Dortmund und Gelsenkirchen inklusive der Gleisanlagen. Ausgenommen sind die Bereiche der U-Bahn\/Stadtbahn.<\/p>\n<p>Die Allgemeinverf\u00fcgung gilt f\u00fcr alle Personen, die sich im<br \/>\nGeltungsbereich der Allgemeinverf\u00fcgung aufhalten bzw. diesen betreten.<\/p>\n<p>Bei Verst\u00f6\u00dfen gegen das Verbot k\u00f6nnen ein Platzverweis, ein Bahnhofs- oder Bef\u00f6rderungsverbot sowie ein Zwangsgeld in H\u00f6he von 200 Euro verh\u00e4ngt werden.<\/p>\n<p>Weitere Bestimmungen und Ausnahmen vom Verbot k\u00f6nnen der als PDF-Dokument angef\u00fcgten Allgemeinverf\u00fcgung entnommen werden. Diese kann zudem auf der Homepage der Bundespolizei (<a target=\"_blank\" class=\"uri-ext outbound\" rel=\"noopener nofollow\" href=\"https:\/\/www.bundespolizei.de\">www.bundespolizei.de<\/a>) eingesehen werden. In den betroffenen Bahnh\u00f6fen werden au\u00dferdem Plakate ausgeh\u00e4ngt, um auf die bevorstehende Verbotszone hinzuweisen.<\/p>\n<p>Zudem werden die Einsatzma\u00dfnahmen der  Bundespolizei  \u00fcber<br \/>\nX begleitet. Folgen Sie uns auf bpol_nrw.<\/p>\n<p class=\"contact-headline\">R\u00fcckfragen bitte an:<\/p>\n<p class=\"contact-text\">Bundespolizeidirektion Sankt Augustin<br \/>Bundespolizeiinspektion Dortmund<br \/>Pressestelle<br \/>Bj\u00f6rn Dahle<br \/>Telefon: 49 (0) 231\/ 56 22 47 &#8211; 1012<br \/>Mobil: +49 (0) 173\/ 71 50 710<br \/>E-Mail: <a href=\"https:\/\/www.presseportal.de\/blaulicht\/pm\/70116\/mailto: presse.do@polizei.bund.de\" class=\"uri-mailto\" rel=\"nofollow noopener\" target=\"_blank\"> presse.do@polizei.bund.de<\/a><br \/>X (Twitter): @BPOL NRW<\/p>\n<p>Untere Brinkstra\u00dfe 81-89<br \/>44141 Dortmund<\/p>\n<p><a target=\"_blank\" class=\"uri-ext outbound\" rel=\"noopener nofollow\" href=\"https:\/\/www.bundespolizei.de\">www.bundespolizei.de<\/a><\/p>\n<p>Weitere Informationen erhalten Sie unter <a target=\"_blank\" class=\"uri-ext outbound\" rel=\"noopener nofollow\" href=\"https:\/\/www.bundespolizei.de\">www.bundespolizei.de<\/a> oder <br \/>unter oben genannter Kontaktadresse.<\/p>\n<p class=\"originator\">Original-Content von: Bundespolizeidirektion Sankt Augustin, \u00fcbermittelt durch news aktuell<\/p>\n","protected":false},"excerpt":{"rendered":"21.07.2025 \u2013 09:42 Bundespolizeidirektion Sankt Augustin Ein Dokument 250626_BPOLD_STA_AGV_Waffenverbot_Dortmund_HBF_Gelsenkirchen_HBF.pdfPDF &#8211; 234 kB Dortmund, Gelsenkirchen (ots) Die Bundespolizei wird&hellip;\n","protected":false},"author":2,"featured_media":108,"comment_status":"","ping_status":"","sticky":false,"template":"","format":"standard","meta":{"footnotes":""},"categories":[1842],"tags":[1741,3364,29,30,177,1209,176,121,178,180,179,181],"class_list":{"0":"post-282221","1":"post","2":"type-post","3":"status-publish","4":"format-standard","5":"has-post-thumbnail","7":"category-bonn","8":"tag-bonn","9":"tag-de","10":"tag-deutschland","11":"tag-germany","12":"tag-kriminalitt","13":"tag-nordrhein-westfalen","14":"tag-nrw","15":"tag-polizei","16":"tag-presse","17":"tag-pressemeldung","18":"tag-pressemitteilung","19":"tag-pressemitteilungen"},"share_on_mastodon":{"url":"https:\/\/pubeurope.com\/@de\/114890232495150481","error":""},"_links":{"self":[{"href":"https:\/\/www.europesays.com\/de\/wp-json\/wp\/v2\/posts\/282221","targetHints":{"allow":["GET"]}}],"collection":[{"href":"https:\/\/www.europesays.com\/de\/wp-json\/wp\/v2\/posts"}],"about":[{"href":"https:\/\/www.europesays.com\/de\/wp-json\/wp\/v2\/types\/post"}],"author":[{"embeddable":true,"href":"https:\/\/www.europesays.com\/de\/wp-json\/wp\/v2\/users\/2"}],"replies":[{"embeddable":true,"href":"https:\/\/www.europesays.com\/de\/wp-json\/wp\/v2\/comments?post=282221"}],"version-history":[{"count":0,"href":"https:\/\/www.europesays.com\/de\/wp-json\/wp\/v2\/posts\/282221\/revisions"}],"wp:featuredmedia":[{"embeddable":true,"href":"https:\/\/www.europesays.com\/de\/wp-json\/wp\/v2\/media\/108"}],"wp:attachment":[{"href":"https:\/\/www.europesays.com\/de\/wp-json\/wp\/v2\/media?parent=282221"}],"wp:term":[{"taxonomy":"category","embeddable":true,"href":"https:\/\/www.europesays.com\/de\/wp-json\/wp\/v2\/categories?post=282221"},{"taxonomy":"post_tag","embeddable":true,"href":"https:\/\/www.europesays.com\/de\/wp-json\/wp\/v2\/tags?post=282221"}],"curies":[{"name":"wp","href":"https:\/\/api.w.org\/{rel}","templated":true}]}}