{"id":282611,"date":"2025-07-21T12:04:22","date_gmt":"2025-07-21T12:04:22","guid":{"rendered":"https:\/\/www.europesays.com\/de\/282611\/"},"modified":"2025-07-21T12:04:22","modified_gmt":"2025-07-21T12:04:22","slug":"heidschnucken-in-braunschweig-auf-grausame-weise-getoetet","status":"publish","type":"post","link":"https:\/\/www.europesays.com\/de\/282611\/","title":{"rendered":"Heidschnucken in Braunschweig auf grausame Weise get\u00f6tet"},"content":{"rendered":"<p class=\"datum\">21.07.2025, 09:37 Uhr<\/p>\n<p><strong>Braunschweig. Auf einer Weide im Braunschweiger Ortsteil Watenb\u00fcttel haben Unbekannte offenbar mehrere Heidschnucken get\u00f6tet und deren Innereien zur\u00fcckgelassen. <br \/><\/strong><br \/>\n<\/p>\n<p>Die Polizei best\u00e4tigte auf Nachfrage von regionalHeute.de, dass die Tat bereits am Nachmittag des 13. Juli entdeckt wurde. Demnach wurden auf der Weide die Innereien von vier bis f\u00fcnf Heidschnucken gefunden. Die toten Tiere aber wurden nicht gefunden. \u201eWir gehen hier von einer Tat von Menschen aus\u201c, teilte <a class=\"redlink\" href=\"https:\/\/regionalheute.de\/blaulicht\/\" rel=\"nofollow noopener\" target=\"_blank\">die Polizei<\/a> mit. Ein Strafverfahren wurde eingeleitet und wird derzeit vom zust\u00e4ndigen Fachkommissariat bearbeitet.<\/p>\n<p>Keine Hinweise auf T\u00e4ter <\/p>\n<p>Konkrete Hinweise auf die T\u00e4ter oder den Ablauf der Tat gebe es bislang nicht. Auch der im Raum stehende Verdacht einer Sch\u00e4chtung k\u00f6nne laut Polizei nicht best\u00e4tigt werden. \u201eLediglich, dass die Tiere ausgenommen wurden, l\u00e4sst sich mit Gewissheit sagen\u201c, hei\u00dft es von den Ermittlern.<\/p>\n","protected":false},"excerpt":{"rendered":"21.07.2025, 09:37 Uhr Braunschweig. Auf einer Weide im Braunschweiger Ortsteil Watenb\u00fcttel haben Unbekannte offenbar mehrere Heidschnucken get\u00f6tet und&hellip;\n","protected":false},"author":2,"featured_media":282612,"comment_status":"","ping_status":"","sticky":false,"template":"","format":"standard","meta":{"footnotes":""},"categories":[1850],"tags":[6429,3364,29,548,663,3934,30,13,14,15,1411,12],"class_list":{"0":"post-282611","1":"post","2":"type-post","3":"status-publish","4":"format-standard","5":"has-post-thumbnail","7":"category-braunschweig","8":"tag-braunschweig","9":"tag-de","10":"tag-deutschland","11":"tag-eu","12":"tag-europa","13":"tag-europe","14":"tag-germany","15":"tag-headlines","16":"tag-nachrichten","17":"tag-news","18":"tag-niedersachsen","19":"tag-schlagzeilen"},"share_on_mastodon":{"url":"https:\/\/pubeurope.com\/@de\/114891133089250859","error":""},"_links":{"self":[{"href":"https:\/\/www.europesays.com\/de\/wp-json\/wp\/v2\/posts\/282611","targetHints":{"allow":["GET"]}}],"collection":[{"href":"https:\/\/www.europesays.com\/de\/wp-json\/wp\/v2\/posts"}],"about":[{"href":"https:\/\/www.europesays.com\/de\/wp-json\/wp\/v2\/types\/post"}],"author":[{"embeddable":true,"href":"https:\/\/www.europesays.com\/de\/wp-json\/wp\/v2\/users\/2"}],"replies":[{"embeddable":true,"href":"https:\/\/www.europesays.com\/de\/wp-json\/wp\/v2\/comments?post=282611"}],"version-history":[{"count":0,"href":"https:\/\/www.europesays.com\/de\/wp-json\/wp\/v2\/posts\/282611\/revisions"}],"wp:featuredmedia":[{"embeddable":true,"href":"https:\/\/www.europesays.com\/de\/wp-json\/wp\/v2\/media\/282612"}],"wp:attachment":[{"href":"https:\/\/www.europesays.com\/de\/wp-json\/wp\/v2\/media?parent=282611"}],"wp:term":[{"taxonomy":"category","embeddable":true,"href":"https:\/\/www.europesays.com\/de\/wp-json\/wp\/v2\/categories?post=282611"},{"taxonomy":"post_tag","embeddable":true,"href":"https:\/\/www.europesays.com\/de\/wp-json\/wp\/v2\/tags?post=282611"}],"curies":[{"name":"wp","href":"https:\/\/api.w.org\/{rel}","templated":true}]}}