{"id":282994,"date":"2025-07-21T15:40:15","date_gmt":"2025-07-21T15:40:15","guid":{"rendered":"https:\/\/www.europesays.com\/de\/282994\/"},"modified":"2025-07-21T15:40:15","modified_gmt":"2025-07-21T15:40:15","slug":"bettel-banden-oder-echte-not-so-helfen-sie-obdachlosen-in-muenchen-richtig","status":"publish","type":"post","link":"https:\/\/www.europesays.com\/de\/282994\/","title":{"rendered":"Bettel-Banden oder echte Not? So helfen Sie Obdachlosen in M\u00fcnchen richtig"},"content":{"rendered":"<p>Vorlesen<a rel=\"nofollow noopener\" target=\"_blank\" class=\"transition-colors duration-200 cursor-pointer text-inherit no-underline group grid items-center rounded-8 bg-whitelilac text-black grid-cols-[min-content_34px] gap-8 px-8 py-[6px] text-12 hover:bg-magenta hover:text-whitelilac hover:dark:text-salemsfur\" href=\"https:\/\/news.google.com\/publications\/CAAqBwgKMOO9twsw8NjOAw\" aria-label=\"Auf Google News folgen\">News folgen<\/a><img style=\"--width:16;--height:16\" loading=\"lazy\" src=\"https:\/\/muenchen.t-online.de\/s\/paper\/_next\/static\/media\/sharing-menu-icon.1eb71368.svg\" alt=\"Teilen Menu auf machen\" title=\"Teilen Menu auf machen\" class=\"block h-[calc(var(--height)_\/_16_*_1rem)] w-[calc(var(--width)_\/_16_*_1rem)] max-w-none group-hover:contrast-200 group-hover:grayscale group-hover:invert dark:group-hover:invert dark:contrast-200 dark:grayscale dark:invert\" decoding=\"async\"\/>Artikel teilen<\/p>\n<p class=\"font-bold text-18 leading-17\">Das Problem mit Bettlern im M\u00fcnchner Stadtgebiet spitzt sich zu. Eine Expertin wei\u00df, was Menschen auf der Stra\u00dfe wirklich hilft \u2013 und womit man ihnen schadet.<\/p>\n<p class=\"text-18 leading-17\">Der Winter ist kalt und viele M\u00fcnchner wollen anderen etwas Gutes zu tun. Wer w\u00fcrde sich da besser eignen, als die Menschen, die direkt vor der eigenen Haust\u00fcre auf der Stra\u00dfe leben? &#8222;Hier muss man aufpassen&#8220;, wei\u00df Anja Sauer. Sie ist die Initiatorin der M\u00fcnchner Obdachlosen-Hilfe &#8222;Aktion Br\u00fccke&#8220;.<\/p>\n<p class=\"text-18 leading-17\">Denn: Auf den B\u00fcrgersteigen und vor den Superm\u00e4rkten sitzen in M\u00fcnchen immer h\u00e4ufiger nicht &#8222;normale&#8220; Obdachlose, sondern Mitglieder von Bettel-Banden. Die Spenden, die sie einsammeln, d\u00fcrften die Bettler laut Sauer nicht behalten. Das Geld werde h\u00e4ufig direkt einkassiert und f\u00fcr kriminelle Zwecke verwendet. Im Gespr\u00e4ch mit t-online erkl\u00e4rt die Expertin, woran man erkennen kann, wem man Geld geben sollte \u2013 und wem nicht.<\/p>\n<p class=\"text-18 leading-17\">Einer der <a class=\"transition-colors duration-200 cursor-pointer text-inherit no-underline text-salemsfur md:hover:text-magenta md:hover:border-magenta md:focus:text-magenta border-current border-b border-solid break-words\" href=\"https:\/\/muenchen.t-online.de\/region\/muenchen\/id_100548786\/muenchen-haendler-fordern-stadtweites-bettelverbot.html\" data-sctrack=\"BodyAnchor\" rel=\"nofollow noopener\" target=\"_blank\">Brennpunkte, an denen H\u00e4ndler und Anwohner geh\u00e4uft bettelnden Personen begegnen,<\/a> sind die Stra\u00dfen rund um den Hauptbahnhof, aber auch am Laimer Platz. Dass sich M\u00fcnchner Wohnungslose an diesen Orten aufhalten, sei eher un\u00fcblich, wei\u00df Anja Sauer:<\/p>\n<p class=\"text-18 leading-17\">&#8222;Die Mitglieder der Bettel-Banden sitzen immer an sehr belebten Pl\u00e4tzen, mitten in der Stadt. Obdachlose hingegen meiden lebhafte Orte und leben lieber zur\u00fcckgezogen&#8220;, erkl\u00e4rt sie. &#8222;Sie sind froh, wenn sie ihre Ruhe haben und ein paar St\u00fcndchen schlafen k\u00f6nnen&#8220;.<\/p>\n<p class=\"text-18 leading-17\">Au\u00dferdem habe keiner der rund 550 Obdachlosen, die Sauer mit der &#8222;Aktion Br\u00fccke&#8220; regelm\u00e4\u00dfig auf der Stra\u00dfe betreut, ein &#8222;Ich habe Hunger&#8220;-Schild vor sich stehen. Dies sei nur unter Mitgliedern von Bettel-Banden \u00fcblich. Der Wortlaut auf den Schildern sei hier beinahe immer identisch. Auch das sehr forsche Ansprechen und das verbale Erbetteln von Geld sei f\u00fcr Obdachlose untypisch.<\/p>\n<p class=\"text-18 leading-17\">&#8222;Sp\u00e4testens, wenn man die Menschen fragt, ob sie etwas zu Essen m\u00f6chten und sie stattdessen vehement Geld einfordern, ist das ein klares Zeichen f\u00fcr Bandenkriminalit\u00e4t&#8220;, wei\u00df die Expertin.<\/p>\n<p><a href=\"#focus-1\" class=\"transition-colors duration-200 focus-within:text-magenta block text-current relative\" data-sctrack=\"FocusGalleryImage.Reference\"><img   loading=\"lazy\" src=\"https:\/\/www.europesays.com\/de\/wp-content\/uploads\/2025\/07\/1753112414_264_image.jpg\" alt=\"Anja Sauer ist Vorsitzende und Mitgr\u00fcnderin der Obdachlosenhilfe &quot;Aktion Br\u00fccke M\u00fcnchen&quot;. Sie m\u00f6chte die Menschen f\u00fcr den Umgang mit Wohnungslosen sensibilisieren.\" title=\"Anja Sauer ist Vorsitzende und Mitgr\u00fcnderin der Obdachlosenhilfe &quot;Aktion Br\u00fccke M\u00fcnchen&quot;. Sie m\u00f6chte die Menschen f\u00fcr den Umgang mit Wohnungslosen sensibilisieren.\" width=\"4000\" height=\"2250\" class=\"h-full w-full max-w-full rounded-8\" decoding=\"async\"\/><img style=\"--width:32;--height:32\" loading=\"lazy\" src=\"https:\/\/muenchen.t-online.de\/s\/paper\/_next\/static\/media\/zoom-in.f7dae02f.svg\" alt=\"Vergr\u00f6\u00dfern des Bildes\" title=\"Vergr\u00f6\u00dfern des Bildes\" class=\"block h-[calc(var(--height)_\/_16_*_1rem)] w-[calc(var(--width)_\/_16_*_1rem)] max-w-none absolute bottom-8 right-8 rounded-4 bg-snow p-8\" decoding=\"async\"\/>Anja Sauer ist Vorsitzende und Mitgr\u00fcnderin der Obdachlosenhilfe &#8222;Aktion Br\u00fccke M\u00fcnchen&#8220;. Sie m\u00f6chte die Menschen f\u00fcr den Umgang mit Wohnungslosen sensibilisieren. (Quelle: Carla Gospodarek)<\/a><\/p>\n<p class=\"text-18 leading-17\">Nat\u00fcrlich h\u00e4tten auch die Bettler, die den vorwiegend rum\u00e4nischen Banden in M\u00fcnchen angeh\u00f6ren w\u00fcrden, ein trauriges Schicksal: &#8222;Die Menschen, die zum Betteln auf der Stra\u00dfe ausgesetzt werden, sind wirklich die \u00c4rmsten der Armen. Dahinter steht eine riesengro\u00dfe Organisation&#8220;, berichtet Anja Sauer. Diese Leute w\u00fcrden zum Betteln gezwungen und d\u00fcrften nichts von den &#8222;erwirtschafteten&#8220; Spenden f\u00fcr sich behalten. Auch Essen oder Sachspenden d\u00fcrften sie nicht entgegennehmen.<\/p>\n<p class=\"text-18 leading-17\">&#8222;Meist sind sie beauftragt, ausschlie\u00dflich Geld anzunehmen. Wir haben oft erlebt, wie um die Ecke ein dickes Auto parkt und die Insassen ihre Bettler fest im Blick haben. Sobald etwas gegeben wird, steigen die Hinterm\u00e4nner aus und kassieren ein&#8220;, berichtet die Initiatorin der Obdachlosenhilfe &#8222;Aktion Br\u00fccke&#8220;. Wirklich helfen k\u00f6nne diesen Menschen weder die Initiative noch die M\u00fcnchner Bev\u00f6lkerung, so Sauer. &#8222;Das ist Aufgabe der Polizei und der Stadt&#8220;, sagt sie.<\/p>\n<p class=\"text-18 leading-17\">Wer im Stadtgebiet den heimischen Obdachlosen helfen m\u00f6chte, solle laut der Expertin am besten &#8222;zun\u00e4chst einmal ein freundliches Gespr\u00e4ch mit ihnen f\u00fchren&#8220; und sie fragen, ob und was sie ben\u00f6tigen. Einfach irgendetwas zu essen zu kaufen, das sei der falsche Weg.<\/p>\n<p class=\"text-18 leading-17\">Wer nicht in den pers\u00f6nlichen Kontakt treten kann oder m\u00f6chte, hat die M\u00f6glichkeit, der &#8222;Aktion Br\u00fccke&#8220; Sachspenden vorbeizubringen. Diese versorgt die Obdachlosen nicht nur jeden Sonntag mit warmen Speisen, sondern stattet sie auch mit Kleidung und Camping-Ausr\u00fcstung aus.<\/p>\n<p class=\"text-18 leading-17\">Am meisten ben\u00f6tigt werden w\u00fcrden wegen der kalten Wintermonate derzeit Schlafs\u00e4cke, Jacken und Schuhe. Wer helfen m\u00f6chte, kann als Ehrenamtler auch jederzeit selbst mitanpacken.<\/p>\n","protected":false},"excerpt":{"rendered":"VorlesenNews folgenArtikel teilen Das Problem mit Bettlern im M\u00fcnchner Stadtgebiet spitzt sich zu. Eine Expertin wei\u00df, was Menschen&hellip;\n","protected":false},"author":2,"featured_media":282995,"comment_status":"","ping_status":"","sticky":false,"template":"","format":"standard","meta":{"footnotes":"","_share_on_mastodon":"0"},"categories":[1827],"tags":[2201,83732,4827,772,24717,83731,29,30,1268,11891],"class_list":["post-282994","post","type-post","status-publish","format-standard","has-post-thumbnail","category-muenchen","tag-2201","tag-83732","tag-ausflugstipp-muenchen","tag-bayern","tag-bettelverbot","tag-bettelverbotszone","tag-deutschland","tag-germany","tag-muenchen","tag-obdachlosigkeit"],"share_on_mastodon":{"url":"https:\/\/pubeurope.com\/@de\/114891982516549169","error":""},"_links":{"self":[{"href":"https:\/\/www.europesays.com\/de\/wp-json\/wp\/v2\/posts\/282994","targetHints":{"allow":["GET"]}}],"collection":[{"href":"https:\/\/www.europesays.com\/de\/wp-json\/wp\/v2\/posts"}],"about":[{"href":"https:\/\/www.europesays.com\/de\/wp-json\/wp\/v2\/types\/post"}],"author":[{"embeddable":true,"href":"https:\/\/www.europesays.com\/de\/wp-json\/wp\/v2\/users\/2"}],"replies":[{"embeddable":true,"href":"https:\/\/www.europesays.com\/de\/wp-json\/wp\/v2\/comments?post=282994"}],"version-history":[{"count":0,"href":"https:\/\/www.europesays.com\/de\/wp-json\/wp\/v2\/posts\/282994\/revisions"}],"wp:featuredmedia":[{"embeddable":true,"href":"https:\/\/www.europesays.com\/de\/wp-json\/wp\/v2\/media\/282995"}],"wp:attachment":[{"href":"https:\/\/www.europesays.com\/de\/wp-json\/wp\/v2\/media?parent=282994"}],"wp:term":[{"taxonomy":"category","embeddable":true,"href":"https:\/\/www.europesays.com\/de\/wp-json\/wp\/v2\/categories?post=282994"},{"taxonomy":"post_tag","embeddable":true,"href":"https:\/\/www.europesays.com\/de\/wp-json\/wp\/v2\/tags?post=282994"}],"curies":[{"name":"wp","href":"https:\/\/api.w.org\/{rel}","templated":true}]}}