{"id":283037,"date":"2025-07-21T16:02:10","date_gmt":"2025-07-21T16:02:10","guid":{"rendered":"https:\/\/www.europesays.com\/de\/283037\/"},"modified":"2025-07-21T16:02:10","modified_gmt":"2025-07-21T16:02:10","slug":"wetterdienst-warnt-vor-starkregen-im-norden-und-osten-des-landes","status":"publish","type":"post","link":"https:\/\/www.europesays.com\/de\/283037\/","title":{"rendered":"Wetterdienst warnt vor Starkregen im Norden und Osten des Landes"},"content":{"rendered":"<p class=\"metatextline\">Stand: 21.07.2025 16:48 Uhr<\/p>\n<p class=\"textabsatz columns twelve  m-ten  m-offset-one l-eight l-offset-two\">\n        <strong>Es drohen \u00dcberflutungen, Erdrutsche und Aquaplaning: Der Deutsche Wetterdienst warnt f\u00fcr den Osten und den Nordosten Deutschlands vor extremen Regenf\u00e4llen. Erste Auswirkungen sind bereits in Sachsen und Berlin zu sp\u00fcren.<\/strong>\n    <\/p>\n<p class=\"textabsatz m-ten m-offset-one l-eight l-offset-two columns twelve\">\nNach dem sonnigen Wochenende warnt der Deutsche Wetterdienst (DWD) vor heftigen Regenf\u00e4llen im Osten und Nordosten Deutschlands. Betroffen sind demnach Teile Sachsens, Brandenburgs, Mecklenburg-Vorpommerns und Berlins.<\/p>\n<p class=\"textabsatz m-ten m-offset-one l-eight l-offset-two columns twelve\">\nF\u00fcr Gebiete zwischen Rostock und Stralsund beziehungsweise Teilen der Ostseeinsel R\u00fcgen rief der Wetterdienst sogar die h\u00f6chste Warnstufe aus: Gewarnt wurde vor extrem ergiebigem Regen. Der Wetterdienst rechnet mit Regenmengen zwischen 80 und 140 Liter pro Quadratmeter innerhalb von bis zu zw\u00f6lf Stunden.<\/p>\n<p class=\"textabsatz m-ten m-offset-one l-eight l-offset-two columns twelve\">\nGegen\u00fcber der Nachrichtenagentur dpa sagte ein DWD-Sprecher, die erwartete H\u00f6chstmenge entspreche dem Niederschlag der Flutkatastrophe im Ahrtal. Diese Menge w\u00fcrde laut dem Sprecher in etwa dem doppelten der dort \u00fcblichen Menge f\u00fcr den ganzen Monat Juli entsprechen. &#8222;In der Nacht kommt ein riesiger Schwal&#8220;, so der Sprecher. Wegen der fehlenden Berge &#8211; anders als im Ahrtal &#8211; werde das Wasser aber besser abflie\u00dfen.<\/p>\n<p class=\"textabsatz m-ten m-offset-one l-eight l-offset-two columns twelve\">\nIn anderen betroffenen Gebieten in den vier Bundesl\u00e4ndern wird etwas weniger Niederschlag erwartet. Dennoch k\u00f6nnten es laut Prognose bei ergiebigem Dauerregen bis zu 70 Liter pro Quadratmeter sein.<\/p>\n<p>    Starkregen teilweise bis Dienstagnachmittag<\/p>\n<p class=\"textabsatz m-ten m-offset-one l-eight l-offset-two columns twelve\">\nDer Wetterdienst warnte, bei starken Regenf\u00e4llen k\u00f6nne es zu raschen \u00dcberflutungen von Stra\u00dfen, Unterf\u00fchrungen und Kellern sowie zu Aquaplaning kommen. Auch Erdrutsche seien m\u00f6glich. Autofahrer sollten vorsichtig fahren. Es bestehe Gefahr f\u00fcr Leib und Leben. Bei Hochwasser oder bereits drohenden \u00dcberflutungen sollten Keller sofort verlassen werden.<\/p>\n<p class=\"textabsatz m-ten m-offset-one l-eight l-offset-two columns twelve\">\nDer Starkregen soll sich gebietsweise bis in den Dienstagnachmittag ziehen.<\/p>\n<p>    \u00dcberflutete Autobahn, abgesagte Konzerte<\/p>\n<p class=\"textabsatz m-ten m-offset-one l-eight l-offset-two columns twelve\">\nErste Auswirkungen der heftigen Regenf\u00e4lle sp\u00fcrten bereits etwa die Menschen im s\u00e4chsischen Vogtland. Hier ist die Autobahn 72 wegen \u00dcberschwemmungen zeitweise gesperrt worden.<\/p>\n<p class=\"textabsatz m-ten m-offset-one l-eight l-offset-two columns twelve\">\nZwischen Reichenbach und Treuen gebe es \u00dcberflutungen auf den Fahrbahnen in beide Richtungen, teilte der Verkehrswarndienst der Polizei mit. Vor\u00fcbergehend war die A72 Richtung Zwickau ganz blockiert; anschlie\u00dfend blieb noch die linke Spur gesperrt.<\/p>\n<p class=\"textabsatz m-ten m-offset-one l-eight l-offset-two columns twelve\">\nIn Berlin ist das f\u00fcr den Montagabend geplante <a href=\"https:\/\/www.tagesschau.de\/inland\/regional\/berlin\/rbb-konzert-von-robbie-williams-in-berlin-wegen-wetterlage-verschoben-100.html\" title=\"Berlin: Konzert von Robbie Williams in der Waldb\u00fchne wegen Unwettergefahr verschoben\" rel=\"nofollow noopener\" target=\"_blank\">Open-Air-Konzert von Robbie Williams wetterbedingt verschoben<\/a> worden. Wegen der akuten Wetterlage k\u00f6nne das Konzert nicht wie geplant stattfinden, teilte der Veranstalter mit. Der Auftritt werde aber bereits am Mittwoch nachgeholt, die Tickets behalten ihre G\u00fcltigkeit. Die Sicherheit habe oberste Priorit\u00e4t, erkl\u00e4rte der Konzertveranstalter.<\/p>\n<p class=\"textabsatz m-ten m-offset-one l-eight l-offset-two columns twelve\">\nAusfallen muss auch das Konzert von Operns\u00e4ngerin Anna Netrebko, das auf dem Gendarmenmarkt geplant war. Ob es hierf\u00fcr einen Ersatztermin gibt, soll in K\u00fcrze bekannt gegeben werden, so der Veranstalter.<\/p>\n<p>    Vorbereitungen in Mecklenburg-Vorpommern<\/p>\n<p class=\"textabsatz m-ten m-offset-one l-eight l-offset-two columns twelve\">\nIn Mecklenburg-Vorpommern stellen sich die Kreise auf das erwartete Extremwetter ein. Nach Aussage dortiger Sprecher werden etwa Leitstellen in Rostock, im Landkreis Vorpommern-Greifswald und an der Mecklenburgischen Seenplatte verst\u00e4rkt. Die Kreise rechnen lokal mit \u00dcberflutungen und volllaufenden Kellern.<\/p>\n<p class=\"textabsatz m-ten m-offset-one l-eight l-offset-two columns twelve\">\nDer Landkreis Vorpommern-Greifswald empfahl, gegebenenfalls vorbeugend Hochwasser-Schutzma\u00dfnahmen zu treffen. Ein Sprecher der Stadt Rostock sagte, man habe die Bev\u00f6lkerung \u00fcber die eigene Warn-App informiert.<\/p>\n","protected":false},"excerpt":{"rendered":"Stand: 21.07.2025 16:48 Uhr Es drohen \u00dcberflutungen, Erdrutsche und Aquaplaning: Der Deutsche Wetterdienst warnt f\u00fcr den Osten und&hellip;\n","protected":false},"author":2,"featured_media":283038,"comment_status":"","ping_status":"","sticky":false,"template":"","format":"standard","meta":{"footnotes":""},"categories":[5],"tags":[13,14,15,12,16051,10,8,9,11,4028],"class_list":{"0":"post-283037","1":"post","2":"type-post","3":"status-publish","4":"format-standard","5":"has-post-thumbnail","7":"category-nachrichten","8":"tag-headlines","9":"tag-nachrichten","10":"tag-news","11":"tag-schlagzeilen","12":"tag-starkregen","13":"tag-top-news","14":"tag-top-meldungen","15":"tag-topmeldungen","16":"tag-topnews","17":"tag-unwetter"},"share_on_mastodon":{"url":"https:\/\/pubeurope.com\/@de\/114892068881259159","error":""},"_links":{"self":[{"href":"https:\/\/www.europesays.com\/de\/wp-json\/wp\/v2\/posts\/283037","targetHints":{"allow":["GET"]}}],"collection":[{"href":"https:\/\/www.europesays.com\/de\/wp-json\/wp\/v2\/posts"}],"about":[{"href":"https:\/\/www.europesays.com\/de\/wp-json\/wp\/v2\/types\/post"}],"author":[{"embeddable":true,"href":"https:\/\/www.europesays.com\/de\/wp-json\/wp\/v2\/users\/2"}],"replies":[{"embeddable":true,"href":"https:\/\/www.europesays.com\/de\/wp-json\/wp\/v2\/comments?post=283037"}],"version-history":[{"count":0,"href":"https:\/\/www.europesays.com\/de\/wp-json\/wp\/v2\/posts\/283037\/revisions"}],"wp:featuredmedia":[{"embeddable":true,"href":"https:\/\/www.europesays.com\/de\/wp-json\/wp\/v2\/media\/283038"}],"wp:attachment":[{"href":"https:\/\/www.europesays.com\/de\/wp-json\/wp\/v2\/media?parent=283037"}],"wp:term":[{"taxonomy":"category","embeddable":true,"href":"https:\/\/www.europesays.com\/de\/wp-json\/wp\/v2\/categories?post=283037"},{"taxonomy":"post_tag","embeddable":true,"href":"https:\/\/www.europesays.com\/de\/wp-json\/wp\/v2\/tags?post=283037"}],"curies":[{"name":"wp","href":"https:\/\/api.w.org\/{rel}","templated":true}]}}