{"id":283222,"date":"2025-07-21T17:40:14","date_gmt":"2025-07-21T17:40:14","guid":{"rendered":"https:\/\/www.europesays.com\/de\/283222\/"},"modified":"2025-07-21T17:40:14","modified_gmt":"2025-07-21T17:40:14","slug":"fk-jugoslavija-wuppertal-mit-neuer-heimspielstaette-und-einer-menge-selbstvertrauen","status":"publish","type":"post","link":"https:\/\/www.europesays.com\/de\/283222\/","title":{"rendered":"FK Jugoslavija Wuppertal mit neuer Heimspielst\u00e4tte und einer Menge Selbstvertrauen"},"content":{"rendered":"<p class=\"text_ohne_einzug richtext text-em-55 !leading-serif mx-6 desktop:mx-0\">Es ist vielleicht das selbstverst\u00e4ndliche Selbstbewusstsein eines Aufsteigers, das die Spieler des FK Jugoslavija Wuppertal in einem k\u00fcrzlichen hochgeladenen Reel auf der Instagram-Seite ihres Vereins verk\u00f6rpern. Dort mussten s\u00e4mtliche Akteure die Frage nach der Platzierung am Saisonende in der Bezirksliga beantworten \u2013 und viele von ihnen antworteten prompt mit \u201ePlatz eins\u201c, einige Weitere mit \u201eTop f\u00fcnf\u201c. Das alles ist nat\u00fcrlich auch mit einem Augenzwinkern zu verstehen. Dennoch ist die \u201eJugos\u201c-Brust nach zwei Aufstiegen in Serie und der Verpflichtung einiger namhafter Transfers breit.<\/p>\n","protected":false},"excerpt":{"rendered":"Es ist vielleicht das selbstverst\u00e4ndliche Selbstbewusstsein eines Aufsteigers, das die Spieler des FK Jugoslavija Wuppertal in einem k\u00fcrzlichen&hellip;\n","protected":false},"author":2,"featured_media":283223,"comment_status":"","ping_status":"","sticky":false,"template":"","format":"standard","meta":{"footnotes":""},"categories":[1840],"tags":[35255,5876,38125,16320,3364,29,83781,30,20570,83782,20565,1209,24306,9387,24996,29070,4418,20564],"class_list":{"0":"post-283222","1":"post","2":"type-post","3":"status-publish","4":"format-standard","5":"has-post-thumbnail","7":"category-wuppertal","8":"tag-aufsteiger","9":"tag-aufstieg","10":"tag-bezirks","11":"tag-bezirksliga","12":"tag-de","13":"tag-deutschland","14":"tag-florim","15":"tag-germany","16":"tag-jugos","17":"tag-jugoslaviija","18":"tag-jugoslavija","19":"tag-nordrhein-westfalen","20":"tag-platzierung","21":"tag-saison","22":"tag-saisonende","23":"tag-vorsaison","24":"tag-wuppertal","25":"tag-zeciri"},"share_on_mastodon":{"url":"https:\/\/pubeurope.com\/@de\/114892454564134820","error":""},"_links":{"self":[{"href":"https:\/\/www.europesays.com\/de\/wp-json\/wp\/v2\/posts\/283222","targetHints":{"allow":["GET"]}}],"collection":[{"href":"https:\/\/www.europesays.com\/de\/wp-json\/wp\/v2\/posts"}],"about":[{"href":"https:\/\/www.europesays.com\/de\/wp-json\/wp\/v2\/types\/post"}],"author":[{"embeddable":true,"href":"https:\/\/www.europesays.com\/de\/wp-json\/wp\/v2\/users\/2"}],"replies":[{"embeddable":true,"href":"https:\/\/www.europesays.com\/de\/wp-json\/wp\/v2\/comments?post=283222"}],"version-history":[{"count":0,"href":"https:\/\/www.europesays.com\/de\/wp-json\/wp\/v2\/posts\/283222\/revisions"}],"wp:featuredmedia":[{"embeddable":true,"href":"https:\/\/www.europesays.com\/de\/wp-json\/wp\/v2\/media\/283223"}],"wp:attachment":[{"href":"https:\/\/www.europesays.com\/de\/wp-json\/wp\/v2\/media?parent=283222"}],"wp:term":[{"taxonomy":"category","embeddable":true,"href":"https:\/\/www.europesays.com\/de\/wp-json\/wp\/v2\/categories?post=283222"},{"taxonomy":"post_tag","embeddable":true,"href":"https:\/\/www.europesays.com\/de\/wp-json\/wp\/v2\/tags?post=283222"}],"curies":[{"name":"wp","href":"https:\/\/api.w.org\/{rel}","templated":true}]}}