{"id":283888,"date":"2025-07-22T00:20:03","date_gmt":"2025-07-22T00:20:03","guid":{"rendered":"https:\/\/www.europesays.com\/de\/283888\/"},"modified":"2025-07-22T00:20:03","modified_gmt":"2025-07-22T00:20:03","slug":"expertin-spricht-nach-geheim-treffen-von-neustart-fuer-prinz-harry","status":"publish","type":"post","link":"https:\/\/www.europesays.com\/de\/283888\/","title":{"rendered":"Expertin spricht nach Geheim-Treffen von &#8222;Neustart&#8220; f\u00fcr Prinz Harry"},"content":{"rendered":"<p>Was steckt wirklich hinter Harrys Reise nach Angola?<\/p>\n<p>Doch <a data-teasertracking=\"related-inline_3\" href=\"https:\/\/www.bunte.de\/royals\/britisches-koenigshaus\/in-griechenland-entdeckt-kate-und-william-im-luxus-urlaub-mit-den-kindern.html\" target=\"_blank\" rel=\"nofollow noopener\">w\u00e4hrend der Thronfolger gerade seinen wohlverdienten Familienurlaub in Griechenland genie\u00dft<\/a>, scheint bei Prinz Harry Arbeit statt Spa\u00df auf dem Programm zu stehen. <a data-teasertracking=\"related-inline_3\" href=\"https:\/\/www.bunte.de\/royals\/wie-seine-mutter-diana-prinz-harry-besucht-landminen-raeumprojekt_5bba367f-7cdb-4bd3-b0be-247a8f296d0e.html\" target=\"_blank\" rel=\"nofollow noopener\">Denn kurz nach dem heimlichen Treffen in London hat sich der j\u00fcngste Sohn von K\u00f6nig Charles in Angola (Zentralafrika) gezeigt.<\/a> &#8222;Es ist tats\u00e4chlich das zweite Mal, dass er dort ist. Er tritt in die Fu\u00dfstapfen seiner Mutter, Prinzessin Diana, um auf die Gefahr von Landminen aufmerksam zu machen&#8220;, erkl\u00e4rt die Expertin und l\u00e4sst durchblicken, dass hinter dieser Reise sicher kein Zufall steckt. Stattdessen habe man das Gef\u00fchl, wieder den &#8222;alten&#8220; Prinz Harry zu erleben. &#8222;Er ist sehr einf\u00fchlsam gegen\u00fcber den Menschen, die er trifft&#8220;, lobt Rhiannon Mills und erg\u00e4nzt vielsagend, dass dieser Auftritt &#8222;eine Welt entfernt von all den Schlagzeilen und ungel\u00f6sten F\u00e4llen angesichts des anhaltenden Streits mit seiner Familie&#8220; sei.\u00a0<\/p>\n<p>&#8222;Es soll uns daran erinnern, was er schon immer am besten konnte&#8220;<\/p>\n<p>F\u00fcr die britische Royal-Expertin ist klar: Hier scheinen Experten am Werk zu sein, um das Bild des gefallenen Royals wieder zu kitten. Unter anderem d\u00fcrfte das auf den neuen Pressesprecher von Prinz Harry, der bei dem Geheim-Treffen in London ebenfalls mit von der Partie war, zur\u00fcckzuf\u00fchren sein. &#8222;Man hat das Gef\u00fchl, dass dies mit den neuen Leuten in seinem Team wie ein Neustart wirkt&#8220;, betont Rhiannon Mills und f\u00fcgt hinzu: &#8222;Es f\u00fchlt sich an, als w\u00fcrden sie versuchen, ihm mehr davon zu geben. Ihn wieder auf die Beine zu bringen und uns wirklich daran zu erinnern, was er schon immer am besten konnte.&#8220;\u00a0<\/p>\n","protected":false},"excerpt":{"rendered":"Was steckt wirklich hinter Harrys Reise nach Angola? Doch w\u00e4hrend der Thronfolger gerade seinen wohlverdienten Familienurlaub in Griechenland&hellip;\n","protected":false},"author":2,"featured_media":283889,"comment_status":"","ping_status":"","sticky":false,"template":"","format":"standard","meta":{"footnotes":""},"categories":[1776],"tags":[1801,29,214,30,1802,215],"class_list":{"0":"post-283888","1":"post","2":"type-post","3":"status-publish","4":"format-standard","5":"has-post-thumbnail","7":"category-prominente","8":"tag-celebrities","9":"tag-deutschland","10":"tag-entertainment","11":"tag-germany","12":"tag-prominente","13":"tag-unterhaltung"},"share_on_mastodon":{"url":"https:\/\/pubeurope.com\/@de\/114894026964661361","error":""},"_links":{"self":[{"href":"https:\/\/www.europesays.com\/de\/wp-json\/wp\/v2\/posts\/283888","targetHints":{"allow":["GET"]}}],"collection":[{"href":"https:\/\/www.europesays.com\/de\/wp-json\/wp\/v2\/posts"}],"about":[{"href":"https:\/\/www.europesays.com\/de\/wp-json\/wp\/v2\/types\/post"}],"author":[{"embeddable":true,"href":"https:\/\/www.europesays.com\/de\/wp-json\/wp\/v2\/users\/2"}],"replies":[{"embeddable":true,"href":"https:\/\/www.europesays.com\/de\/wp-json\/wp\/v2\/comments?post=283888"}],"version-history":[{"count":0,"href":"https:\/\/www.europesays.com\/de\/wp-json\/wp\/v2\/posts\/283888\/revisions"}],"wp:featuredmedia":[{"embeddable":true,"href":"https:\/\/www.europesays.com\/de\/wp-json\/wp\/v2\/media\/283889"}],"wp:attachment":[{"href":"https:\/\/www.europesays.com\/de\/wp-json\/wp\/v2\/media?parent=283888"}],"wp:term":[{"taxonomy":"category","embeddable":true,"href":"https:\/\/www.europesays.com\/de\/wp-json\/wp\/v2\/categories?post=283888"},{"taxonomy":"post_tag","embeddable":true,"href":"https:\/\/www.europesays.com\/de\/wp-json\/wp\/v2\/tags?post=283888"}],"curies":[{"name":"wp","href":"https:\/\/api.w.org\/{rel}","templated":true}]}}