{"id":283927,"date":"2025-07-22T01:04:04","date_gmt":"2025-07-22T01:04:04","guid":{"rendered":"https:\/\/www.europesays.com\/de\/283927\/"},"modified":"2025-07-22T01:04:04","modified_gmt":"2025-07-22T01:04:04","slug":"klimaschutz-und-mietspiegel-augsburger-buergerinnen-sind-gefragt","status":"publish","type":"post","link":"https:\/\/www.europesays.com\/de\/283927\/","title":{"rendered":"Klimaschutz und Mietspiegel: Augsburger B\u00fcrger:innen sind gefragt"},"content":{"rendered":"<p>Egal ob Winter oder Sommer: Der Rathausplatz in Augsburg geh\u00f6rt zu den <a href=\"https:\/\/www.hallo-augsburg.de\/augsburger-sommernaechte-2025-gemeinsam-feiern-das-waren-die-augsburger-sommernaechte-2025_bxVU\" title=\"\" rel=\"nofollow noopener\" target=\"_blank\">Hotspots<\/a> der Stadt. Er ist zentral, gut an den \u00d6PNV angebunden und liefert Einblicke in die Geschichte rund um Augsburg. Kein Wunder also, dass sich dort viele Menschen treffen, um ihre Zeit zu verbringen. Es gibt nur ein Problem: An besonders hei\u00dfen Tagen, die sich durch den <a href=\"https:\/\/www.hallo-augsburg.de\/klimainsel-in-der-augsburger-innenstadt-die-klimainsel-temporaeres-pilotprojekt-auf-dem-martin-luther-platz_n6JU\" title=\"\" rel=\"nofollow noopener\" target=\"_blank\">Klimawandel<\/a> h\u00e4ufen, gibt es kaum M\u00f6glichkeiten, sich unterzustellen, um sich vor der Sonne zu sch\u00fctzen.<\/p>\n<p><strong>Befragung zur Anpassung des Rathausplatzes<\/strong><\/p>\n<p>Nun hat die Stadt Augsburg beschlossen, den Rathausplatz an die <a href=\"https:\/\/www.hallo-augsburg.de\/hitzeaktionsplan-der-stadt-augsburg-neuer-hitzeaktionsplan-soll-augsburger-innen-vor-hitze-schuetzen_JlJU\" title=\"\" rel=\"nofollow noopener\" target=\"_blank\">Herausforderungen des Klimawandels<\/a> anzupassen. Unter machmit.augsburg.de\/klimaanpassung-rathausplatz k\u00f6nnen B\u00fcrger:innen auf einer interaktiven Karte markieren, wie sie den Rathausplatz heute nutzen und wo Anpassungen gew\u00fcnscht werden. Auf der Website kann man genau zeigen, wo man sich im Sommer beziehungsweise Winter gerne aufh\u00e4lt und wo man sich mehr Gr\u00fcn oder Schatten w\u00fcnscht.<\/p>\n<p>Die Abstimmung l\u00e4uft bis zum 1. August 2025. Auf dieser Grundlage werden anschlie\u00dfend Planungsvorschl\u00e4ge ausgearbeitet, die hinsichtlich ihrer Wirksamkeit bewertet werden. Im kommenden Fr\u00fchjahr sollen erste Ma\u00dfnahmevorschl\u00e4ge vorliegen, die dann B\u00fcrgerschaft und Stadtrat als Diskussionsgrundlage dienen.<\/p>\n<p>Erhebung des Mietspiegels 2025<\/p>\n<p>Die Stadt Augsburg erneuert zum f\u00fcnften Mal ihren qualifizierten Mietspiegel. Um diesen zu erfassen, werden per Zufallsprinzip 10.000 Mieter:innen im Wohnraum Augsburg ausgew\u00e4hlt und vom EMA-Institut, Amt f\u00fcr Wohnbauf\u00f6rderung und Wohnen, angeschrieben. Die Teilnahme dazu ist verpflichtend und geht noch bis Mitte August. Die Ergebnisse daraus flie\u00dfen in die Neuerstellung des Mietspiegels ein, der zum 1. Dezember 2025 ver\u00f6ffentlicht wird.<\/p>\n","protected":false},"excerpt":{"rendered":"Egal ob Winter oder Sommer: Der Rathausplatz in Augsburg geh\u00f6rt zu den Hotspots der Stadt. Er ist zentral,&hellip;\n","protected":false},"author":2,"featured_media":283928,"comment_status":"","ping_status":"","sticky":false,"template":"","format":"standard","meta":{"footnotes":""},"categories":[1846],"tags":[680,772,3364,29,548,663,3934,30,13,14,15,12],"class_list":{"0":"post-283927","1":"post","2":"type-post","3":"status-publish","4":"format-standard","5":"has-post-thumbnail","7":"category-augsburg","8":"tag-augsburg","9":"tag-bayern","10":"tag-de","11":"tag-deutschland","12":"tag-eu","13":"tag-europa","14":"tag-europe","15":"tag-germany","16":"tag-headlines","17":"tag-nachrichten","18":"tag-news","19":"tag-schlagzeilen"},"share_on_mastodon":{"url":"https:\/\/pubeurope.com\/@de\/114894200038177682","error":""},"_links":{"self":[{"href":"https:\/\/www.europesays.com\/de\/wp-json\/wp\/v2\/posts\/283927","targetHints":{"allow":["GET"]}}],"collection":[{"href":"https:\/\/www.europesays.com\/de\/wp-json\/wp\/v2\/posts"}],"about":[{"href":"https:\/\/www.europesays.com\/de\/wp-json\/wp\/v2\/types\/post"}],"author":[{"embeddable":true,"href":"https:\/\/www.europesays.com\/de\/wp-json\/wp\/v2\/users\/2"}],"replies":[{"embeddable":true,"href":"https:\/\/www.europesays.com\/de\/wp-json\/wp\/v2\/comments?post=283927"}],"version-history":[{"count":0,"href":"https:\/\/www.europesays.com\/de\/wp-json\/wp\/v2\/posts\/283927\/revisions"}],"wp:featuredmedia":[{"embeddable":true,"href":"https:\/\/www.europesays.com\/de\/wp-json\/wp\/v2\/media\/283928"}],"wp:attachment":[{"href":"https:\/\/www.europesays.com\/de\/wp-json\/wp\/v2\/media?parent=283927"}],"wp:term":[{"taxonomy":"category","embeddable":true,"href":"https:\/\/www.europesays.com\/de\/wp-json\/wp\/v2\/categories?post=283927"},{"taxonomy":"post_tag","embeddable":true,"href":"https:\/\/www.europesays.com\/de\/wp-json\/wp\/v2\/tags?post=283927"}],"curies":[{"name":"wp","href":"https:\/\/api.w.org\/{rel}","templated":true}]}}