{"id":283998,"date":"2025-07-22T02:26:38","date_gmt":"2025-07-22T02:26:38","guid":{"rendered":"https:\/\/www.europesays.com\/de\/283998\/"},"modified":"2025-07-22T02:26:38","modified_gmt":"2025-07-22T02:26:38","slug":"regierungsflieger-muss-wegen-daempfen-in-leipzig-notfallmaessig-landen","status":"publish","type":"post","link":"https:\/\/www.europesays.com\/de\/283998\/","title":{"rendered":"Regierungsflieger muss wegen D\u00e4mpfen in Leipzig notfallm\u00e4\u00dfig landen"},"content":{"rendered":"<p>D\u00e4mpfe im Cockpit <\/p>\n<p>Regierungsflieger verfehlt K\u00f6ln<\/p>\n<p>22.07.2025 &#8211; 02:19 UhrLesedauer: 1 Min.<\/p>\n<p><a href=\"#focus-0\" class=\"transition-colors duration-200 focus-within:text-magenta block text-current relative\" data-sctrack=\"FocusGalleryImage.Reference\"><img fetchpriority=\"high\" data-testid=\"Opener.Image\" style=\"--lqipURL:url('https:\/\/images.t-online.de\/2025\/07\/a8loYtcwmRqU\/0x100:1204x677\/fit-in\/150x0\/filters:blur(25)\/einsatzkraefte-und-fahrzeuge-stehen-an-einem-regierungsflieger-die-maschine-musste-am-dienstagabend-notfallmaessig-in-leipzig-landen.jpg')\"   loading=\"eager\" src=\"https:\/\/www.europesays.com\/de\/wp-content\/uploads\/2025\/07\/einsatzkraefte-und-fahrzeuge-stehen-an-einem-regierungsflieger-die-maschine-musste-am-dienstagabend-.jpeg\" alt=\"Einsatzkr\u00e4fte und -fahrzeuge stehen an einem Regierungsflieger: Die Maschine musste am Dienstagabend notfallm\u00e4\u00dfig in Leipzig landen.\" title=\"Einsatzkr\u00e4fte und -fahrzeuge stehen an einem Regierungsflieger: Die Maschine musste am Dienstagabend notfallm\u00e4\u00dfig in Leipzig landen.\" width=\"1204\" height=\"677\" class=\"bg-[url:var(--lqipURL)] bg-cover bg-center flex h-full w-full max-w-full\" decoding=\"async\"\/><img style=\"--width:32;--height:32\" loading=\"lazy\" src=\"https:\/\/www.t-online.de\/s\/paper\/_next\/static\/media\/zoom-in.f7dae02f.svg\" alt=\"Vergr\u00f6\u00dfern des Bildes\" title=\"Vergr\u00f6\u00dfern des Bildes\" class=\"block h-[calc(var(--height)_\/_16_*_1rem)] w-[calc(var(--width)_\/_16_*_1rem)] max-w-none absolute bottom-8 right-8 rounded-4 bg-snow p-8\" decoding=\"async\"\/><\/a><\/p>\n<p>Einsatzkr\u00e4fte und -fahrzeuge stehen an einem Regierungsflieger: Die Maschine musste am Dienstagabend notfallm\u00e4\u00dfig in Leipzig landen. (Quelle: NEWS5 \/ Christian Grube)<\/p>\n<p class=\"font-bold text-18 leading-17\">Die Landung in K\u00f6ln war geplant, doch dann bildeten sich D\u00e4mpfe im Cockpit. Was die Piloten daraufhin taten, alarmierte die Feuerwehr.<\/p>\n<p class=\"text-18 leading-17\">Statt wie vorgesehen in <a class=\"transition-colors duration-200 cursor-pointer text-inherit no-underline text-salemsfur md:hover:text-magenta md:hover:border-magenta md:focus:text-magenta border-current border-b border-solid break-words\" href=\"https:\/\/www.t-online.de\/region\/koeln\/\" data-sctrack=\"BodyAnchor\" target=\"_blank\" rel=\"noopener\">K\u00f6ln<\/a> zu landen, musste eine Regierungsmaschine am Montagabend einen Umweg \u00fcber <a class=\"transition-colors duration-200 cursor-pointer text-inherit no-underline text-salemsfur md:hover:text-magenta md:hover:border-magenta md:focus:text-magenta border-current border-b border-solid break-words\" href=\"https:\/\/www.t-online.de\/region\/leipzig\/\" data-sctrack=\"BodyAnchor\" target=\"_blank\" rel=\"noopener\">Leipzig<\/a> nehmen. D\u00e4mpfe im Cockpit zwangen die Piloten zu einer ungeplanten Sicherheitslandung, berichtet die &#8222;Leipziger Volkszeitung&#8220;.<\/p>\n<p class=\"text-18 leading-17\">Die Bundeswehr-Maschine startete am Abend gegen 19.25 Uhr vom Berliner <a class=\"transition-colors duration-200 cursor-pointer text-inherit no-underline text-salemsfur md:hover:text-magenta md:hover:border-magenta md:focus:text-magenta border-current border-b border-solid break-words\" href=\"https:\/\/www.t-online.de\/themen\/flughafen\/\" data-sctrack=\"BodyAnchor\" target=\"_blank\" rel=\"noopener\">Flughafen<\/a> mit Kurs auf K\u00f6ln. An Bord der 34 Meter langen Maschine befanden sich ausschlie\u00dflich Besatzungsmitglieder, wie die <a class=\"transition-colors duration-200 cursor-pointer text-inherit no-underline text-salemsfur md:hover:text-magenta md:hover:border-magenta md:focus:text-magenta border-current border-b border-solid break-words\" href=\"https:\/\/www.t-online.de\/themen\/luftwaffe\/\" data-sctrack=\"BodyAnchor\" target=\"_blank\" rel=\"noopener\">Luftwaffe<\/a> mitteilte.<\/p>\n<p class=\"text-18 leading-17\">Bereits wenige Minuten nach dem Abheben erhielten die Piloten eine technische Warnung. Gleichzeitig bemerkten sie offenbar D\u00e4mpfe im Cockpit. Die Crew entschied daraufhin sofort, den direkten Weg nach K\u00f6ln zu verlassen und stattdessen den n\u00e4chstgelegenen Flughafen anzusteuern. Der genaue Grund f\u00fcr die Rauchentwicklung ist laut einem Reporter vor Ort noch nicht gekl\u00e4rt.<\/p>\n<p class=\"text-18 leading-17\">Bei der Landung in Leipzig gegen 19.55 Uhr erwarteten bereits Feuerwehrleute die Maschine. Sie waren wegen der \u201eD\u00e4mpfe im Cockpit&#8220; alarmiert worden, wie ein Sprecher der Leipziger Feuerwehr gegen\u00fcber der &#8222;LVZ&#8220; best\u00e4tigte. Ein Sprecher der Luftwaffe wollte diese Darstellung zun\u00e4chst nicht best\u00e4tigen.<\/p>\n<p class=\"text-18 leading-17\">Vorsorglich stand auch ein Rettungshubschrauber bereit. Verletzte gab es nach ersten Erkenntnissen allerdings nicht. Techniker untersuchten den A319 bis in die sp\u00e4ten Abendstunden, um die Ursache der gef\u00e4hrlichen D\u00e4mpfe zu kl\u00e4ren.<\/p>\n","protected":false},"excerpt":{"rendered":"D\u00e4mpfe im Cockpit Regierungsflieger verfehlt K\u00f6ln 22.07.2025 &#8211; 02:19 UhrLesedauer: 1 Min. Einsatzkr\u00e4fte und -fahrzeuge stehen an einem&hellip;\n","protected":false},"author":2,"featured_media":283999,"comment_status":"","ping_status":"","sticky":false,"template":"","format":"standard","meta":{"footnotes":""},"categories":[1832],"tags":[722,3176,685,45506,75026,3364,29,2540,985,30,1420,71,79223,1480,41733,859],"class_list":{"0":"post-283998","1":"post","2":"type-post","3":"status-publish","4":"format-standard","5":"has-post-thumbnail","7":"category-leipzig","8":"tag-722","9":"tag-3176","10":"tag-bundeswehr","11":"tag-cockpit","12":"tag-dampf","13":"tag-de","14":"tag-deutschland","15":"tag-einsatzkraft","16":"tag-feuerwehr","17":"tag-germany","18":"tag-koeln","19":"tag-leipzig","20":"tag-leipziger-volkszeitung","21":"tag-luftwaffe","22":"tag-regierungsmaschine","23":"tag-sachsen"},"share_on_mastodon":{"url":"https:\/\/pubeurope.com\/@de\/114894522523558741","error":""},"_links":{"self":[{"href":"https:\/\/www.europesays.com\/de\/wp-json\/wp\/v2\/posts\/283998","targetHints":{"allow":["GET"]}}],"collection":[{"href":"https:\/\/www.europesays.com\/de\/wp-json\/wp\/v2\/posts"}],"about":[{"href":"https:\/\/www.europesays.com\/de\/wp-json\/wp\/v2\/types\/post"}],"author":[{"embeddable":true,"href":"https:\/\/www.europesays.com\/de\/wp-json\/wp\/v2\/users\/2"}],"replies":[{"embeddable":true,"href":"https:\/\/www.europesays.com\/de\/wp-json\/wp\/v2\/comments?post=283998"}],"version-history":[{"count":0,"href":"https:\/\/www.europesays.com\/de\/wp-json\/wp\/v2\/posts\/283998\/revisions"}],"wp:featuredmedia":[{"embeddable":true,"href":"https:\/\/www.europesays.com\/de\/wp-json\/wp\/v2\/media\/283999"}],"wp:attachment":[{"href":"https:\/\/www.europesays.com\/de\/wp-json\/wp\/v2\/media?parent=283998"}],"wp:term":[{"taxonomy":"category","embeddable":true,"href":"https:\/\/www.europesays.com\/de\/wp-json\/wp\/v2\/categories?post=283998"},{"taxonomy":"post_tag","embeddable":true,"href":"https:\/\/www.europesays.com\/de\/wp-json\/wp\/v2\/tags?post=283998"}],"curies":[{"name":"wp","href":"https:\/\/api.w.org\/{rel}","templated":true}]}}