{"id":284134,"date":"2025-07-22T03:59:11","date_gmt":"2025-07-22T03:59:11","guid":{"rendered":"https:\/\/www.europesays.com\/de\/284134\/"},"modified":"2025-07-22T03:59:11","modified_gmt":"2025-07-22T03:59:11","slug":"wahlprogramm-check-zur-kommunalwahl-in-dortmund-kinder-familie","status":"publish","type":"post","link":"https:\/\/www.europesays.com\/de\/284134\/","title":{"rendered":"Wahlprogramm-Check zur Kommunalwahl in Dortmund: Kinder &#038; Familie"},"content":{"rendered":"<p>\t\tUnser Wahlprogramm-Check<br \/>\n\t\t\t\t\tSPD will Kita-Geb\u00fchren abschaffen, AfD F\u00f6rderschulen st\u00e4rken<\/p>\n<p>    <a href=\"https:\/\/www.ruhrnachrichten.de\/wp-content\/uploads\/2025\/07\/21\/11\/630_0900_4889347_Untitled_design_3_-1646x824.jpg\" target=\"_blank\" rel=\"noopener\"><\/p>\n<p>            <img loading=\"lazy\" decoding=\"async\" src=\"https:\/\/www.europesays.com\/de\/wp-content\/uploads\/2025\/07\/630_0900_4889346_Untitled_design_3_-640x428.jpg\" width=\"640\" height=\"428\"  alt=\"Die Spitzenkandidaten der gr\u00f6\u00dften Parteien f\u00fcr die Ratswahl 2025 (v.l.): Michael Kauch (FDP), Heiner Garbe (AfD), Katrin L\u00f6gering (Gr\u00fcne), Thomas Westphal (SPD), Jendrik Suck (CDU), Utz Kowalewski (Linke). Im Hintergrund: eine Kita-Tafel zum Lernen von Buchstaben.\"\/><\/p>\n<p>    <\/a><br \/>\n    Die Spitzenkandidaten der gr\u00f6\u00dften Parteien f\u00fcr die Ratswahl 2025 (v.l.): Michael Kauch (FDP), Heiner Garbe (AfD), Katrin L\u00f6gering (Gr\u00fcne), Thomas Westphal (SPD), Jendrik Suck (CDU), Utz Kowalewski (Linke). Im Hintergrund: eine Kita-Tafel zum Lernen von Buchstaben. \u00a9 Thiel (Montage)<\/p>\n<p class=\"article__teaser-text\">Dortmund w\u00e4hlt im September einen neuen Stadtrat. Doch wof\u00fcr stehen die Parteien? Wir nehmen ihre Wahlprogramme unter die Lupe. Heute: Kinder und Familie.<\/p>\n<p>5 Min Lesezeit<\/p>\n<p>SPD will Kita-Geb\u00fchren komplett abschaffenCDU: Wohnortnaher Ausbau von KitasGr\u00fcne: Umfassendes SchulbauprogrammAfD: Kinderklinik-Neubau statt \u201eJunge B\u00fchne\u201cLinke: Betreuungsschl\u00fcssel von 1:5 in KitasFDP: Echte Wahlfreiheit bei Kinderbetreuung<\/p>\n","protected":false},"excerpt":{"rendered":"Unser Wahlprogramm-Check SPD will Kita-Geb\u00fchren abschaffen, AfD F\u00f6rderschulen st\u00e4rken Die Spitzenkandidaten der gr\u00f6\u00dften Parteien f\u00fcr die Ratswahl 2025&hellip;\n","protected":false},"author":2,"featured_media":284135,"comment_status":"","ping_status":"","sticky":false,"template":"","format":"standard","meta":{"footnotes":""},"categories":[1833],"tags":[3364,29,217,30,11817,3648,1209],"class_list":{"0":"post-284134","1":"post","2":"type-post","3":"status-publish","4":"format-standard","5":"has-post-thumbnail","7":"category-dortmund","8":"tag-de","9":"tag-deutschland","10":"tag-dortmund","11":"tag-germany","12":"tag-kommunalwahl-2025","13":"tag-lokalpolitik","14":"tag-nordrhein-westfalen"},"share_on_mastodon":{"url":"https:\/\/pubeurope.com\/@de\/114894888318189315","error":""},"_links":{"self":[{"href":"https:\/\/www.europesays.com\/de\/wp-json\/wp\/v2\/posts\/284134","targetHints":{"allow":["GET"]}}],"collection":[{"href":"https:\/\/www.europesays.com\/de\/wp-json\/wp\/v2\/posts"}],"about":[{"href":"https:\/\/www.europesays.com\/de\/wp-json\/wp\/v2\/types\/post"}],"author":[{"embeddable":true,"href":"https:\/\/www.europesays.com\/de\/wp-json\/wp\/v2\/users\/2"}],"replies":[{"embeddable":true,"href":"https:\/\/www.europesays.com\/de\/wp-json\/wp\/v2\/comments?post=284134"}],"version-history":[{"count":0,"href":"https:\/\/www.europesays.com\/de\/wp-json\/wp\/v2\/posts\/284134\/revisions"}],"wp:featuredmedia":[{"embeddable":true,"href":"https:\/\/www.europesays.com\/de\/wp-json\/wp\/v2\/media\/284135"}],"wp:attachment":[{"href":"https:\/\/www.europesays.com\/de\/wp-json\/wp\/v2\/media?parent=284134"}],"wp:term":[{"taxonomy":"category","embeddable":true,"href":"https:\/\/www.europesays.com\/de\/wp-json\/wp\/v2\/categories?post=284134"},{"taxonomy":"post_tag","embeddable":true,"href":"https:\/\/www.europesays.com\/de\/wp-json\/wp\/v2\/tags?post=284134"}],"curies":[{"name":"wp","href":"https:\/\/api.w.org\/{rel}","templated":true}]}}