{"id":284163,"date":"2025-07-22T04:14:17","date_gmt":"2025-07-22T04:14:17","guid":{"rendered":"https:\/\/www.europesays.com\/de\/284163\/"},"modified":"2025-07-22T04:14:17","modified_gmt":"2025-07-22T04:14:17","slug":"berlin-brandenburg-1-600-angriffe-und-drohungen-mit-messern-im-1-halbjahr-2025","status":"publish","type":"post","link":"https:\/\/www.europesays.com\/de\/284163\/","title":{"rendered":"Berlin &#038; Brandenburg: 1.600 Angriffe und Drohungen mit Messern im 1. Halbjahr 2025"},"content":{"rendered":"<p>                    Berlin &amp; Brandenburg<br \/>\n                1.600 Angriffe und Drohungen mit Messern im 1. Halbjahr 2025<\/p>\n<p>\t\t\t\t              22.07.2025, 05:33 Uhr<\/p>\n<p><strong>Die Zahl ist in Relation zum Vorjahr leicht gesunken, aber immer noch hoch. Delikte mit Messers sind ein t\u00e4gliches Problem der Berliner Polizei.<\/strong><\/p>\n<p>Berlin (dpa\/bb) &#8211; 1.598 Straftaten mit Messern hat die Berliner Polizei im ersten Halbjahr 2025 erfasst. Dazu z\u00e4hlen Angriffe mit Messern ebenso wie Drohungen, wie Senat und Polizei in einer Antwort auf eine AfD-Anfrage mitteilten. Das w\u00e4re auf das ganze Jahr umgerechnet ein R\u00fcckgang gegen\u00fcber dem Vorjahr.\u00a0<\/p>\n<p>Im gesamten Jahr 2024 waren es 3.412 Delikte mit Einsatz eines Messers, die angezeigt wurden. Das waren zwei Prozent weniger gez\u00e4hlte Taten im Vergleich zu 2023.\u00a0<\/p>\n<p>Straft\u00e4ter mit Messer meist bereits polizeibekannt<\/p>\n<p>Im aktuellen ersten Halbjahr ermittelte die Polizei in 1.108 F\u00e4llen einen mutma\u00dflichen T\u00e4ter. Die meisten waren m\u00e4nnlich und bereits polizeibekannt. Von den 1.108 waren 964 Erwachsene, 106 Jugendliche zwischen 14 und 17 Jahren und 56 j\u00fcnger als 14 Jahre. Dazu kamen einige, deren Alter nicht bekannt ist. 48 Prozent (527) der Verd\u00e4chtigen hatten die deutsche Nationalit\u00e4t. Es folgten in der Statistik Syrer (81), T\u00fcrken (75) und Afghanen (40).\u00a0<\/p>\n<p>Orte: Alexanderplatz, Wedding, Kreuzberg, Neuk\u00f6lln<\/p>\n<p>Am meisten F\u00e4lle wurden in folgenden sogenannten Bezirksregionen registriert: Alexanderplatz (58), Wedding Zentrum (54), Tempelhofer Vorstadt in Kreuzberg (46), Reuterstra\u00dfe (39) und Neuk\u00f6llner Mitte\/Zentrum (37).\u00a0<\/p>\n<p>Zuletzt hatten Senat und Polizei angesichts der vielen Straftaten Messerverbote f\u00fcr mehrere Gebiete in Berlin sowie den gesamten Nahverkehr aus Bahnen, Bussen und Bahnh\u00f6fen erlassen.\u00a0<\/p>\n<p>Die von der AfD erfragten Vornamen der Verd\u00e4chtigen nennt der Senat nicht, weil es ein &#8222;erhebliches Missbrauchsrisiko&#8220; durch die Erstellung eines Zusammenhangs zwischen ethnischer Zugeh\u00f6rigkeit und der H\u00e4ufigkeit bestimmter Straftaten gebe.<\/p>\n","protected":false},"excerpt":{"rendered":"Berlin &amp; Brandenburg 1.600 Angriffe und Drohungen mit Messern im 1. Halbjahr 2025 22.07.2025, 05:33 Uhr Die Zahl&hellip;\n","protected":false},"author":2,"featured_media":284164,"comment_status":"","ping_status":"","sticky":false,"template":"","format":"standard","meta":{"footnotes":""},"categories":[1816],"tags":[1960,1958,1959,1957,19533,296,1956,1890,29,9016,30,73390,60663],"class_list":{"0":"post-284163","1":"post","2":"type-post","3":"status-publish","4":"format-standard","5":"has-post-thumbnail","7":"category-brandenburg","8":"tag-aktuelle-nachrichten-aus-berlin-und-brandenburg","9":"tag-aktuelle-nachrichten-aus-brandenburg","10":"tag-aktuelle-news-aus-berlin-und-brandenburg","11":"tag-aktuelle-news-aus-brandenburg","12":"tag-angriffe","13":"tag-berlin","14":"tag-berlin-und-brandenburg","15":"tag-brandenburg","16":"tag-deutschland","17":"tag-drohungen","18":"tag-germany","19":"tag-halbjahr","20":"tag-messern"},"share_on_mastodon":{"url":"https:\/\/pubeurope.com\/@de\/114894947142185827","error":""},"_links":{"self":[{"href":"https:\/\/www.europesays.com\/de\/wp-json\/wp\/v2\/posts\/284163","targetHints":{"allow":["GET"]}}],"collection":[{"href":"https:\/\/www.europesays.com\/de\/wp-json\/wp\/v2\/posts"}],"about":[{"href":"https:\/\/www.europesays.com\/de\/wp-json\/wp\/v2\/types\/post"}],"author":[{"embeddable":true,"href":"https:\/\/www.europesays.com\/de\/wp-json\/wp\/v2\/users\/2"}],"replies":[{"embeddable":true,"href":"https:\/\/www.europesays.com\/de\/wp-json\/wp\/v2\/comments?post=284163"}],"version-history":[{"count":0,"href":"https:\/\/www.europesays.com\/de\/wp-json\/wp\/v2\/posts\/284163\/revisions"}],"wp:featuredmedia":[{"embeddable":true,"href":"https:\/\/www.europesays.com\/de\/wp-json\/wp\/v2\/media\/284164"}],"wp:attachment":[{"href":"https:\/\/www.europesays.com\/de\/wp-json\/wp\/v2\/media?parent=284163"}],"wp:term":[{"taxonomy":"category","embeddable":true,"href":"https:\/\/www.europesays.com\/de\/wp-json\/wp\/v2\/categories?post=284163"},{"taxonomy":"post_tag","embeddable":true,"href":"https:\/\/www.europesays.com\/de\/wp-json\/wp\/v2\/tags?post=284163"}],"curies":[{"name":"wp","href":"https:\/\/api.w.org\/{rel}","templated":true}]}}