{"id":284578,"date":"2025-07-22T08:08:10","date_gmt":"2025-07-22T08:08:10","guid":{"rendered":"https:\/\/www.europesays.com\/de\/284578\/"},"modified":"2025-07-22T08:08:10","modified_gmt":"2025-07-22T08:08:10","slug":"theologin-christine-wenona-hoffmann-ausgezeichnet","status":"publish","type":"post","link":"https:\/\/www.europesays.com\/de\/284578\/","title":{"rendered":"Theologin Christine Wenona Hoffmann ausgezeichnet"},"content":{"rendered":"<p><img fetchpriority=\"high\" decoding=\"async\" width=\"650\" height=\"450\" src=\"https:\/\/www.europesays.com\/de\/wp-content\/uploads\/2025\/07\/christine-wenona-hoffmann-c-dennis-ahaus.jpg\" alt=\"Christine Wenona Hoffmann. \u00a9 Dennis Ahaus\" class=\"wp-image-84909\"  \/>Christine Wenona Hoffmann. \u00a9 Dennis Ahaus<\/p>\n<p>Der \u201eLeonore Siegele-Wenschkewitz Preis\u201c, kurz \u201e<a href=\"https:\/\/www.ekhn.de\/themen\/aktuelles\/ekhn-news\/leonore-preis-2025-geht-an-drei-wissenschaftlerinnen\" target=\"_blank\" rel=\"noreferrer noopener nofollow\">Leonore-Preis<\/a>\u201c, mit dem herausragende Leistungen in Bezug auf Feministische Theologie oder Gender Studies in der Theologie gew\u00fcrdigt werden, geht 2025 zu gleichen Teilen an Christine Wenona Hoffmann, Professorin an der Goethe-Universit\u00e4t Frankfurt, und an Christiane Nagel, Privatdozentin in Marburg.<br \/>Christine Wenona Hoffmann wird f\u00fcr die Lehrveranstaltung und damit verbundene Exkursionen zum Thema \u201eIdentit\u00e4t und Diversit\u00e4t als Thema von Gottesdienst und Predigt\u201c geehrt. Hoffmann hat am Fachbereich \u201eEvangelische Theologie\u201c die Professur f\u00fcr \u201ePraktische Theologie\u201c inne; sie erforscht an der Goethe-Universit\u00e4t, wie sich kirchliches sowie religi\u00f6ses Handeln im t\u00e4glichen Leben \u00e4u\u00dferst und sichtbar wird und wie sich das mit wissenschaftlichen Methoden untersuchen und nachvollziehen l\u00e4sst.<br \/>Christiane Nagel wird f\u00fcr ihre Habilitationsschrift \u201e,Gute Theologie\u2018? Positionalit\u00e4t des forschenden Subjekts und theologische Wissenschaftsethik. Suchbewegungen in postkolonialer, gender- und queertheoretischer Perspektive am Beispiel der Anthropologie Mayra Riveras\u201c ausgezeichnet.<\/p>\n<p>Sowohl Forschungsarbeiten als auch Projekte kommen f\u00fcr die alle zwei Jahre von dem Verein zur F\u00f6rderung Feministischer Theologie in Forschung und Lehre verliehene Auszeichnung in Frage. Lehrveranstaltungen hat der Vorstand des Vereins 2025 erstmals als preisw\u00fcrdig aufgenommen. Traditionell gibt es auch einen Leonore-Nachwuchspreis der Evangelischen Frauen in Hessen und Nassau e.V., er wird bei der Verleihung am Sonntag, 2. November 2025, um 14 Uhr in der Evangelischen Akademie Frankfurt an Nasreen Sarah Shah gehen.<\/p>\n","protected":false},"excerpt":{"rendered":"Christine Wenona Hoffmann. \u00a9 Dennis Ahaus Der \u201eLeonore Siegele-Wenschkewitz Preis\u201c, kurz \u201eLeonore-Preis\u201c, mit dem herausragende Leistungen in Bezug&hellip;\n","protected":false},"author":2,"featured_media":284579,"comment_status":"","ping_status":"","sticky":false,"template":"","format":"standard","meta":{"footnotes":""},"categories":[1829],"tags":[29,65672,2050,2051,30,2052],"class_list":{"0":"post-284578","1":"post","2":"type-post","3":"status-publish","4":"format-standard","5":"has-post-thumbnail","7":"category-frankfurt-am-main","8":"tag-deutschland","9":"tag-evangelische-theologie","10":"tag-frankfurt","11":"tag-frankfurt-am-main","12":"tag-germany","13":"tag-hessen"},"share_on_mastodon":{"url":"https:\/\/pubeurope.com\/@de\/114895867476879472","error":""},"_links":{"self":[{"href":"https:\/\/www.europesays.com\/de\/wp-json\/wp\/v2\/posts\/284578","targetHints":{"allow":["GET"]}}],"collection":[{"href":"https:\/\/www.europesays.com\/de\/wp-json\/wp\/v2\/posts"}],"about":[{"href":"https:\/\/www.europesays.com\/de\/wp-json\/wp\/v2\/types\/post"}],"author":[{"embeddable":true,"href":"https:\/\/www.europesays.com\/de\/wp-json\/wp\/v2\/users\/2"}],"replies":[{"embeddable":true,"href":"https:\/\/www.europesays.com\/de\/wp-json\/wp\/v2\/comments?post=284578"}],"version-history":[{"count":0,"href":"https:\/\/www.europesays.com\/de\/wp-json\/wp\/v2\/posts\/284578\/revisions"}],"wp:featuredmedia":[{"embeddable":true,"href":"https:\/\/www.europesays.com\/de\/wp-json\/wp\/v2\/media\/284579"}],"wp:attachment":[{"href":"https:\/\/www.europesays.com\/de\/wp-json\/wp\/v2\/media?parent=284578"}],"wp:term":[{"taxonomy":"category","embeddable":true,"href":"https:\/\/www.europesays.com\/de\/wp-json\/wp\/v2\/categories?post=284578"},{"taxonomy":"post_tag","embeddable":true,"href":"https:\/\/www.europesays.com\/de\/wp-json\/wp\/v2\/tags?post=284578"}],"curies":[{"name":"wp","href":"https:\/\/api.w.org\/{rel}","templated":true}]}}