{"id":284999,"date":"2025-07-22T12:05:16","date_gmt":"2025-07-22T12:05:16","guid":{"rendered":"https:\/\/www.europesays.com\/de\/284999\/"},"modified":"2025-07-22T12:05:16","modified_gmt":"2025-07-22T12:05:16","slug":"deutsche-meisterschaft-zieht-ab-2026-nach-dortmund","status":"publish","type":"post","link":"https:\/\/www.europesays.com\/de\/284999\/","title":{"rendered":"Deutsche Meisterschaft zieht ab 2026 nach Dortmund"},"content":{"rendered":"\n<p>Die Deutschen Beachvolleyball-Meisterschaften finden ab 2026 in Dortmund statt.<\/p>\n<p>Wie der Deutsche Volleyball-Verband (DVV) am Dienstag bekannt gab, setzte sich der Standort in einem &#8222;konzeptoffenen Wettbewerbsverfahren&#8220; des DVV und der NBO Event GmbH, einem Unternehmen der Spontent-Gruppe, &#8222;gegen zahlreiche Mitbewerber durch&#8220;. Seit 1993 fanden die Wettbewerbe traditionell in Timmendorfer Strand statt, nun steht in diesem Jahr (4. bis 7. September) die vorerst letzte Austragung an der Ostsee bevor.<\/p>\n<p>&#8222;Mit Dortmund haben wir den idealen Partner f\u00fcr dieses Gro\u00dfevent gefunden&#8220;, sagte Alexander Walkenhorst, Gesch\u00e4ftsf\u00fchrer der NBO Event GmbH: &#8222;Das Einzugsgebiet und die \u00f6rtlichen Infrastrukturen bringen alles mit, um das Event in Gr\u00f6\u00dfe und Strahlkraft weiterzuentwickeln. Unser Ziel ist es, aus den Deutschen Meisterschaften das gr\u00f6\u00dfte Beachvolleyball-Turnier der Welt zu machen.&#8220;<\/p>\n<p>Im Revierpark Wischlingen sollen dann \u00fcber 6000 Fans den Duos im Sand zuschauen k\u00f6nnen &#8211; deutlich mehr als in Timmendorfer Strand, wo die Deutschen Meisterschaften in den vergangenen Jahren laut DVV &#8222;regelm\u00e4\u00dfig bereits Monate im Voraus restlos ausverkauft&#8220; waren.<\/p>\n<p>&#8222;Timmendorfer Strand hat die Beach-DM \u00fcber Jahrzehnte hinweg gepr\u00e4gt und entscheidend zur Entwicklung unseres Sports beigetragen. Diese lange und erfolgreiche Zusammenarbeit sch\u00e4tzen wir sehr&#8220;, sagte DVV-Pr\u00e4sident Markus Dieckmann: &#8222;Mit dem Umzug gehen wir nun einen wichtigen Schritt f\u00fcr die Entwicklung der Sportart Beachvolleyball. Die Kapazit\u00e4ten vor Ort erm\u00f6glichen uns, die Meisterschaften auf ein neues Level zu heben.&#8220;<\/p>\n","protected":false},"excerpt":{"rendered":"Die Deutschen Beachvolleyball-Meisterschaften finden ab 2026 in Dortmund statt. Wie der Deutsche Volleyball-Verband (DVV) am Dienstag bekannt gab,&hellip;\n","protected":false},"author":2,"featured_media":285000,"comment_status":"","ping_status":"","sticky":false,"template":"","format":"standard","meta":{"footnotes":""},"categories":[1833],"tags":[5248,3364,29,217,30,1209,84161],"class_list":{"0":"post-284999","1":"post","2":"type-post","3":"status-publish","4":"format-standard","5":"has-post-thumbnail","7":"category-dortmund","8":"tag-beachvolleyball","9":"tag-de","10":"tag-deutschland","11":"tag-dortmund","12":"tag-germany","13":"tag-nordrhein-westfalen","14":"tag-sport-de-sport-mix"},"share_on_mastodon":{"url":"https:\/\/pubeurope.com\/@de\/114896799220173443","error":""},"_links":{"self":[{"href":"https:\/\/www.europesays.com\/de\/wp-json\/wp\/v2\/posts\/284999","targetHints":{"allow":["GET"]}}],"collection":[{"href":"https:\/\/www.europesays.com\/de\/wp-json\/wp\/v2\/posts"}],"about":[{"href":"https:\/\/www.europesays.com\/de\/wp-json\/wp\/v2\/types\/post"}],"author":[{"embeddable":true,"href":"https:\/\/www.europesays.com\/de\/wp-json\/wp\/v2\/users\/2"}],"replies":[{"embeddable":true,"href":"https:\/\/www.europesays.com\/de\/wp-json\/wp\/v2\/comments?post=284999"}],"version-history":[{"count":0,"href":"https:\/\/www.europesays.com\/de\/wp-json\/wp\/v2\/posts\/284999\/revisions"}],"wp:featuredmedia":[{"embeddable":true,"href":"https:\/\/www.europesays.com\/de\/wp-json\/wp\/v2\/media\/285000"}],"wp:attachment":[{"href":"https:\/\/www.europesays.com\/de\/wp-json\/wp\/v2\/media?parent=284999"}],"wp:term":[{"taxonomy":"category","embeddable":true,"href":"https:\/\/www.europesays.com\/de\/wp-json\/wp\/v2\/categories?post=284999"},{"taxonomy":"post_tag","embeddable":true,"href":"https:\/\/www.europesays.com\/de\/wp-json\/wp\/v2\/tags?post=284999"}],"curies":[{"name":"wp","href":"https:\/\/api.w.org\/{rel}","templated":true}]}}