{"id":285421,"date":"2025-07-22T15:51:10","date_gmt":"2025-07-22T15:51:10","guid":{"rendered":"https:\/\/www.europesays.com\/de\/285421\/"},"modified":"2025-07-22T15:51:10","modified_gmt":"2025-07-22T15:51:10","slug":"abgeordnete-aus-der-region-zu-bahnplaenen","status":"publish","type":"post","link":"https:\/\/www.europesays.com\/de\/285421\/","title":{"rendered":"Abgeordnete aus der Region zu Bahnpl\u00e4nen"},"content":{"rendered":"<p>          Abgeordnete aus der Region zu Bahnpl\u00e4nen        \u201eLangsam hat man das Gef\u00fchl, wenn die eine Sperrung durch ist, startet direkt die n\u00e4chste\u201c<\/p>\n<p class=\"text-50 desktop:text-70 park-container-small px-6 mb-10 desktop:mb-14\">Exklusiv | Bonn \u00b7 <strong data-cy=\"intro\">Die geplante Sperrung der Bahnstrecke zwischen K\u00f6ln-Hauptbahnhof und K\u00f6ln-S\u00fcd sorgt f\u00fcr Kritik: 17 Monate k\u00f6nnten Reisende k\u00fcnftig nicht mehr direkt vom Bonner zum K\u00f6lner Hauptbahnhof fahren. Nun \u00e4u\u00dfern sich auch Abgeordnete aus der Region zu den Pl\u00e4nen.<\/strong><\/p>\n<p>                <img class=\"absolute inset-0 w-full h-full object-cover aspect-[16\/10] opacity-0 transition-opacity animated\" onload=\"this.style.opacity = '1';\" src=\"https:\/\/www.europesays.com\/de\/wp-content\/uploads\/2025\/07\/w2100_h1313_x1500_y1000_DPA_bfunk_dpa_5FB4AC00B204EA3C-8daeda6daeaac1a4.jpg\"  alt=\" Der K\u00f6lner Hauptbahnhof k\u00f6nnte f\u00fcr Bonnerinnen und Bonner bald schwierig zu erreichen sein. \" fetchpriority=\"high\" decoding=\"async\" data-park-image-img=\"\"\/><\/p>\n","protected":false},"excerpt":{"rendered":"Abgeordnete aus der Region zu Bahnpl\u00e4nen \u201eLangsam hat man das Gef\u00fchl, wenn die eine Sperrung durch ist, startet&hellip;\n","protected":false},"author":2,"featured_media":285422,"comment_status":"","ping_status":"","sticky":false,"template":"","format":"standard","meta":{"footnotes":""},"categories":[1842],"tags":[1741,3364,29,30,1209],"class_list":{"0":"post-285421","1":"post","2":"type-post","3":"status-publish","4":"format-standard","5":"has-post-thumbnail","7":"category-bonn","8":"tag-bonn","9":"tag-de","10":"tag-deutschland","11":"tag-germany","12":"tag-nordrhein-westfalen"},"share_on_mastodon":{"url":"https:\/\/pubeurope.com\/@de\/114897687925572402","error":""},"_links":{"self":[{"href":"https:\/\/www.europesays.com\/de\/wp-json\/wp\/v2\/posts\/285421","targetHints":{"allow":["GET"]}}],"collection":[{"href":"https:\/\/www.europesays.com\/de\/wp-json\/wp\/v2\/posts"}],"about":[{"href":"https:\/\/www.europesays.com\/de\/wp-json\/wp\/v2\/types\/post"}],"author":[{"embeddable":true,"href":"https:\/\/www.europesays.com\/de\/wp-json\/wp\/v2\/users\/2"}],"replies":[{"embeddable":true,"href":"https:\/\/www.europesays.com\/de\/wp-json\/wp\/v2\/comments?post=285421"}],"version-history":[{"count":0,"href":"https:\/\/www.europesays.com\/de\/wp-json\/wp\/v2\/posts\/285421\/revisions"}],"wp:featuredmedia":[{"embeddable":true,"href":"https:\/\/www.europesays.com\/de\/wp-json\/wp\/v2\/media\/285422"}],"wp:attachment":[{"href":"https:\/\/www.europesays.com\/de\/wp-json\/wp\/v2\/media?parent=285421"}],"wp:term":[{"taxonomy":"category","embeddable":true,"href":"https:\/\/www.europesays.com\/de\/wp-json\/wp\/v2\/categories?post=285421"},{"taxonomy":"post_tag","embeddable":true,"href":"https:\/\/www.europesays.com\/de\/wp-json\/wp\/v2\/tags?post=285421"}],"curies":[{"name":"wp","href":"https:\/\/api.w.org\/{rel}","templated":true}]}}