{"id":28554,"date":"2025-04-13T12:26:13","date_gmt":"2025-04-13T12:26:13","guid":{"rendered":"https:\/\/www.europesays.com\/de\/28554\/"},"modified":"2025-04-13T12:26:13","modified_gmt":"2025-04-13T12:26:13","slug":"leipziger-modellschule-zieht-in-die-alte-post-%c2%b7-leipziger-zeitung","status":"publish","type":"post","link":"https:\/\/www.europesays.com\/de\/28554\/","title":{"rendered":"Leipziger Modellschule zieht in die Alte Post \u00b7 Leipziger Zeitung"},"content":{"rendered":"<p>Die Leipziger Modellschule (LEMO) hat am 3. April 2025 offiziell den Mietvertrag f\u00fcr ihr neues Schulgeb\u00e4ude in der Alten Post in Leipzig-Gr\u00fcnau unterzeichnet. Mit dem f\u00fcr Sommer 2026 geplanten Umzug er\u00f6ffnet sich nicht nur f\u00fcr die Schule, sondern f\u00fcr den gesamten Stadtteil eine Zukunftsperspektive: Ein Ort, der Lernen, Leben und Teilhabe miteinander verbindet, wird in einem lange ungenutzten und stadtbildpr\u00e4genden Geb\u00e4ude realisiert.<\/p>\n<p>Die<a href=\"http:\/\/www.leipzigermodellschule.de\" target=\"_blank\" rel=\"noopener nofollow\"> LEMO \u2013 als erste genehmigte Gemeinschaftsschule nach dem neuen s\u00e4chsischen Schulgesetz<\/a> \u2013 verfolgt seit ihrer Gr\u00fcndung 2021 die Vision von \u201eGuter Bildung f\u00fcr alle\u201c. Kinder und Jugendliche lernen hier von Klasse 1 bis 12 gemeinsam, inklusiv, projektorientiert und mit starkem Bezug zu ihrem unmittelbaren Sozialraum. Mit dem neuen Standort in der Alten Post w\u00e4chst die Schule weiter \u2013 r\u00e4umlich und in ihrer gesellschaftlichen Wirkung.<\/p>\n<p>\u201eDie Alte Post wird zu einem offenen Bildungsort mit Strahlkraft\u201c, sagt Prof. Dr. Gerlind Gro\u00dfe, Gesch\u00e4ftsf\u00fchrerin der LEMO. \u201eWir schaffen hier einen Lebens- und Lernraum f\u00fcr Kinder und Jugendliche \u2013 und gleichzeitig einen Begegnungsort im Zentrum von Gr\u00fcnau-Mitte, zu dem wir alle Menschen jeden Alters einladen, mit offenen Werkst\u00e4tten, Bildungsangeboten, Kulturprojekten, Sport- und Begegnungsr\u00e4umen.\u201c<\/p>\n<p>Besonders hervorzuheben sei die sozialraumorientierte Ausrichtung des Schulkonzepts: Die Leipziger Modellschule versteht sich als Teil des Quartiers und gestaltet ihre Angebote aktiv im Austausch mit Vereinen, Initiativen und B\u00fcrger\/-innen. Formate f\u00fcr generations\u00fcbergreifendes Lernen, Fortbildungen, Begegnungscaf\u00e9s, B\u00fcrgergartenprojekte und Werkst\u00e4tten sollen in enger Zusammenarbeit mit Akteur\/-innen aus dem Stadtteil entstehen.<\/p>\n<p><img loading=\"lazy\" decoding=\"async\" class=\"wp-image-622030 size-full\" src=\"https:\/\/www.europesays.com\/de\/wp-content\/uploads\/2025\/04\/Vor-der-Alten-Post_frei.jpg\" alt=\"Vor der Alten Post: Kristin Narr (Schulleiterin, im Vordergrund), Prof. Dr. Gerlind Gro\u00dfe (Gesch\u00e4ftsf\u00fchrerin des Schultr\u00e4gers, hinten links), Alessandra Ullrich (Lehrkraft im Oberschulbereich, hinten rechts). Foto: LEMO\" width=\"2250\" height=\"1499\"  \/>Vor der Alten Post: Kristin Narr (Schulleiterin, im Vordergrund), Prof. Dr. Gerlind Gro\u00dfe (Gesch\u00e4ftsf\u00fchrerin des Schultr\u00e4gers, hinten links), Alessandra Ullrich (Lehrkraft im Oberschulbereich, hinten rechts). Foto: LEMO<\/p>\n<p>Nach jahrelangem Leerstand wird mit dem Einzug der LEMO das Geb\u00e4ude der Alten Post \u2013 zentral gelegen an der Stuttgarter Allee \u2013\u00a0endlich wieder mit Leben gef\u00fcllt. Die Resonanz im Stadtteil sei gro\u00df, denn viele B\u00fcrger\/-innen verbinden mit dem Objekt Erinnerungen und Hoffnungen, erkl\u00e4rt Gerlind Gro\u00dfe. Nun werde es zu einem Ort, der nicht nur erhalten, sondern neu und gemeinsam gedacht wird:\u00a0als moderner Bildungsort mit Modellcharakter.<\/p>\n<p>F\u00fcr die bauliche Entwicklung zeichnet die Stadtbau AG verantwortlich, mit der die LEMO den Mietvertrag abschlie\u00dft. Ziel sei die Schaffung eines zeitgem\u00e4\u00dfen, flexiblen und inklusiven Lernraums, der die p\u00e4dagogischen Konzepte der Schule r\u00e4umlich unterst\u00fctzt \u2013 mit Lernlandschaften, offenen Ateliers, R\u00fcckzugsorten, einer Aula der Begegnung und gemeinschaftlich genutzten Fl\u00e4chen, so Gerlind Gro\u00dfe.<\/p>\n<p>Hannes Koefer, Projektverantwortlicher bei der Stadtbau AG, betont: \u201eMit der Alten Post wird nicht nur ein leerstehendes Geb\u00e4ude revitalisiert, sondern ein bedeutender Lern- und Lebensraum f\u00fcr Kinder, Jugendliche und den gesamten Stadtteil geschaffen. Die LEMO steht f\u00fcr ein zukunftsweisendes Schulkonzept \u2013 wir freuen uns sehr, diesen Prozess als Partner begleiten und architektonisch durch das B\u00fcro Architektur von Domaros mitgestalten zu d\u00fcrfen.\u201c<\/p>\n<p>Mit dem neuen Standort legt die LEMO den Grundstein f\u00fcr den weiteren Ausbau zum\u00a0Leipziger\u00a0Modell \u2013 Bildungscampus Gr\u00fcnau-Mitte. Bereits jetzt lernen 75\u00a0Kinder und Jugendliche an der Schule. In der Alten Post k\u00f6nnen bis zu 400 Sch\u00fcler\/-innen lernen. Langfristig soll die Schule auf dem Grundst\u00fcck in der Offenburger Stra\u00dfe auf eine dreiz\u00fcgige Campusschule mit einer kooperierenden Kita, Angeboten f\u00fcr Familien, Jugendwohngruppen, Sporthalle und stadtteiloffenen Angeboten anwachsen.<\/p>\n","protected":false},"excerpt":{"rendered":"Die Leipziger Modellschule (LEMO) hat am 3. April 2025 offiziell den Mietvertrag f\u00fcr ihr neues Schulgeb\u00e4ude in der&hellip;\n","protected":false},"author":2,"featured_media":28555,"comment_status":"","ping_status":"","sticky":false,"template":"","format":"standard","meta":{"footnotes":"","_share_on_mastodon":"0"},"categories":[1832],"tags":[3364,29,30,16112,71,16113,859],"class_list":["post-28554","post","type-post","status-publish","format-standard","has-post-thumbnail","category-leipzig","tag-de","tag-deutschland","tag-germany","tag-gruenau","tag-leipzig","tag-lemo","tag-sachsen"],"share_on_mastodon":{"url":"https:\/\/pubeurope.com\/@de\/114330650845901514","error":""},"_links":{"self":[{"href":"https:\/\/www.europesays.com\/de\/wp-json\/wp\/v2\/posts\/28554","targetHints":{"allow":["GET"]}}],"collection":[{"href":"https:\/\/www.europesays.com\/de\/wp-json\/wp\/v2\/posts"}],"about":[{"href":"https:\/\/www.europesays.com\/de\/wp-json\/wp\/v2\/types\/post"}],"author":[{"embeddable":true,"href":"https:\/\/www.europesays.com\/de\/wp-json\/wp\/v2\/users\/2"}],"replies":[{"embeddable":true,"href":"https:\/\/www.europesays.com\/de\/wp-json\/wp\/v2\/comments?post=28554"}],"version-history":[{"count":0,"href":"https:\/\/www.europesays.com\/de\/wp-json\/wp\/v2\/posts\/28554\/revisions"}],"wp:featuredmedia":[{"embeddable":true,"href":"https:\/\/www.europesays.com\/de\/wp-json\/wp\/v2\/media\/28555"}],"wp:attachment":[{"href":"https:\/\/www.europesays.com\/de\/wp-json\/wp\/v2\/media?parent=28554"}],"wp:term":[{"taxonomy":"category","embeddable":true,"href":"https:\/\/www.europesays.com\/de\/wp-json\/wp\/v2\/categories?post=28554"},{"taxonomy":"post_tag","embeddable":true,"href":"https:\/\/www.europesays.com\/de\/wp-json\/wp\/v2\/tags?post=28554"}],"curies":[{"name":"wp","href":"https:\/\/api.w.org\/{rel}","templated":true}]}}