{"id":285549,"date":"2025-07-22T17:00:24","date_gmt":"2025-07-22T17:00:24","guid":{"rendered":"https:\/\/www.europesays.com\/de\/285549\/"},"modified":"2025-07-22T17:00:24","modified_gmt":"2025-07-22T17:00:24","slug":"cold-case-bochum-verdaechtiger-wieder-auf-freiem-fuss","status":"publish","type":"post","link":"https:\/\/www.europesays.com\/de\/285549\/","title":{"rendered":"Cold Case Bochum: Verd\u00e4chtiger wieder auf freiem Fu\u00df"},"content":{"rendered":"<p>Bochum: Haftbefehl au\u00dfer Vollzug<\/p>\n<p>Der Angeklagten im Prozess um den Mord vor 29 Jahren in Wattenscheid ist auf freiem Fu\u00df. Das Landgericht Bochum hat den Haftbefehl gegen Auflagen au\u00dfer Vollzug gesetzt. Zuvor hatte der Rechtsmediziner sein Gutachten erstattet. Danach war ein heimt\u00fcckischer Angriff sehr unwahrscheinlich. Und damit wird jetzt auch eine Verurteilung wegen Mordes sehr unwahrscheinlich. Der Angeklagte war vor gut zwei Jahren nach einem DNA-Abgleich in England festgenommen worden.<\/p>\n","protected":false},"excerpt":{"rendered":"Bochum: Haftbefehl au\u00dfer Vollzug Der Angeklagten im Prozess um den Mord vor 29 Jahren in Wattenscheid ist auf&hellip;\n","protected":false},"author":2,"featured_media":285550,"comment_status":"","ping_status":"","sticky":false,"template":"","format":"standard","meta":{"footnotes":""},"categories":[1839],"tags":[7507,14466,3364,29,1993,30,1209],"class_list":{"0":"post-285549","1":"post","2":"type-post","3":"status-publish","4":"format-standard","5":"has-post-thumbnail","7":"category-bochum","8":"tag-bochum","9":"tag-cold-case","10":"tag-de","11":"tag-deutschland","12":"tag-gerichte","13":"tag-germany","14":"tag-nordrhein-westfalen"},"share_on_mastodon":{"url":"https:\/\/pubeurope.com\/@de\/114897959355648238","error":""},"_links":{"self":[{"href":"https:\/\/www.europesays.com\/de\/wp-json\/wp\/v2\/posts\/285549","targetHints":{"allow":["GET"]}}],"collection":[{"href":"https:\/\/www.europesays.com\/de\/wp-json\/wp\/v2\/posts"}],"about":[{"href":"https:\/\/www.europesays.com\/de\/wp-json\/wp\/v2\/types\/post"}],"author":[{"embeddable":true,"href":"https:\/\/www.europesays.com\/de\/wp-json\/wp\/v2\/users\/2"}],"replies":[{"embeddable":true,"href":"https:\/\/www.europesays.com\/de\/wp-json\/wp\/v2\/comments?post=285549"}],"version-history":[{"count":0,"href":"https:\/\/www.europesays.com\/de\/wp-json\/wp\/v2\/posts\/285549\/revisions"}],"wp:featuredmedia":[{"embeddable":true,"href":"https:\/\/www.europesays.com\/de\/wp-json\/wp\/v2\/media\/285550"}],"wp:attachment":[{"href":"https:\/\/www.europesays.com\/de\/wp-json\/wp\/v2\/media?parent=285549"}],"wp:term":[{"taxonomy":"category","embeddable":true,"href":"https:\/\/www.europesays.com\/de\/wp-json\/wp\/v2\/categories?post=285549"},{"taxonomy":"post_tag","embeddable":true,"href":"https:\/\/www.europesays.com\/de\/wp-json\/wp\/v2\/tags?post=285549"}],"curies":[{"name":"wp","href":"https:\/\/api.w.org\/{rel}","templated":true}]}}