{"id":285604,"date":"2025-07-22T17:30:09","date_gmt":"2025-07-22T17:30:09","guid":{"rendered":"https:\/\/www.europesays.com\/de\/285604\/"},"modified":"2025-07-22T17:30:09","modified_gmt":"2025-07-22T17:30:09","slug":"duesseldorf-verbrecher-tuermt-durch-offene-tuer-aus-gericht-regional","status":"publish","type":"post","link":"https:\/\/www.europesays.com\/de\/285604\/","title":{"rendered":"D\u00fcsseldorf: Verbrecher t\u00fcrmt durch offene T\u00fcr aus Gericht | Regional"},"content":{"rendered":"<p><b>Auf seinem Fahndungsfoto l\u00e4chelt Alexandro V. (26) und auch jetzt hat der Verbrecher allen Grund zur Freude: Offenbar verhalf ihm am Montag eine schwerwiegende Sicherheitspanne am Amtsgericht D\u00fcsseldorf zur Flucht. Trotz Sp\u00fcrhunden, einem Helikopter und einem Aufgebot von mehr als 100 Polizisten fehlt von dem Rum\u00e4nen noch immer jede Spur.<\/b><\/p>\n<p>Dass der Verbrecher fl\u00fcchten konnte, soll nach BILD-Informationen an einem schwerwiegenden Versto\u00df der Justizbeamten liegen. Zudem soll nun gepr\u00fcft werden, ob das Gerichtsgeb\u00e4ude umgebaut werden muss.<\/p>\n<p>Lesen Sie weiter mit BILDplus.<\/p>\n","protected":false},"excerpt":{"rendered":"Auf seinem Fahndungsfoto l\u00e4chelt Alexandro V. (26) und auch jetzt hat der Verbrecher allen Grund zur Freude: Offenbar&hellip;\n","protected":false},"author":2,"featured_media":283425,"comment_status":"","ping_status":"","sticky":false,"template":"","format":"standard","meta":{"footnotes":""},"categories":[1831],"tags":[3364,29,3405,122,123,8036,1993,30,1000,5760,682,1209,121,12024,45],"class_list":{"0":"post-285604","1":"post","2":"type-post","3":"status-publish","4":"format-standard","5":"has-post-thumbnail","7":"category-duesseldorf","8":"tag-de","9":"tag-deutschland","10":"tag-duesseldorf","11":"tag-fahndungen","12":"tag-fahndungsfoto","13":"tag-flucht","14":"tag-gerichte","15":"tag-germany","16":"tag-gewalt","17":"tag-haeftling","18":"tag-koerperverletzung","19":"tag-nordrhein-westfalen","20":"tag-polizei","21":"tag-rumaenien","22":"tag-texttospeech"},"share_on_mastodon":{"url":"https:\/\/pubeurope.com\/@de\/114898077358483243","error":""},"_links":{"self":[{"href":"https:\/\/www.europesays.com\/de\/wp-json\/wp\/v2\/posts\/285604","targetHints":{"allow":["GET"]}}],"collection":[{"href":"https:\/\/www.europesays.com\/de\/wp-json\/wp\/v2\/posts"}],"about":[{"href":"https:\/\/www.europesays.com\/de\/wp-json\/wp\/v2\/types\/post"}],"author":[{"embeddable":true,"href":"https:\/\/www.europesays.com\/de\/wp-json\/wp\/v2\/users\/2"}],"replies":[{"embeddable":true,"href":"https:\/\/www.europesays.com\/de\/wp-json\/wp\/v2\/comments?post=285604"}],"version-history":[{"count":0,"href":"https:\/\/www.europesays.com\/de\/wp-json\/wp\/v2\/posts\/285604\/revisions"}],"wp:featuredmedia":[{"embeddable":true,"href":"https:\/\/www.europesays.com\/de\/wp-json\/wp\/v2\/media\/283425"}],"wp:attachment":[{"href":"https:\/\/www.europesays.com\/de\/wp-json\/wp\/v2\/media?parent=285604"}],"wp:term":[{"taxonomy":"category","embeddable":true,"href":"https:\/\/www.europesays.com\/de\/wp-json\/wp\/v2\/categories?post=285604"},{"taxonomy":"post_tag","embeddable":true,"href":"https:\/\/www.europesays.com\/de\/wp-json\/wp\/v2\/tags?post=285604"}],"curies":[{"name":"wp","href":"https:\/\/api.w.org\/{rel}","templated":true}]}}