{"id":286081,"date":"2025-07-22T21:56:12","date_gmt":"2025-07-22T21:56:12","guid":{"rendered":"https:\/\/www.europesays.com\/de\/286081\/"},"modified":"2025-07-22T21:56:12","modified_gmt":"2025-07-22T21:56:12","slug":"ozzy-osbourne-im-alter-von-76-jahren-gestorben","status":"publish","type":"post","link":"https:\/\/www.europesays.com\/de\/286081\/","title":{"rendered":"Ozzy Osbourne im Alter von 76 Jahren gestorben"},"content":{"rendered":"<p class=\"p1 sm:p1-medium items-start pb-[20px]\" data-selector=\"body-paragraph\" data-external-selector=\"body-elements-paragraph\" data-v-af81c750=\"\" data-v-439309db=\"\">Der legend\u00e4re Heavy-Metal-S\u00e4nger und Reality-TV-Star <a href=\"https:\/\/www.faz.net\/aktuell\/feuilleton\/thema\/ozzy-osbourne\" title=\"Ozzy Osbourne\" rel=\"nofollow noopener\" target=\"_blank\">Ozzy Osbourne<\/a> ist tot. Er starb am Dienstag im Alter von 76 Jahren. Das teilte seine Familie mit. Erst vor wenigen Wochen hatte Osbourne, der an Parkinson erkrankt war, ein umjubeltes Abschiedskonzert in seiner Heimatstadt Birmingham gegeben.<\/p>\n<p class=\"p1 sm:p1-medium items-start pb-[20px]\" data-selector=\"body-paragraph\" data-external-selector=\"body-elements-paragraph\" data-v-af81c750=\"\" data-v-439309db=\"\">In einem Statement seiner Familie, \u00fcber das mehrere britische Medien berichten, hei\u00dft es: \u201eMit mehr Trauer, als Worte ausdr\u00fccken k\u00f6nnen, m\u00fcssen wir mitteilen, dass unser geliebter Ozzy Osbourne heute Morgen gestorben ist. Er war bei seiner Familie und von Liebe umgeben\u201c, hei\u00dft es. Die Familie bittet demnach darum, die Privatsph\u00e4re zu respektieren.<\/p>\n<p class=\"p1 sm:p1-medium items-start pb-[20px]\" data-selector=\"body-paragraph\" data-external-selector=\"body-elements-paragraph\" data-v-af81c750=\"\" data-v-439309db=\"\">Die Welt des Pop und Rock trauert um Ozzy\u00a0Osbourne. Elton John w\u00fcrdigte ihn\u00a0als \u201eechten Freund und gigantischen Wegbereiter, der seinen Platz im Pantheon der Rockg\u00f6tter gesichert hat&#8220;. Die Nachricht habe ihn sehr traurig gemacht, schrieb Elton John und postete dazu ein Foto, das die beiden Stars Seite an Seite zeigt. Rod Stewart\u00a0postete eine augenzwinkernde Botschaft. \u201eBye, Bye Ozzy, Schlaf gut mein Freund. Wir sehen uns da oben \u2013\u00a0eher sp\u00e4ter als fr\u00fcher.&#8220; Der Rolling-Stones-Gitarrist Ronnie Wood schrieb im Kurznachrichtendienst X: \u201eIch bin so traurig \u00fcber die Nachricht vom Tode Ozzy Osbournes.&#8220; Das Konzert vor wenigen Wochen in Birmingham sei ein wunderbarer Abschied f\u00fcr den S\u00e4nger gewesen.<\/p>\n<p><img decoding=\"async\" alt=\"DSGVO Platzhalter\" src=\"https:\/\/www.europesays.com\/de\/wp-content\/uploads\/2025\/04\/gdpr-layer.webp.webp\" loading=\"lazy\" class=\"absolute w-full\"\/> Externe Inhalte aktivieren <\/p>\n<p class=\"p1 sm:p1-medium items-start pb-[20px]\" data-selector=\"body-paragraph\" data-external-selector=\"body-elements-paragraph\" data-v-af81c750=\"\" data-v-439309db=\"\">Internationalen Ruhm erlangte Osbourne in den 70er Jahren als energiegeladener Frontmann von <a href=\"https:\/\/www.faz.net\/aktuell\/feuilleton\/thema\/black-sabbath\" title=\"Black Sabbath\" rel=\"nofollow noopener\" target=\"_blank\">Black Sabbath<\/a>. Die einflussreiche Heavy-Metal-Band wurde 1968 in Birmingham gegr\u00fcndet. Dort war Osbourne am\u00a03. Dezember 1948 in einem Arbeiterviertel zur Welt gekommen.\u00a0<\/p>\n<p>Solokarriere und viele Skandale<\/p>\n<p class=\"p1 sm:p1-medium items-start pb-[20px]\" data-selector=\"body-paragraph\" data-external-selector=\"body-elements-paragraph\" data-v-af81c750=\"\" data-v-439309db=\"\">Mit ihrem d\u00fcsteren, schweren Sound, den harten Gitarrenriffs und den zynischen Texten wurden Black Sabbath zu Pionieren des Genres. Zu ihren bekanntesten Songs z\u00e4hlen \u201eParanoid\u201c, \u201eIron Man\u201c und \u201eWar Pigs\u201c.<\/p>\n<p class=\"p1 sm:p1-medium items-start pb-[20px]\" data-selector=\"body-paragraph\" data-external-selector=\"body-elements-paragraph\" data-v-af81c750=\"\" data-v-439309db=\"\">Osbournes markante, nasale Stimme war neben dem d\u00fcsteren Gitarrensound von Tony Iommi das pr\u00e4gende Element der Musik. Auf der B\u00fchne agierte der Showman neben dem eher introvertierten Leadgitarristen und dem fast stoischen Bassisten Geezer Butler wie ein Wahnsinniger, h\u00fcpfte auf der B\u00fchne herum und klatschte wild in die H\u00e4nde. Wegen Drogen- und Alkoholproblemen feuerte ihn die Band 1979.<\/p>\n<p><img decoding=\"async\" alt=\"DSGVO Platzhalter\" src=\"https:\/\/www.europesays.com\/de\/wp-content\/uploads\/2025\/04\/gdpr-layer.webp.webp\" loading=\"lazy\" class=\"absolute w-full\"\/> Externe Inhalte aktivieren <\/p>\n<p class=\"p1 sm:p1-medium items-start pb-[20px]\" data-selector=\"body-paragraph\" data-external-selector=\"body-elements-paragraph\" data-v-af81c750=\"\" data-v-439309db=\"\">Mit Hilfe seiner Managerin Sharon Arden, die er sp\u00e4ter heiratete, startete Osbourne eine Solokarriere. Mit Hits wie \u201eCrazy Train\u201c, \u201eMr. Crowley\u201c oder \u201eI Don\u2019t Know\u201c wurde gleich sein Deb\u00fctalbum \u201eBlizzard of Ozz\u201c (1980) ein kommerzieller Erfolg. Insgesamt soll der ber\u00fcchtigte Rockstar etwa 100 Millionen Platten verkauft haben.<\/p>\n<p>Zweite Karriere als Reality-Star<\/p>\n<p class=\"p1 sm:p1-medium items-start pb-[20px]\" data-selector=\"body-paragraph\" data-external-selector=\"body-elements-paragraph\" data-v-af81c750=\"\" data-v-439309db=\"\">Sein wildes Auftreten, das Spiel mit der Provokation und mit Horror-Elementen begeisterte die Fans, verschreckte aber besonders in den USA konservative und religi\u00f6se Gruppen.<\/p>\n<p class=\"p1 sm:p1-medium items-start pb-[20px]\" data-selector=\"body-paragraph\" data-external-selector=\"body-elements-paragraph\" data-v-af81c750=\"\" data-v-439309db=\"\">Immer wieder sorgte der Musiker f\u00fcr Skandale. Bei einem Konzert biss er einer Fledermaus, die ein Zuschauer auf die B\u00fchne geworden hatte, den Kopf ab, weil er sie f\u00fcr ein Gummitier hielt. Immer wieder wurde ihm vorgeworfen, ein Teufelsanbeter zu sein, doch Osbourne wies das stets zur\u00fcck, mit schwarzer Magie habe er auch nichts am Hut.<\/p>\n<p><img decoding=\"async\" alt=\"DSGVO Platzhalter\" src=\"https:\/\/www.europesays.com\/de\/wp-content\/uploads\/2025\/04\/gdpr-layer.webp.webp\" loading=\"lazy\" class=\"absolute w-full\"\/> Externe Inhalte aktivieren <\/p>\n<p class=\"p1 sm:p1-medium items-start pb-[20px]\" data-selector=\"body-paragraph\" data-external-selector=\"body-elements-paragraph\" data-v-af81c750=\"\" data-v-439309db=\"\">Einem j\u00fcngeren Publikum ist er vor allem als exzentrischer Familienvater aus der preisgekr\u00f6nten Doku-Soap \u201eThe Osbournes\u201c bekannt. 2002 konnte die Welt seine Ehe und das verr\u00fcckte Leben mit den nicht weniger schillernden Kindern Kelly und Jack hautnah miterleben, als sich die Osbournes Tag und Nacht f\u00fcr MTV filmen lie\u00dfen. Das half auch seiner musikalischen Karriere.\u00a0<\/p>\n<p class=\"p1 sm:p1-medium items-start pb-[20px]\" data-selector=\"body-paragraph\" data-external-selector=\"body-elements-paragraph\" data-v-af81c750=\"\" data-v-439309db=\"\">Auch mit Black Sabbath tat er sich mehrfach wieder zusammen. 2013 schnellte die Band mit der Comeback-Platte \u201e13\u201c wieder an die Spitze der Charts, bevor sie sich 2016 und 2017 mit ihrer \u201eThe End Tour\u201c von ihren Fans verabschiedeten. Kurz darauf begann Ozzy Osbourne seine eigene Abschiedstour als Solok\u00fcnstler, die er aus gesundheitlichen Gr\u00fcnden abbrechen musste.<\/p>\n<p class=\"p1 sm:p1-medium items-start pb-[20px]\" data-selector=\"body-paragraph\" data-external-selector=\"body-elements-paragraph\" data-v-af81c750=\"\" data-v-439309db=\"\">In den letzten Jahren hatte der legend\u00e4re Frontmann, der b\u00fcrgerlich John Michael Osbourne hie\u00df, mit zahlreichen gesundheitlichen Problemen zu k\u00e4mpfen. 2019 war bei ihm Parkinson diagnostiziert worden. Damals gab er sich k\u00e4mpferisch. \u201eDas ist noch nicht das Ende von Ozzy Osbourne, das verspreche ich euch\u201c, sagte er seinerzeit dem \u201eGuardian\u201c.<\/p>\n<p class=\"p1 sm:p1-medium items-start pb-[20px]\" data-selector=\"body-paragraph\" data-external-selector=\"body-elements-paragraph\" data-v-af81c750=\"\" data-v-439309db=\"\">Und tats\u00e4chlich erf\u00fcllte er sich einen lange gehegten Traum und trat am 5. Juli ein letztes Mal auf. Im Stadion Villa Park in seiner Heimatstadt Birmingham gab er mit letzter Kraft ein gro\u00dfes Abschiedskonzert, bei dem er nur noch wenige Songs singen konnte und seinen Auftritt im Sitzen absolvierte.<\/p>\n","protected":false},"excerpt":{"rendered":"Der legend\u00e4re Heavy-Metal-S\u00e4nger und Reality-TV-Star Ozzy Osbourne ist tot. Er starb am Dienstag im Alter von 76 Jahren.&hellip;\n","protected":false},"author":2,"featured_media":286082,"comment_status":"","ping_status":"","sticky":false,"template":"","format":"standard","meta":{"footnotes":""},"categories":[1772],"tags":[29,214,30,1779,810,215],"class_list":{"0":"post-286081","1":"post","2":"type-post","3":"status-publish","4":"format-standard","5":"has-post-thumbnail","7":"category-musik","8":"tag-deutschland","9":"tag-entertainment","10":"tag-germany","11":"tag-music","12":"tag-musik","13":"tag-unterhaltung"},"share_on_mastodon":{"url":"https:\/\/pubeurope.com\/@de\/114899123307060569","error":""},"_links":{"self":[{"href":"https:\/\/www.europesays.com\/de\/wp-json\/wp\/v2\/posts\/286081","targetHints":{"allow":["GET"]}}],"collection":[{"href":"https:\/\/www.europesays.com\/de\/wp-json\/wp\/v2\/posts"}],"about":[{"href":"https:\/\/www.europesays.com\/de\/wp-json\/wp\/v2\/types\/post"}],"author":[{"embeddable":true,"href":"https:\/\/www.europesays.com\/de\/wp-json\/wp\/v2\/users\/2"}],"replies":[{"embeddable":true,"href":"https:\/\/www.europesays.com\/de\/wp-json\/wp\/v2\/comments?post=286081"}],"version-history":[{"count":0,"href":"https:\/\/www.europesays.com\/de\/wp-json\/wp\/v2\/posts\/286081\/revisions"}],"wp:featuredmedia":[{"embeddable":true,"href":"https:\/\/www.europesays.com\/de\/wp-json\/wp\/v2\/media\/286082"}],"wp:attachment":[{"href":"https:\/\/www.europesays.com\/de\/wp-json\/wp\/v2\/media?parent=286081"}],"wp:term":[{"taxonomy":"category","embeddable":true,"href":"https:\/\/www.europesays.com\/de\/wp-json\/wp\/v2\/categories?post=286081"},{"taxonomy":"post_tag","embeddable":true,"href":"https:\/\/www.europesays.com\/de\/wp-json\/wp\/v2\/tags?post=286081"}],"curies":[{"name":"wp","href":"https:\/\/api.w.org\/{rel}","templated":true}]}}