{"id":286706,"date":"2025-07-23T03:58:30","date_gmt":"2025-07-23T03:58:30","guid":{"rendered":"https:\/\/www.europesays.com\/de\/286706\/"},"modified":"2025-07-23T03:58:30","modified_gmt":"2025-07-23T03:58:30","slug":"polizei-nimmt-zwei-tatverdaechtige-fest","status":"publish","type":"post","link":"https:\/\/www.europesays.com\/de\/286706\/","title":{"rendered":"Polizei nimmt zwei Tatverd\u00e4chtige fest"},"content":{"rendered":"<p class=\"text_ohne_einzug richtext text-em-55 !leading-serif mx-6 desktop:mx-0\">Am Sonntag nahm die Polizei einen 36-j\u00e4hrigen Mann und eine 46-j\u00e4hrige Frau fest, die verd\u00e4chtigt werden, in einen Fachmarkt f\u00fcr Tiernahrung in der Stra\u00dfe Oberd\u00f6rnen eingebrochen zu sein und dort Ware geklaut zu haben. Die Beamten trafen die Tatverd\u00e4chtige mit zwei Paletten sowie einem Beutel Hundefutter an. Der Fl\u00fcchtige wurde an der Schwebebahnstation Adler Br\u00fccke angetroffen. Bei der \u00dcberpr\u00fcfung seiner Personalien stellte sich heraus, dass gegen ihn ein Haftbefehl vorliegt. Auf Anordnung der Staatsanwaltschaft wurde der 36-J\u00e4hrige festgenommen.<\/p>\n","protected":false},"excerpt":{"rendered":"Am Sonntag nahm die Polizei einen 36-j\u00e4hrigen Mann und eine 46-j\u00e4hrige Frau fest, die verd\u00e4chtigt werden, in einen&hellip;\n","protected":false},"author":2,"featured_media":286707,"comment_status":"","ping_status":"","sticky":false,"template":"","format":"standard","meta":{"footnotes":"","_share_on_mastodon":"0"},"categories":[1840],"tags":[3364,29,84599,30,1209,84598,4418],"class_list":["post-286706","post","type-post","status-publish","format-standard","has-post-thumbnail","category-wuppertal","tag-de","tag-deutschland","tag-fachmarkt","tag-germany","tag-nordrhein-westfalen","tag-tiernahrung","tag-wuppertal"],"share_on_mastodon":{"url":"https:\/\/pubeurope.com\/@de\/114900546575568417","error":""},"_links":{"self":[{"href":"https:\/\/www.europesays.com\/de\/wp-json\/wp\/v2\/posts\/286706","targetHints":{"allow":["GET"]}}],"collection":[{"href":"https:\/\/www.europesays.com\/de\/wp-json\/wp\/v2\/posts"}],"about":[{"href":"https:\/\/www.europesays.com\/de\/wp-json\/wp\/v2\/types\/post"}],"author":[{"embeddable":true,"href":"https:\/\/www.europesays.com\/de\/wp-json\/wp\/v2\/users\/2"}],"replies":[{"embeddable":true,"href":"https:\/\/www.europesays.com\/de\/wp-json\/wp\/v2\/comments?post=286706"}],"version-history":[{"count":0,"href":"https:\/\/www.europesays.com\/de\/wp-json\/wp\/v2\/posts\/286706\/revisions"}],"wp:featuredmedia":[{"embeddable":true,"href":"https:\/\/www.europesays.com\/de\/wp-json\/wp\/v2\/media\/286707"}],"wp:attachment":[{"href":"https:\/\/www.europesays.com\/de\/wp-json\/wp\/v2\/media?parent=286706"}],"wp:term":[{"taxonomy":"category","embeddable":true,"href":"https:\/\/www.europesays.com\/de\/wp-json\/wp\/v2\/categories?post=286706"},{"taxonomy":"post_tag","embeddable":true,"href":"https:\/\/www.europesays.com\/de\/wp-json\/wp\/v2\/tags?post=286706"}],"curies":[{"name":"wp","href":"https:\/\/api.w.org\/{rel}","templated":true}]}}