{"id":286812,"date":"2025-07-23T04:59:11","date_gmt":"2025-07-23T04:59:11","guid":{"rendered":"https:\/\/www.europesays.com\/de\/286812\/"},"modified":"2025-07-23T04:59:11","modified_gmt":"2025-07-23T04:59:11","slug":"chemie-grosseinsatz-im-harz-arsen-behaelter-gestohlen-und-verteilt-polizei-sucht-weiter-nach-behaeltern-mdr","status":"publish","type":"post","link":"https:\/\/www.europesays.com\/de\/286812\/","title":{"rendered":"Chemie-Gro\u00dfeinsatz im Harz: Arsen-Beh\u00e4lter gestohlen und verteilt, Polizei sucht weiter nach Beh\u00e4ltern &#8211; MDR"},"content":{"rendered":"<ol>\n<li><a href=\"https:\/\/news.google.com\/rss\/articles\/CBMiuwFBVV95cUxQQ0pIelZSMEVrUHdsUEhkS3dULWRKRW9MdmpzYWFMSTRtUkJFek1vSjUtTjgtVUoyWmtmd0hiaGZpUVpDcDZDX09lbzN6dUVscFllX0w4TEJnY3RZMjZWUjVxNkViSDZVMjAzZ2JLUWhnNjFGVEl1aFc4czZkXzE0MlZ3SVBuMG95dEQxMFdUbmhIbnhOdE1nZVNqSndnb2VBLWJsYzkyOXkyZGRQMmpINFhjWEFLYkNuWGZB0gHAAUFVX3lxTE5vMzVkbHhUUjRUZVFOeXBrUkIzWjVMc3ZzaklFUC1jV04yUC1CTFk0WGdwOWU5SFBLNUNHbWxNb2lqYVZzbUZOZkkxQmJtMTJSTlR5RGxPTzhpVi0zekw1RDNaUUhQazdIMXpkVDJmck8zMFlQcHJKRGVVLXFNUGhjQWlwdzJ2QThxTnMwdEpWaUEzWU9uazRpV0xIWHM5YzBrV1RpeXNFRnJQQ0c4aVlLdEhDSVJ6N3hWSkF0dER0Zg?oc=5\" target=\"_blank\" rel=\"nofollow noopener\">Chemie-Gro\u00dfeinsatz im Harz: Arsen-Beh\u00e4lter gestohlen und verteilt, Polizei sucht weiter nach Beh\u00e4ltern<\/a>&nbsp;&nbsp;MDR<\/li>\n<li><a href=\"https:\/\/news.google.com\/rss\/articles\/CBMi6gFBVV95cUxQOXc2bmlFNklKUVJRcDNDdHNtS29pVk9SYTRaeEdhM2h4X0xUX3NNN2gxczJqZ1VzODNBQ0l5emxHaWpWLVN6M3otdXljNFlhTGdPOUhpc1ZPLUt3aE1ReTZDdy10R1lkVzFQUVhOdW50VFhjMloyMGRELWg4czdTY1BSLXVNUWhnNkFpQVpVTmN1VzF5Mk9mai12OWUyM1JBb1RDRGMzek84TUVVWmJNRExJZnRDMlVPTTMxVXVzYzVCbDB3d0JTNHF0bkZDVjNpS3R2a3FiLW8weC03T1B4U1RrVngxdkRYQWc?oc=5\" target=\"_blank\" rel=\"nofollow noopener\">Chemie-Gro\u00dfeinsatz im Harz: Suche nach giftigem Arsen geht weiter<\/a>&nbsp;&nbsp;NDR.de<\/li>\n<li><a href=\"https:\/\/news.google.com\/rss\/articles\/CBMiwAFBVV95cUxPVWhFODNQXy1JWUh2ZEdZNkY5bF9UeHB6OEhHOHkxT1Vwbk9TUmU2QWljTDZDUkZnQi1KdkxCOTJkdmRqWlVLalc0cE5HRElvUGVEMWE5OG9mS2hUSU1ONDlkZS1kal8yQXJWeE1YV1VkQ1lTSGEzOGJZZl9HYTdnd0tWSzNZTlV5SjNVOW5MXzdiUm5HVzFxVEZyTjJ1RThPRVhjOGZjNlNMMGItU1Rhdk8wZFRrTF8tcHg3ZDNHQmQ?oc=5\" target=\"_blank\" rel=\"nofollow noopener\">Nach Einbruch: Hochgiftiges Arsen aus Firma freigesetzt<\/a>&nbsp;&nbsp;BILD<\/li>\n<li><a href=\"https:\/\/news.google.com\/rss\/articles\/CBMixgFBVV95cUxQVmNSNUZQQ0ZiZFNIdC1ueWZrM1ZQVkdYUnRGaWFLcVNLRnhoaHBGbFdPZ05rdmhMYldGRUhKN2Y0RGRDX25NX0U0LUxtMXhIZUxxcjNJdWJDSnZUV0pac19sMm9Yd0hUQlJHLVphbHJkRW5MT2tlb2NUUF8tTU1xZ2w1djFhUmJCNnB4clhaOGN2bXZWSUlSUmMtNkVHOWpGTDNmTVVXdHFCb2ZjUEd1anktZ2FwV0JtUXhXLWNZaGw1aUlsTXc?oc=5\" target=\"_blank\" rel=\"nofollow noopener\">Arsen in die Umwelt gelangt: Chemie-Gro\u00dfeinsatz im Harz<\/a>&nbsp;&nbsp;tagesschau.de<\/li>\n<li><a href=\"https:\/\/news.google.com\/rss\/articles\/CBMirAFBVV95cUxOYm5rVGFkWXZrclk2TkJEUFNaUU5tVlBIUXFpMGZYNExCTFVJcUVLUHRBcDFBblZISndvSTkxTEpzV0NvbFA3dVdSeml2bldaVFdSOUtlNDU4TjA1SmN0STJSVzJpeng2R2hfb0Y2aEVDSzhnZHlGYlJaWHZaWFRqUDBTdjZVbTF0aVNNZWNOdmZ5dXRXTjh1cUppeTVlSkY3M2oxblZ2STN1QjZ3?oc=5\" target=\"_blank\" rel=\"nofollow noopener\">Gefahrstoffaustritt im Harz: Vermutlich haben Einbrecher das Arsen freigesetzt<\/a>&nbsp;&nbsp;Goslarsche.de<\/li>\n<\/ol>\n","protected":false},"excerpt":{"rendered":"Chemie-Gro\u00dfeinsatz im Harz: Arsen-Beh\u00e4lter gestohlen und verteilt, Polizei sucht weiter nach Beh\u00e4ltern&nbsp;&nbsp;MDR Chemie-Gro\u00dfeinsatz im Harz: Suche nach giftigem&hellip;\n","protected":false},"author":2,"featured_media":286813,"comment_status":"","ping_status":"","sticky":false,"template":"","format":"standard","meta":{"footnotes":""},"categories":[2],"tags":[84312,29,985,30,28351,3786,14413,13,81,14,15,121,6211,860,12,10,8,9,11],"class_list":{"0":"post-286812","1":"post","2":"type-post","3":"status-publish","4":"format-standard","5":"has-post-thumbnail","7":"category-deutschland","8":"tag-arsen","9":"tag-deutschland","10":"tag-feuerwehr","11":"tag-germany","12":"tag-gift","13":"tag-grosseinsatz","14":"tag-harz","15":"tag-headlines","16":"tag-mdr","17":"tag-nachrichten","18":"tag-news","19":"tag-polizei","20":"tag-regionalportal","21":"tag-sachsen-anhalt","22":"tag-schlagzeilen","23":"tag-top-news","24":"tag-top-meldungen","25":"tag-topmeldungen","26":"tag-topnews"},"share_on_mastodon":{"url":"https:\/\/pubeurope.com\/@de\/114900786452516944","error":""},"_links":{"self":[{"href":"https:\/\/www.europesays.com\/de\/wp-json\/wp\/v2\/posts\/286812","targetHints":{"allow":["GET"]}}],"collection":[{"href":"https:\/\/www.europesays.com\/de\/wp-json\/wp\/v2\/posts"}],"about":[{"href":"https:\/\/www.europesays.com\/de\/wp-json\/wp\/v2\/types\/post"}],"author":[{"embeddable":true,"href":"https:\/\/www.europesays.com\/de\/wp-json\/wp\/v2\/users\/2"}],"replies":[{"embeddable":true,"href":"https:\/\/www.europesays.com\/de\/wp-json\/wp\/v2\/comments?post=286812"}],"version-history":[{"count":0,"href":"https:\/\/www.europesays.com\/de\/wp-json\/wp\/v2\/posts\/286812\/revisions"}],"wp:featuredmedia":[{"embeddable":true,"href":"https:\/\/www.europesays.com\/de\/wp-json\/wp\/v2\/media\/286813"}],"wp:attachment":[{"href":"https:\/\/www.europesays.com\/de\/wp-json\/wp\/v2\/media?parent=286812"}],"wp:term":[{"taxonomy":"category","embeddable":true,"href":"https:\/\/www.europesays.com\/de\/wp-json\/wp\/v2\/categories?post=286812"},{"taxonomy":"post_tag","embeddable":true,"href":"https:\/\/www.europesays.com\/de\/wp-json\/wp\/v2\/tags?post=286812"}],"curies":[{"name":"wp","href":"https:\/\/api.w.org\/{rel}","templated":true}]}}