{"id":286826,"date":"2025-07-23T05:06:11","date_gmt":"2025-07-23T05:06:11","guid":{"rendered":"https:\/\/www.europesays.com\/de\/286826\/"},"modified":"2025-07-23T05:06:11","modified_gmt":"2025-07-23T05:06:11","slug":"e-rezepte-sorgen-regelmaessig-fuer-schwierigkeiten","status":"publish","type":"post","link":"https:\/\/www.europesays.com\/de\/286826\/","title":{"rendered":"E-Rezepte sorgen regelm\u00e4\u00dfig f\u00fcr Schwierigkeiten"},"content":{"rendered":"<p class=\"small date article__date\">Ver\u00f6ffentlicht:\u00a0Mittwoch, 23.07.2025 06:28<\/p>\n<p>Seit seiner Einf\u00fchrung gibt es beim E-Rezept immer wieder Schwierigkeiten in Arztpraxen und Apotheken. IT-Probleme sorgen gerade in den letzten Wochen vermehrt daf\u00fcr, dass die Rezepte nicht erstellt oder abgerufen werden k\u00f6nnen.<\/p>\n<p><img decoding=\"async\" alt=\"\" src=\"https:\/\/www.europesays.com\/de\/wp-content\/uploads\/2025\/07\/e-rezept_5_quelle_abda.jpg&#038;crop=0x39x1920x1200&#038;resize=1280x800&#038;dt=202306140646440.jpeg\" data-size=\"1280x800\"\/>\u00a9 ABDA &#8211; Bundesvereinigung Deutscher Apothekerverb\u00e4nde e. V.<\/p>\n<p>Schuld seien die IT-Dienstleister, die das Portal f\u00fcrs E-Rezept betreuen, hei\u00dft es vom Vorsitzenden der Apothekerkammer Nordrhein, Thomas Preis. Er fordert, dass das System zuverl\u00e4ssiger wird und es bei Ausf\u00e4llen Alternativen zum E-Rezept, zum Beispiel notfalls wieder auf Papier. Das E-Rezept wurde von der Ampel-Regierung eingef\u00fchrt und soll eigentlich Verschreibungen erleichtern. Dazu laden \u00c4rzte Verordnungen f\u00fcr Medikamente in eine zentrale abgesicherte Datenbank hoch. Mithilfe der Krankenkassenkarte kann ein Apotheker diese Verordnung dann einsehen und das Medikament ausgeben.<\/p>\n","protected":false},"excerpt":{"rendered":"Ver\u00f6ffentlicht:\u00a0Mittwoch, 23.07.2025 06:28 Seit seiner Einf\u00fchrung gibt es beim E-Rezept immer wieder Schwierigkeiten in Arztpraxen und Apotheken. IT-Probleme&hellip;\n","protected":false},"author":2,"featured_media":286827,"comment_status":"","ping_status":"","sticky":false,"template":"","format":"standard","meta":{"footnotes":""},"categories":[1849],"tags":[3364,29,548,663,3934,30,13,7771,4455,14,15,1209,12],"class_list":{"0":"post-286826","1":"post","2":"type-post","3":"status-publish","4":"format-standard","5":"has-post-thumbnail","7":"category-moenchengladbach","8":"tag-de","9":"tag-deutschland","10":"tag-eu","11":"tag-europa","12":"tag-europe","13":"tag-germany","14":"tag-headlines","15":"tag-mnchengladbach","16":"tag-moenchengladbach","17":"tag-nachrichten","18":"tag-news","19":"tag-nordrhein-westfalen","20":"tag-schlagzeilen"},"share_on_mastodon":{"url":"https:\/\/pubeurope.com\/@de\/114900814037187208","error":""},"_links":{"self":[{"href":"https:\/\/www.europesays.com\/de\/wp-json\/wp\/v2\/posts\/286826","targetHints":{"allow":["GET"]}}],"collection":[{"href":"https:\/\/www.europesays.com\/de\/wp-json\/wp\/v2\/posts"}],"about":[{"href":"https:\/\/www.europesays.com\/de\/wp-json\/wp\/v2\/types\/post"}],"author":[{"embeddable":true,"href":"https:\/\/www.europesays.com\/de\/wp-json\/wp\/v2\/users\/2"}],"replies":[{"embeddable":true,"href":"https:\/\/www.europesays.com\/de\/wp-json\/wp\/v2\/comments?post=286826"}],"version-history":[{"count":0,"href":"https:\/\/www.europesays.com\/de\/wp-json\/wp\/v2\/posts\/286826\/revisions"}],"wp:featuredmedia":[{"embeddable":true,"href":"https:\/\/www.europesays.com\/de\/wp-json\/wp\/v2\/media\/286827"}],"wp:attachment":[{"href":"https:\/\/www.europesays.com\/de\/wp-json\/wp\/v2\/media?parent=286826"}],"wp:term":[{"taxonomy":"category","embeddable":true,"href":"https:\/\/www.europesays.com\/de\/wp-json\/wp\/v2\/categories?post=286826"},{"taxonomy":"post_tag","embeddable":true,"href":"https:\/\/www.europesays.com\/de\/wp-json\/wp\/v2\/tags?post=286826"}],"curies":[{"name":"wp","href":"https:\/\/api.w.org\/{rel}","templated":true}]}}