{"id":286841,"date":"2025-07-23T05:14:11","date_gmt":"2025-07-23T05:14:11","guid":{"rendered":"https:\/\/www.europesays.com\/de\/286841\/"},"modified":"2025-07-23T05:14:11","modified_gmt":"2025-07-23T05:14:11","slug":"frauenfussball-boomt-in-muenster-antenne-muenster","status":"publish","type":"post","link":"https:\/\/www.europesays.com\/de\/286841\/","title":{"rendered":"Frauenfu\u00dfball boomt in M\u00fcnster &#8211; Antenne M\u00fcnster"},"content":{"rendered":"<p class=\"small date article__date\">Ver\u00f6ffentlicht:\u00a0Mittwoch, 23.07.2025 06:30<\/p>\n<p>In M\u00fcnster spielen viele M\u00e4dchen und Frauen Fu\u00dfball im Verein. Die Frauenfu\u00dfball-EM verst\u00e4rkt das Interesse.<\/p>\n<p><img decoding=\"async\" alt=\"\" src=\"https:\/\/www.europesays.com\/de\/wp-content\/uploads\/2025\/07\/sc-westfalia-kinderhaus-u13-bis-damen-mai-2025-brabant-girls-cup-rosmalen-niederlande.jpg&#038;crop=0x0x1.jpeg\" data-size=\"1210x756\"\/>\u00a9 Westfalia Kinderhaus<\/p>\n<p>&#8222;Der Frauenfu\u00dfball geht bei uns schon l\u00e4nger durch die Decke&#8220;, hei\u00dft es beim Stadtsportbund M\u00fcnster. Das best\u00e4tigt auch Irmhild\u00a0Venschott, die Abteilungsleiterin M\u00e4dchen- und Frauenfu\u00dfball bei &#8222;Borussia M\u00fcnster&#8220;. Gerade erst hat es bei der Borussia ein M\u00e4dchen Fu\u00dfball-Camp mit 36 Teilnehmerinnen\u00a0gegeben, da haben die Kids schon Trikots mit den Namen Ihrer EM-Heldinnen\u00a0Klara B\u00fchl und Jule Brand getragen. Und auch bei den M\u00e4dchen von &#8222;Westfalia Kinderhaus&#8220; hat Gesch\u00e4ftsf\u00fchrerin\u00a0Cora Weers schon solche Trikots gesehen.\u00a0\u00a0<\/p>\n<p>M\u00fcnster beim M\u00e4dchenfu\u00dfball in NRW vorn dabei <\/p>\n<p>Im Fu\u00dfballkreis M\u00fcnster hat unsere Stadt westfalenweit die meisten M\u00e4dchen- und Frauen Mannschaften. Mit \u00fcber 300 M\u00e4dchen in 17 Teams geh\u00f6rt z.B. &#8222;Westfalia Kinderhaus&#8220; zu den gr\u00f6\u00dften Vereinen im M\u00e4dchenfu\u00dfball in NRW. Viele Vereine haben gar keine Kapazit\u00e4ten f\u00fcr neue Mannschaften. Bei &#8222;Borussia M\u00fcnster&#8220; sind in jedem Damenteam jeweils 30 Spielerinnen. <\/p>\n<p>Fu\u00dfballpl\u00e4tze f\u00fcr M\u00e4dchenteams gesucht <\/p>\n<p>H\u00e4ufig ist die Nachfrage gr\u00f6\u00dfer als das Angebot. Zwar gibt es viele ehrenamtliche Trainer und Trainerinnen, auch f\u00fcr die M\u00e4dchenmannschaften, was fehlt sind aber genug Fu\u00dfballpl\u00e4tze.<\/p>\n<p>Bis es nach der EM\u00a0wieder zu verst\u00e4rkten Nachfragen kommt, das dauert\u00a0aber erfahrungsgem\u00e4\u00df ein bisschen. Jetzt sind erstmal Ferien. Und dann\u00a0empfehlen\u00a0die Vereine\u00a0Eltern erstmal\u00a0nach einem Schnuppertraining f\u00fcr die T\u00f6chter zu fragen.\u00a0\u00a0<\/p>\n","protected":false},"excerpt":{"rendered":"Ver\u00f6ffentlicht:\u00a0Mittwoch, 23.07.2025 06:30 In M\u00fcnster spielen viele M\u00e4dchen und Frauen Fu\u00dfball im Verein. Die Frauenfu\u00dfball-EM verst\u00e4rkt das Interesse.&hellip;\n","protected":false},"author":2,"featured_media":286842,"comment_status":"","ping_status":"","sticky":false,"template":"","format":"standard","meta":{"footnotes":""},"categories":[1843],"tags":[5677,83980,84620,19117,84619,3364,29,30,8970,1209,31668],"class_list":{"0":"post-286841","1":"post","2":"type-post","3":"status-publish","4":"format-standard","5":"has-post-thumbnail","7":"category-muenster","8":"tag-munster","9":"tag-borussia-mnster","10":"tag-frauenfuball-em","11":"tag-frauenfuball","12":"tag-mdchenfuball","13":"tag-de","14":"tag-deutschland","15":"tag-germany","16":"tag-muenster","17":"tag-nordrhein-westfalen","18":"tag-westfalia-kinderhaus"},"share_on_mastodon":{"url":"https:\/\/pubeurope.com\/@de\/114900845823470521","error":""},"_links":{"self":[{"href":"https:\/\/www.europesays.com\/de\/wp-json\/wp\/v2\/posts\/286841","targetHints":{"allow":["GET"]}}],"collection":[{"href":"https:\/\/www.europesays.com\/de\/wp-json\/wp\/v2\/posts"}],"about":[{"href":"https:\/\/www.europesays.com\/de\/wp-json\/wp\/v2\/types\/post"}],"author":[{"embeddable":true,"href":"https:\/\/www.europesays.com\/de\/wp-json\/wp\/v2\/users\/2"}],"replies":[{"embeddable":true,"href":"https:\/\/www.europesays.com\/de\/wp-json\/wp\/v2\/comments?post=286841"}],"version-history":[{"count":0,"href":"https:\/\/www.europesays.com\/de\/wp-json\/wp\/v2\/posts\/286841\/revisions"}],"wp:featuredmedia":[{"embeddable":true,"href":"https:\/\/www.europesays.com\/de\/wp-json\/wp\/v2\/media\/286842"}],"wp:attachment":[{"href":"https:\/\/www.europesays.com\/de\/wp-json\/wp\/v2\/media?parent=286841"}],"wp:term":[{"taxonomy":"category","embeddable":true,"href":"https:\/\/www.europesays.com\/de\/wp-json\/wp\/v2\/categories?post=286841"},{"taxonomy":"post_tag","embeddable":true,"href":"https:\/\/www.europesays.com\/de\/wp-json\/wp\/v2\/tags?post=286841"}],"curies":[{"name":"wp","href":"https:\/\/api.w.org\/{rel}","templated":true}]}}