{"id":286895,"date":"2025-07-23T05:43:10","date_gmt":"2025-07-23T05:43:10","guid":{"rendered":"https:\/\/www.europesays.com\/de\/286895\/"},"modified":"2025-07-23T05:43:10","modified_gmt":"2025-07-23T05:43:10","slug":"vhs-essen-startet-projekt-fuer-unterricht-am-arbeitsplatz","status":"publish","type":"post","link":"https:\/\/www.europesays.com\/de\/286895\/","title":{"rendered":"VHS Essen startet Projekt f\u00fcr Unterricht am Arbeitsplatz"},"content":{"rendered":"<p class=\"small date article__date\">Ver\u00f6ffentlicht:\u00a0Mittwoch, 23.07.2025 05:34<\/p>\n<p>Deutsch lernen direkt am Arbeitsplatz: Die VHS Essen und die RGE Servicegesellschaft starten ein innovatives Sprachkursprojekt f\u00fcr Besch\u00e4ftigte im Reinigungsbereich.<\/p>\n<p><img decoding=\"async\" alt=\"\" src=\"https:\/\/www.europesays.com\/de\/wp-content\/uploads\/2025\/07\/2025-07-10_vhs_deutschkurse_am_arbeitsplatz_speziell_0900_0700_sv.jpg&#038;crop=0x0x900x563&#038;resize=900x56.jpeg\" data-size=\"900x563\"\/>\u00a9 Andrea KiesendahlIn Essen gibt es ma\u00dfgeschneiderte Deutschkurse f\u00fcr den Berufsalltag<\/p>\n<p>Am Donnerstag (10.07.) startete ein innovatives Projekt der Volkshochschule (VHS) Essen in Zusammenarbeit mit der RGE Servicegesellschaft Essen mbH. Ziel ist es, Deutschunterricht direkt in den Arbeitsalltag zu integrieren. Neun Besch\u00e4ftigte der RGE nehmen w\u00f6chentlich an einem speziell entwickelten Berufssprachkurs teil, der auf die Anforderungen im Reinigungsbereich zugeschnitten ist.<\/p>\n<p>Der Kurs vermittelt Deutschkenntnisse auf B1-Niveau mit Fokus auf Fachwortschatz, Arbeitssicherheit und Kommunikation. Finanziert wird das Projekt gr\u00f6\u00dftenteils vom Bundesamt f\u00fcr Migration und Fl\u00fcchtlinge im Rahmen seines Programms f\u00fcr arbeitsplatzorientierte Berufssprachkurse. Die RGE \u00fcbernimmt alle weiteren Kosten f\u00fcr ihre Mitarbeitenden.<\/p>\n<p>Integration und Selbstvertrauen st\u00e4rken<\/p>\n<p>Tatjana Carvajal, Projektverantwortliche der VHS Essen, betont:<\/p>\n<blockquote><p>&#8222;Das neue Format baut Sprachbarrieren dort ab, wo sie im Arbeitsalltag auftreten.&#8220;<\/p><\/blockquote>\n<p>Der Kurs, der \u00fcber neun Monate l\u00e4uft, wird direkt in den R\u00e4umlichkeiten der RGE durchgef\u00fchrt. Lucas Jachens, Personalentwickler der RGE, erg\u00e4nzt:<\/p>\n<blockquote><p>&#8222;Dieser spezifische Deutschkurs erweitert unser langj\u00e4hriges Sprachenangebot und f\u00f6rdert unsere Mitarbeitenden optimal mit Blick auf ihren Berufsalltag.&#8220;<\/p><\/blockquote>\n<p>Das Projekt st\u00e4rkt nicht nur die berufliche Integration, sondern auch das Selbstvertrauen der Teilnehmenden in allt\u00e4glichen Situationen au\u00dferhalb des Arbeitsplatzes.<\/p>\n<p>Mehr Nachrichten aus Essen<\/p>\n","protected":false},"excerpt":{"rendered":"Ver\u00f6ffentlicht:\u00a0Mittwoch, 23.07.2025 05:34 Deutsch lernen direkt am Arbeitsplatz: Die VHS Essen und die RGE Servicegesellschaft starten ein innovatives&hellip;\n","protected":false},"author":2,"featured_media":286896,"comment_status":"","ping_status":"","sticky":false,"template":"","format":"standard","meta":{"footnotes":""},"categories":[1834],"tags":[14068,6494,3275,3364,29,3688,30,3659,1209,25156],"class_list":{"0":"post-286895","1":"post","2":"type-post","3":"status-publish","4":"format-standard","5":"has-post-thumbnail","7":"category-essen","8":"tag-lernen","9":"tag-gute-nachrichten","10":"tag-lokalnachrichten","11":"tag-de","12":"tag-deutschland","13":"tag-essen","14":"tag-germany","15":"tag-integration","16":"tag-nordrhein-westfalen","17":"tag-volkshochschule"},"share_on_mastodon":{"url":"https:\/\/pubeurope.com\/@de\/114900959638700488","error":""},"_links":{"self":[{"href":"https:\/\/www.europesays.com\/de\/wp-json\/wp\/v2\/posts\/286895","targetHints":{"allow":["GET"]}}],"collection":[{"href":"https:\/\/www.europesays.com\/de\/wp-json\/wp\/v2\/posts"}],"about":[{"href":"https:\/\/www.europesays.com\/de\/wp-json\/wp\/v2\/types\/post"}],"author":[{"embeddable":true,"href":"https:\/\/www.europesays.com\/de\/wp-json\/wp\/v2\/users\/2"}],"replies":[{"embeddable":true,"href":"https:\/\/www.europesays.com\/de\/wp-json\/wp\/v2\/comments?post=286895"}],"version-history":[{"count":0,"href":"https:\/\/www.europesays.com\/de\/wp-json\/wp\/v2\/posts\/286895\/revisions"}],"wp:featuredmedia":[{"embeddable":true,"href":"https:\/\/www.europesays.com\/de\/wp-json\/wp\/v2\/media\/286896"}],"wp:attachment":[{"href":"https:\/\/www.europesays.com\/de\/wp-json\/wp\/v2\/media?parent=286895"}],"wp:term":[{"taxonomy":"category","embeddable":true,"href":"https:\/\/www.europesays.com\/de\/wp-json\/wp\/v2\/categories?post=286895"},{"taxonomy":"post_tag","embeddable":true,"href":"https:\/\/www.europesays.com\/de\/wp-json\/wp\/v2\/tags?post=286895"}],"curies":[{"name":"wp","href":"https:\/\/api.w.org\/{rel}","templated":true}]}}